{"id":1273307,"date":"2026-09-01T06:24:18","date_gmt":"2026-09-01T06:24:18","guid":{"rendered":"https:\/\/www.europesays.com\/de\/1273307\/"},"modified":"2026-09-01T06:24:18","modified_gmt":"2026-09-01T06:24:18","slug":"klaus-mueller-10-jahre-stadtentwicklung-in-bottrop-und-kirchhellen","status":"publish","type":"post","link":"https:\/\/www.europesays.com\/de\/1273307\/","title":{"rendered":"Klaus M\u00fcller: 10 Jahre Stadtentwicklung in Bottrop und Kirchhellen"},"content":{"rendered":"<p>\t\tZehn Jahre im Amt<br \/>\n\t\t\t\t\tBottroper Baudezernent zieht Bilanz \u00fcber ein Jahrzehnt<\/p>\n<p>\t\t\t\t<a class=\"article-author__name\" href=\"https:\/\/www.dorstenerzeitung.de\/author\/aileen-kurkowiak\/\" rel=\"author nofollow noopener\" target=\"_blank\">Aileen Kurkowiak<\/a><br \/>\n\t\tFreie Mitarbeiterin<\/p>\n<p>    <a href=\"https:\/\/www.dorstenerzeitung.de\/wp-content\/uploads\/2026\/08\/31\/12\/630_0900_6769230_-1648x824.jpg\" rel=\"nofollow noopener\" target=\"_blank\"><\/p>\n<p>            <img loading=\"lazy\" decoding=\"async\" src=\"https:\/\/www.europesays.com\/de\/wp-content\/uploads\/2026\/09\/630_0900_6769229_-640x428.jpg\" width=\"640\" height=\"428\"  alt=\"Ein Portr\u00e4t von Klaus M\u00fcller. \"\/><\/p>\n<p>    <\/a><br \/>\n    Klaus M\u00fcller bekleidet am 1. September 2026 seit genau zehn Jahren das Amt des Technischen Beigeordneten der Stadt Bottrop. \u00a9 Martin Miser\u00e9  EGLV<\/p>\n<p class=\"article__teaser-text\">Ein Blick auf zehn Jahre voller Herausforderungen. Klaus M\u00fcller res\u00fcmiert ein Jahrzehnt St\u00e4dtebau in Bottrop und Kirchhellen.<\/p>\n<p>3 Min Lesezeit<\/p>\n<p>Erfolgreiche EntwicklungIC als gro\u00dfer MeilensteinDer Kreisverkehr kommt<\/p>\n","protected":false},"excerpt":{"rendered":"Zehn Jahre im Amt Bottroper Baudezernent zieht Bilanz \u00fcber ein Jahrzehnt Aileen Kurkowiak Freie Mitarbeiterin Klaus M\u00fcller bekleidet&hellip;\n","protected":false},"author":2,"featured_media":1273308,"comment_status":"","ping_status":"","sticky":false,"template":"","format":"standard","meta":{"footnotes":"","_share_on_mastodon":"0"},"categories":[1834],"tags":[3364,29,254080,3688,30,1209,3587],"class_list":["post-1273307","post","type-post","status-publish","format-standard","has-post-thumbnail","category-essen","tag-de","tag-deutschland","tag-dienstjubilaeum","tag-essen","tag-germany","tag-nordrhein-westfalen","tag-verkehr-mobilitaet"],"share_on_mastodon":{"url":"https:\/\/pubeurope.com\/@de\/117194356668666862","error":""},"_links":{"self":[{"href":"https:\/\/www.europesays.com\/de\/wp-json\/wp\/v2\/posts\/1273307","targetHints":{"allow":["GET"]}}],"collection":[{"href":"https:\/\/www.europesays.com\/de\/wp-json\/wp\/v2\/posts"}],"about":[{"href":"https:\/\/www.europesays.com\/de\/wp-json\/wp\/v2\/types\/post"}],"author":[{"embeddable":true,"href":"https:\/\/www.europesays.com\/de\/wp-json\/wp\/v2\/users\/2"}],"replies":[{"embeddable":true,"href":"https:\/\/www.europesays.com\/de\/wp-json\/wp\/v2\/comments?post=1273307"}],"version-history":[{"count":0,"href":"https:\/\/www.europesays.com\/de\/wp-json\/wp\/v2\/posts\/1273307\/revisions"}],"wp:featuredmedia":[{"embeddable":true,"href":"https:\/\/www.europesays.com\/de\/wp-json\/wp\/v2\/media\/1273308"}],"wp:attachment":[{"href":"https:\/\/www.europesays.com\/de\/wp-json\/wp\/v2\/media?parent=1273307"}],"wp:term":[{"taxonomy":"category","embeddable":true,"href":"https:\/\/www.europesays.com\/de\/wp-json\/wp\/v2\/categories?post=1273307"},{"taxonomy":"post_tag","embeddable":true,"href":"https:\/\/www.europesays.com\/de\/wp-json\/wp\/v2\/tags?post=1273307"}],"curies":[{"name":"wp","href":"https:\/\/api.w.org\/{rel}","templated":true}]}}