{"id":1273313,"date":"2026-09-01T06:27:21","date_gmt":"2026-09-01T06:27:21","guid":{"rendered":"https:\/\/www.europesays.com\/de\/1273313\/"},"modified":"2026-09-01T06:27:21","modified_gmt":"2026-09-01T06:27:21","slug":"transfer-fuenferpack-der-bvb-plan-fuer-den-deadline-day","status":"publish","type":"post","link":"https:\/\/www.europesays.com\/de\/1273313\/","title":{"rendered":"Transfer-F\u00fcnferpack? Der BVB-Plan f\u00fcr den Deadline Day"},"content":{"rendered":"<p>Konstantelias-Ausfall: BVB will Ersatz holen \u2013 aber wen?<\/p>\n<p>Nach dem bitteren Ausfall von <a href=\"https:\/\/www.fussballdaten.de\/person\/giannis-konstantelias\/\" title=\"Profil von Giannis Konstantelias\" rel=\"nofollow noopener\" target=\"_blank\">Giannis Konstantelias<\/a> sucht <a href=\"https:\/\/www.fussballdaten.de\/vereine\/borussia-dortmund\/\" title=\"Profil von Borussia Dortmund\" rel=\"nofollow noopener\" target=\"_blank\">Borussia Dortmund<\/a> nach einem Ersatz. Sportdirektor Ole Book und Sport-Gesch\u00e4ftsf\u00fchrer Lars Ricken zerbrechen sich seit dem Wochenende die K\u00f6pfe. W\u00e4hrend die Mannschaft zum DFB-Pokal-Auftakt nach Hamburg reist, bleiben die beiden Kaderplaner in Dortmund. Sie haben \u201eeinige Optionen, einige Alternativen\u201c im Blick, sagte Trainer <a href=\"https:\/\/www.fussballdaten.de\/person\/niko-kovac\/\" title=\"Profil von Niko Kovac\" rel=\"nofollow noopener\" target=\"_blank\">Niko Kovac<\/a> am Montag.<\/p>\n<p class=\"mb20 mt30\">Es scheint sicher, dass kurz vor Transferschluss noch ein neuer Spieler verpflichtet wird. Die Spuren zu <a href=\"https:\/\/www.fussballdaten.de\/person\/nick-woltemade\/\" title=\"Profil von Nick Woltemade\" rel=\"nofollow noopener\" target=\"_blank\">Nick Woltemade<\/a> (steht vor einer Leihe zu <a href=\"https:\/\/www.fussballdaten.de\/vereine\/juventus-turin\/\" title=\"Profil von Juventus Turin\" rel=\"nofollow noopener\" target=\"_blank\">Juventus Turin<\/a>) oder den vereinslosen <a href=\"https:\/\/www.fussballdaten.de\/person\/jadon-sancho\/\" title=\"Profil von Jadon Sancho\" rel=\"nofollow noopener\" target=\"_blank\">Jadon Sancho<\/a> und <a href=\"https:\/\/www.fussballdaten.de\/person\/reiss-nelson\/\" target=\"_blank\" rel=\"nofollow noopener\">Reiss Nelson<\/a> sind verwaist. Neben dem Zeitdruck und den wenigen verf\u00fcgbaren Optionen gibt es eine weitere H\u00fcrde: Das urspr\u00fcnglich f\u00fcr diesen Sommer geplante Budget ist aufgebraucht. Daher suchen Book und Ricken nach preiswerten Talenten oder einem Leihspieler.<\/p>\n<p class=\"mb20 mt30\">Aktuell gelten eine Leihe von Arsenals <a href=\"https:\/\/www.fussballdaten.de\/person\/ethan-nwaneri\/\" title=\"Profil von Ethan Nwaneri\" rel=\"nofollow noopener\" target=\"_blank\">Ethan Nwaneri<\/a> oder ein Transfer des polnischen Top-Talents <a href=\"https:\/\/www.fussballdaten.de\/person\/marcel-regula\/\" title=\"Profil von Marcel Regula\" rel=\"nofollow noopener\" target=\"_blank\">Marcel Regula<\/a> als die wahrscheinlichsten Optionen. <a href=\"https:\/\/www.fussballdaten.de\/news\/bvb-reagiert-konstantelias-verletzung-polnisches-talent-wechsel\/\" target=\"_blank\" rel=\"nofollow noopener\">Laut dem Portal &#8222;meczyki.pl&#8220; hat sich Regula bereits mit dem BVB geeinigt<\/a> und die Freigabe von seinem Verein <a href=\"https:\/\/www.fussballdaten.de\/vereine\/mks-zaglebie-lubin\/\" rel=\"nofollow noopener\" target=\"_blank\">Zaglebie Lubin <\/a>erhalten. Die Westfalen halten die Z\u00fcgel in der Hand. Es bleibt spannend an der Strobelallee.<\/p>\n<p>                        <img src=\"https:\/\/www.europesays.com\/de\/wp-content\/uploads\/2026\/08\/umfrage-kopf-icon.png\" alt=\"\" width=\"24\" height=\"24\" loading=\"lazy\" decoding=\"async\"\/><\/p>\n<p>        Deine Einsch\u00e4tzung ist gefragt!<\/p>\n<p class=\"fd-poll-frage\" id=\"poll-frage-106\">BVB sucht Konstantelias-Ersatz: Wer soll es werden?<\/p>\n<p>                    Ethan Nwaneri<\/p>\n<p>                    Marcel Regula<\/p>\n<p>                    Nick Woltemade (Juve-Leihe hijacken)<\/p>\n<p>                    Jadon Sancho<\/p>\n<p>                    Reiss Nelson<\/p>\n<p>                    Jemand anderes<\/p>\n<p>                    Ergebnis ansehen<br \/>\n                    Zur\u00fcck zur Abstimmung<\/p>\n<p>                    Umfrage unter unseren Nutzern\n        <\/p>\n<p class=\"mb20 mt30\"><b>Fussballdaten.de<\/b> ist am heutigen Deadline Day vor der Dortmunder Gesch\u00e4ftsstelle postiert. <a href=\"https:\/\/www.fussballdaten.de\/news\/bvb-deadline-day-transfer-ticker-nwaneri-regula-silva-reggiani-wechsel\/\" target=\"_blank\" rel=\"nofollow noopener\">Wir halten euch in einem Live-Ticker auf dem Laufenden.<\/a><\/p>\n<p>Silva, Reggiani, Mister X: Geht noch ein BVB-Profi von Bord?<\/p>\n<p class=\"mb20 mt30\">Auch auf der Abgangsseite kann sich in Dortmund etwas tun. Gesch\u00e4ftsf\u00fchrer Carsten Cramer schloss am Sonntag in der Sendung &#8222;Sky90&#8220; nicht aus, dass der Verein noch Spieler abgeben k\u00f6nnte. Konkrete Verkaufspl\u00e4ne gibt es allerdings nicht.<\/p>\n<p>                        <img src=\"https:\/\/www.europesays.com\/de\/wp-content\/uploads\/2026\/08\/umfrage-kopf-icon.png\" alt=\"\" width=\"24\" height=\"24\" loading=\"lazy\" decoding=\"async\"\/><\/p>\n<p>        Deine Einsch\u00e4tzung ist gefragt!<\/p>\n<p class=\"fd-poll-frage\" id=\"poll-frage-105\">Wen sollte der BVB noch abgeben?<\/p>\n<p class=\"fd-poll-mehrfach\">\n                Mehrfachauswahl m\u00f6glich (bis zu 3)            <\/p>\n<p>                    Fabio Silva<\/p>\n<p>                    Carney Chukwuemeka<\/p>\n<p>                    Luca Reggiani (Leihe)<\/p>\n<p>                    Marcel Sabitzer<\/p>\n<p>                    Jemand anderes<\/p>\n<p>                    Keinen<\/p>\n<p>                Abstimmen            <\/p>\n<p class=\"fd-poll-hinweis\" data-hinweis=\"\">\n<p>                                            W\u00e4hle deine Antworten und best\u00e4tige mit \u201eAbstimmen&#8220;.                                    <\/p>\n<p>                    Ergebnis ansehen<br \/>\n                    Zur\u00fcck zur Abstimmung<\/p>\n<p>                    Umfrage unter unseren Nutzern\n        <\/p>\n<p class=\"mb20 mt30\"><a href=\"https:\/\/www.fussballdaten.de\/person\/fabio-silva-1\/\" title=\"Profil von Fabio Silva\" rel=\"nofollow noopener\" target=\"_blank\">Fabio Silva<\/a> ist zunehmend unzufrieden mit seiner Spielzeit und wurde bereits mit einem Wechsel nach Spanien oder in die Niederlande in Verbindung gebracht. Niko Kovac sieht den Portugiesen ausschlie\u00dflich im Sturmzentrum und nicht als potenziellen Ersatz f\u00fcr den verletzten Konstantelias. Sollte also ein passenden Angebot eingehen, k\u00f6nnte sich noch etwas ergeben. Mehrere Transferfenster im Ausland sind noch eine Weile ge\u00f6ffnet.<\/p>\n<p class=\"mb20 mt30\">Auch <a href=\"https:\/\/www.fussballdaten.de\/person\/luca-reggiani\/\" title=\"Profil von Luca Reggiani\" rel=\"nofollow noopener\" target=\"_blank\">Luca Reggiani<\/a> und <a href=\"https:\/\/www.fussballdaten.de\/person\/carney-chukwuemeka\/\" title=\"Profil von Carney Chukwuemeka\" rel=\"nofollow noopener\" target=\"_blank\">Carney Chukwuemeka<\/a> gelten als m\u00f6gliche Abg\u00e4nge. F\u00fcr Reggiani ist eine Last-Minute-Leihe denkbar. Laut Transferjournalist Gianluca Di Marzio hat der englische Zweitligist <a href=\"https:\/\/www.fussballdaten.de\/vereine\/fc-southampton\/\" title=\"Profil von FC Southampton\" rel=\"nofollow noopener\" target=\"_blank\">Southampton<\/a> ein konkretes Angebot abgegeben. Das 19-j\u00e4hrige Innenverteidigertalent ist beim BVB in der Hierarchie hinter Landsmann <a href=\"https:\/\/www.fussballdaten.de\/person\/filippo-mane\/\" title=\"Profil von Filippo Mane\" rel=\"nofollow noopener\" target=\"_blank\">Filippo Mane<\/a> zur\u00fcckgefallen. Wenn die Langzeitverletzten <a href=\"https:\/\/www.fussballdaten.de\/person\/nico-schlotterbeck\/\" title=\"Profil von Nico Schlotterbeck \" rel=\"nofollow noopener\" target=\"_blank\">Nico Schlotterbeck <\/a>und <a href=\"https:\/\/www.fussballdaten.de\/person\/emre-can\/\" rel=\"nofollow noopener\" target=\"_blank\">Emre Can <\/a>im Laufe der Saison zur\u00fcckkehren, sehen Reggianis Aussichten d\u00fcster aus.<\/p>\n<p class=\"mb20 mt30\">Chukwuemeka w\u00e4re ein Verkaufskandidat. Laut Kovac k\u00f6nnte er jedoch auch Konstantelias&#8216; Rolle \u00fcbernehmen. Auf dieser Position hat er immerhin seine besten Leistungen im BVB-Trikot gezeigt. K\u00f6nnte der immer wieder von Verletzungen geplagte \u00d6sterreicher \u00fcberraschend von der bitteren Verletzung des Neuzugangs profitieren?<\/p>\n<p>Nur noch vierte Wahl: Was passiert mit Sabitzer?<\/p>\n<p class=\"mb20 mt30\">Ein Abgang von <a href=\"https:\/\/www.fussballdaten.de\/person\/marcel-sabitzer\/\" title=\"Profil von Marcel Sabitzer\" rel=\"nofollow noopener\" target=\"_blank\">Marcel Sabitzer<\/a> ist weiterhin nicht ausgeschlossen. Durch die Verpflichtung von <a href=\"https:\/\/www.fussballdaten.de\/person\/joey-veerman\/\" title=\"Profil von Joey Veerman\" rel=\"nofollow noopener\" target=\"_blank\">Joey Veerman<\/a> ist er in der internen Rangordnung abgerutscht. Auch <a href=\"https:\/\/www.fussballdaten.de\/person\/jobe-bellingham\/\" title=\"Profil von Jobe Bellingham\" rel=\"nofollow noopener\" target=\"_blank\">Jobe Bellingham<\/a> und <a href=\"https:\/\/www.fussballdaten.de\/person\/felix-nmecha\/\" title=\"Profil von Felix Nmecha\" rel=\"nofollow noopener\" target=\"_blank\">Felix Nmecha<\/a> haben klar die Nase vorn. Der 32-J\u00e4hrige wird in der kommenden Saison wohl deutlich weniger Spielpraxis bekommen \u2013 oder macht noch den Abflug.<\/p>\n<p class=\"mb20 mt30\">Die Schwarzgelben w\u00fcrden sein \u00fcppiges Gehalt von bis zu acht Millionen gerne einsparen. Konkrete Ger\u00fcchte gibt es derzeit jedoch nicht. Medienberichten zufolge w\u00fcrde Sabitzer den BVB nur f\u00fcr einen Champions-League-Vertreter oder einen Klub aus Saudi-Arabien verlassen. Die T\u00fcr steht aber offen.<\/p>\n","protected":false},"excerpt":{"rendered":"Konstantelias-Ausfall: BVB will Ersatz holen \u2013 aber wen? Nach dem bitteren Ausfall von Giannis Konstantelias sucht Borussia Dortmund&hellip;\n","protected":false},"author":2,"featured_media":1273314,"comment_status":"","ping_status":"","sticky":false,"template":"","format":"standard","meta":{"footnotes":"","_share_on_mastodon":"0"},"categories":[1833],"tags":[888,299,403,262903,23436,3364,99226,29,217,95170,123216,30,78260,182057,262901,1209,262902],"class_list":["post-1273313","post","type-post","status-publish","format-standard","has-post-thumbnail","category-dortmund","tag-borussia-dortmund","tag-bundesliga","tag-bvb","tag-bvb-transfers","tag-carney-chukwuemeka","tag-de","tag-deadline-day","tag-deutschland","tag-dortmund","tag-fabio-silva","tag-fussball-news","tag-germany","tag-giannis-konstantelias","tag-luca-reggiani","tag-marcel-regula-marcel-wojciech-regula","tag-nordrhein-westfalen","tag-transfer-news"],"share_on_mastodon":{"url":"https:\/\/pubeurope.com\/@de\/117194372760508387","error":""},"_links":{"self":[{"href":"https:\/\/www.europesays.com\/de\/wp-json\/wp\/v2\/posts\/1273313","targetHints":{"allow":["GET"]}}],"collection":[{"href":"https:\/\/www.europesays.com\/de\/wp-json\/wp\/v2\/posts"}],"about":[{"href":"https:\/\/www.europesays.com\/de\/wp-json\/wp\/v2\/types\/post"}],"author":[{"embeddable":true,"href":"https:\/\/www.europesays.com\/de\/wp-json\/wp\/v2\/users\/2"}],"replies":[{"embeddable":true,"href":"https:\/\/www.europesays.com\/de\/wp-json\/wp\/v2\/comments?post=1273313"}],"version-history":[{"count":0,"href":"https:\/\/www.europesays.com\/de\/wp-json\/wp\/v2\/posts\/1273313\/revisions"}],"wp:featuredmedia":[{"embeddable":true,"href":"https:\/\/www.europesays.com\/de\/wp-json\/wp\/v2\/media\/1273314"}],"wp:attachment":[{"href":"https:\/\/www.europesays.com\/de\/wp-json\/wp\/v2\/media?parent=1273313"}],"wp:term":[{"taxonomy":"category","embeddable":true,"href":"https:\/\/www.europesays.com\/de\/wp-json\/wp\/v2\/categories?post=1273313"},{"taxonomy":"post_tag","embeddable":true,"href":"https:\/\/www.europesays.com\/de\/wp-json\/wp\/v2\/tags?post=1273313"}],"curies":[{"name":"wp","href":"https:\/\/api.w.org\/{rel}","templated":true}]}}