{"id":1273315,"date":"2026-09-01T06:29:18","date_gmt":"2026-09-01T06:29:18","guid":{"rendered":"https:\/\/www.europesays.com\/de\/1273315\/"},"modified":"2026-09-01T06:29:18","modified_gmt":"2026-09-01T06:29:18","slug":"steigenberger-icon-grandhotel-handelshof-christian-mueller-uebernimmt-in-leipzig","status":"publish","type":"post","link":"https:\/\/www.europesays.com\/de\/1273315\/","title":{"rendered":"Steigenberger Icon Grandhotel Handelshof: Christian M\u00fcller \u00fcbernimmt in Leipzig"},"content":{"rendered":"<p>\t\t\t\t\t\t31. August 2026<\/p>\n<p>\n\t\t\t\t\t\tAb sofort zeichnet Christian M\u00fcller als neuer K\u00fcchenchef der Brasserie Le Grand im Steigenberger Icon Grandhotel Handelshof verantwortlich. Mit seinem Start setzt das Restaurant auf ein modernes kulinarisches Konzept, das klassische Handwerkstradition mit zeitgem\u00e4\u00dfer Leichtigkeit verbindet. M\u00fcller bringt internationale Erfahrung, regionale Verbundenheit und echte Leidenschaft f\u00fcr eine nahbare, moderne Gastronomie in das Luxushotel mit.\n\t\t\t\t\t<\/p>\n<p>Mit charaktervollen Gerichten und handwerklicher Raffinesse f\u00fcgt sich Christian M\u00fcller perfekt in das Profil der Brasserie ein. Zuletzt leitete der geb\u00fcrtige Leipziger diverse Restaurants und ein Caf\u00e9haus in seiner Heimatstadt. Neben seinem Engagement in Fachgremien sowie der Cha\u00eene des R\u00f4tisseurs zur Nachwuchsf\u00f6rderung, ist er einem breiteren Publikum durch die regionale TV-Sendung \u201eOma\u2019s K\u00fcche\u201c bekannt.<\/p>\n<p>Von 2008 bis 2018 sammelte M\u00fcller umfangreiche Erfahrungen in Hessen und Rheinland-Pfalz, darunter im Hotel Oranien Wiesbaden und im Weingut Espenhof, sowie im Event-Bereich, etwa bei der TSG Hoffenheim. Bereits mit 24 Jahren \u00fcbernahm er die K\u00fcchenleitung im Restaurant Burg Crass in Eltville. Seine berufliche Basis legte er durch eine Ausbildung in Garmisch-Partenkirchen sowie internationale Stationen in Italien und Spanien.<\/p>\n<p>Christian M\u00fcller freut sich auf die neue Aufgabe: \u201eJede meiner Stationen und Reisen hat mir neue Perspektiven aufgezeigt und Einblicke geschenkt. Im Le Grand m\u00f6chte ich eine moderne Brasserie-K\u00fcche etablieren, die vor allem entspannt, zeitgem\u00e4\u00df und voller Leben ist.\u201c<\/p>\n<p>Charlotte Holtmann, General Manager des Steigenberger Icon Grandhotel Handelshof, blickt der Zusammenarbeit ebenfalls mit gro\u00dfer Vorfreude entgegen: \u201eWir hei\u00dfen Christian M\u00fcller bei uns im Team herzlich willkommen. Mit ihm gewinnen wir einen K\u00fcchenchef, der fachliche Exzellenz, kreatives Handwerk und eine klare Vision vereint \u2013 und zugleich eine besondere Verbindung zu Leipzig mitbringt. Sein Start steht f\u00fcr neue Impulse, Qualit\u00e4t und die konsequente Weiterentwicklung unseres gastronomischen Profils. Wir sind \u00fcberzeugt, dass seine Erfahrung, seine nahbare Art und sein Blick f\u00fcr die Region unsere K\u00fcche nachhaltig pr\u00e4gen und die Position der Brasserie Le Grand als feine, aber unkomplizierte Adresse in Leipzig weiter festigen werden.\u201c<\/p>\n<p>\u00a0<\/p>\n","protected":false},"excerpt":{"rendered":"31. August 2026 Ab sofort zeichnet Christian M\u00fcller als neuer K\u00fcchenchef der Brasserie Le Grand im Steigenberger Icon&hellip;\n","protected":false},"author":2,"featured_media":1273316,"comment_status":"","ping_status":"","sticky":false,"template":"","format":"standard","meta":{"footnotes":"","_share_on_mastodon":"0"},"categories":[1832],"tags":[140310,3364,29,30,153115,182195,6306,39216,262904,71,859,48635],"class_list":["post-1273315","post","type-post","status-publish","format-standard","has-post-thumbnail","category-leipzig","tag-christian-mueller","tag-de","tag-deutschland","tag-germany","tag-grandhotel","tag-handelshof","tag-hotel","tag-icon","tag-k-leipzig","tag-leipzig","tag-sachsen","tag-steigenberger"],"share_on_mastodon":{"url":"","error":""},"_links":{"self":[{"href":"https:\/\/www.europesays.com\/de\/wp-json\/wp\/v2\/posts\/1273315","targetHints":{"allow":["GET"]}}],"collection":[{"href":"https:\/\/www.europesays.com\/de\/wp-json\/wp\/v2\/posts"}],"about":[{"href":"https:\/\/www.europesays.com\/de\/wp-json\/wp\/v2\/types\/post"}],"author":[{"embeddable":true,"href":"https:\/\/www.europesays.com\/de\/wp-json\/wp\/v2\/users\/2"}],"replies":[{"embeddable":true,"href":"https:\/\/www.europesays.com\/de\/wp-json\/wp\/v2\/comments?post=1273315"}],"version-history":[{"count":0,"href":"https:\/\/www.europesays.com\/de\/wp-json\/wp\/v2\/posts\/1273315\/revisions"}],"wp:featuredmedia":[{"embeddable":true,"href":"https:\/\/www.europesays.com\/de\/wp-json\/wp\/v2\/media\/1273316"}],"wp:attachment":[{"href":"https:\/\/www.europesays.com\/de\/wp-json\/wp\/v2\/media?parent=1273315"}],"wp:term":[{"taxonomy":"category","embeddable":true,"href":"https:\/\/www.europesays.com\/de\/wp-json\/wp\/v2\/categories?post=1273315"},{"taxonomy":"post_tag","embeddable":true,"href":"https:\/\/www.europesays.com\/de\/wp-json\/wp\/v2\/tags?post=1273315"}],"curies":[{"name":"wp","href":"https:\/\/api.w.org\/{rel}","templated":true}]}}