{"id":1273317,"date":"2026-09-01T06:31:22","date_gmt":"2026-09-01T06:31:22","guid":{"rendered":"https:\/\/www.europesays.com\/de\/1273317\/"},"modified":"2026-09-01T06:31:22","modified_gmt":"2026-09-01T06:31:22","slug":"rb-am-transfer-deadline-day-an-diesen-wechseln-arbeitet-leipzig-mit-hochdruck","status":"publish","type":"post","link":"https:\/\/www.europesays.com\/de\/1273317\/","title":{"rendered":"RB am Transfer Deadline Day: An diesen Wechseln arbeitet Leipzig mit Hochdruck"},"content":{"rendered":"<p class=\"fp-paragraph\"><strong>Leipzig<\/strong>\u00a0\u2013 RB Leipzig hat auf den letzten Dr\u00fccker noch jede Menge zu tun auf dem Transfermarkt. Zwei Spieler sollen noch verpflichtet werden, bis zu f\u00fcnf den Klub verlassen. Die \u00dcbersicht:<\/p>\n<p>Geplante Zug\u00e4nge bei RB Leipzig<\/p>\n<p class=\"fp-paragraph\"><strong>Marc Guiu:<\/strong> <a href=\"https:\/\/rblive.de\/transfer-geruechte\/trotz-null-premier-league-toren-rb-vor-verpflichtung-sturmtalent-guiu-vom-fc-chelsea-4309817\" rel=\"nofollow noopener\" target=\"_blank\">Das Mittelst\u00fcrmer-Talent vom FC Chelsea<\/a> soll nach bestandenem Medizincheck laut RBlive-Informationen an diesem Dienstagvormittag bei RB Leipzig unterschreiben. Guiu kostet etwa 17 Millionen Euro \u2013 in diesem Sommer geradezu ein Schn\u00e4ppchen f\u00fcr einen St\u00fcrmer \u2013\u00a0und soll einen langfristigen Vertrag bis 2031 unterschreiben. Der 1,87 Meter lange U21-Nationalspieler hat die ber\u00fchmte La-Masia-Schule des FC Barcelona durchlaufen und kommt nun vom FC Chelsea nach Leipzig, wo er allerdings in den vergangenen beiden Jahren kaum gespielt und kein einziges Premier-League-Tor erzielt hat. Doch Guiu ist eine Investition in die Zukunft, die die Verantwortlichen ihm bei RB eher zutrauen als Conrad Harder.<\/p>\n<p class=\"fp-paragraph\"><strong>Neil El Aynaoui:<\/strong>\u00a0Ganz am Ende eines langen und schwierigen Transferfensters im WM-Jahr, in dem die Preise f\u00fcr begehrte Offensivspieler durch die Decke gegangen sind, hat RB wohl den Nachfolger f\u00fcr Xaver Schlager gefunden. Noch war der am Sonntag publik gewordene Transfer am Montag nicht in trockenen T\u00fcchern, <a href=\"https:\/\/rblive.de\/transfer-geruechte\/kaderplanung-abgeschlossen-rb-entscheidet-sich-wohl-fuer-wm-star-aus-marokko-4310350\" rel=\"nofollow noopener\" target=\"_blank\">doch RB arbeitet weiter mit Hochdruck an der Verpflichtung des Marokkaners<\/a>. Laut Medienberichten wollte Crystal Palace noch hereingr\u00e4tschen. Die Leihgeb\u00fchr f\u00fcr den Achter soll etwa vier Millionen Euro betragen; durch eine Kaufoption k\u00f6nnte El Aynaoui, der jedes WM-Spiel f\u00fcr sein Heimatland als Stammspieler bestritten hat, im kommenden Jahr f\u00fcr weitere 25 Millionen Euro fix Leipziger werden.<\/p>\n<p>Sohn von Tennisprofi Younes El Aynaoui<\/p>\n<p class=\"fp-paragraph\">Der 1,85-Meter-Mann \u2013 Sohn von Ex-Tennisprofi Younes El Aynaoui \u2013 ist der gew\u00fcnschte Box-to-box-Spieler, den RB Leipzig schon seit Jahren sucht. Die Verpflichtung des marokkanische Antreibers und Taktgebers im Mittelfeld w\u00e4re ein kluger Transfer an einer wichtigen Schaltstelle im RB-Spiel.<\/p>\n<p class=\"fp-paragraph\"><strong>Malick Fofana:<\/strong> Der 21-j\u00e4hrige von Olympique Lyon ist ein h\u00f6chst spannender Spieler und wurde am Montag pl\u00f6tzlich mit RB in Verbindung gebracht. Doch an dem Ger\u00fccht ist offenbar nichts dran.\u00a0<\/p>\n<p>Geplante Abg\u00e4nge bei RB Leipzig<\/p>\n<p class=\"fp-paragraph\"><strong>Conrad Harder:<\/strong>\u00a0Der h\u00e4ufig zu ungest\u00fcme Sturmb\u00fcffel verabschiedete sich am Samstag von den Kollegen und soll nach Frankreich zu Racing Stra\u00dfbourg wechseln. Harder kam vor einem Jahr als Last-Second-Transfer mit viel Vorschusslorbeeren und maximal selbstbewusst von Sporting Lissabon, konnte aber die hohe Abl\u00f6se von 24 Millionen Euro nicht rechtfertigen. Doch Harder wird zun\u00e4chst nur ein Jahr ausgeliehen \u2013 ohne Kaufoption.<\/p>\n<p class=\"fp-paragraph\"><strong>Suleman Sani:<\/strong>\u00a0Dieser Transfer ist wirtschaftlich ein Kunstst\u00fcck: Der Wechsel des Nigerianers aus der Slowakei war ein komplettes Missverst\u00e4ndnis. Nun wird der Fl\u00fcgelst\u00fcrmer nach nur einem guten halben Jahr ohne eine einzige Spielsekunde bei RB an Saudi-Klub Al Qadsiah weiterverschoben \u2013 mit drei Millionen Euro Gewinn. Wie es dem 19-J\u00e4hrigen damit geht, Spekulationsobjekt zu sein, steht auf einem anderen Blatt.<\/p>\n<p>Bitshiabu zu Red Bull Salzburg?<\/p>\n<p class=\"fp-paragraph\"><strong>El Chadaille Bitshiabu:<\/strong>\u00a0Nach der <a href=\"https:\/\/rblive.de\/news\/muessen-nicht-luegen-kaufoption-laesst-bitshiabu-leihe-von-rb-zu-lens-platzen-4310932\" rel=\"nofollow noopener\" target=\"_blank\">geplatzten Leihe zu Lens<\/a> braucht Rasenballsport einen anderen Abnehmer f\u00fcr den langen Abwehrspieler, dem sonst angesichts der Konkurrenz wie Castello Lukeba und Maxime Esteve Ersatzbank und Trib\u00fcne drohen. Angeblich soll Bitshiabu laut Medienberichten nun an Red Bull Salzburg verliehen werden, doch das ist nach RBlive-Informationen\u00a0 nicht korrekt. Demnach soll \u201eChad\u201d nicht an Salzburg verliehen werden. Eine konkrete Spur ist derzeit nicht \u00f6ffentlich.<\/p>\n<p class=\"fp-paragraph\"><strong>Arthur Vermeeren:<\/strong>\u00a0Vermeeren hat eine starke Vorbereitung gespielt und durfte sich am Samstag beim Bundesligaauftakt sogar f\u00fcr zehn Minuten zeigen. Doch f\u00fcr den Belgier gibt es derzeit keine wirkliche Wechseloption, sodass derzeit vieles auf einen Verbleib hindeutet.<\/p>\n<p class=\"fp-paragraph\"><strong>Ayodele Thomas:<\/strong>\u00a0Der im Winter geholte, aber bislang nicht in Leipzig angekommene Linksau\u00dfen soll Spielpraxis in seiner Heimat sammeln. Laut Sky ist Mittelklasseklub NEC Nijmwegen an einer Leihe interessiert.<\/p>\n<p class=\"fp-paragraph\"><strong>Joyeux Masanka Bungi:<\/strong>\u00a0Der Teenager soll Spielpraxis sammeln, es wird eine Leihe gepr\u00fcft.<\/p>\n<p><img loading=\"lazy\" decoding=\"async\" src=\"https:\/\/www.europesays.com\/de\/wp-content\/uploads\/2026\/09\/33db49edd84147f89377fb086f9512fe.gif\" width=\"1\" height=\"1\" alt=\"&gt;&lt;\/div&gt;&lt;\/div&gt;&lt;div class=\" fp-container__small=\"\"\/><a class=\"fp-article-block__social-media--button\" rel=\"noopener noreferrer nofollow\" target=\"_blank\" data-service=\"facebook\" href=\"https:\/\/www.facebook.com\/sharer\/sharer.php?u=https%3A%2F%2Frblive.de%2Ftransfer-geruechte%2Frb-am-transfer-deadline-day-an-diesen-wechseln-arbeitet-leipzig-mit-hochdruck-4311154\"> <\/a><a class=\"fp-article-block__social-media--button\" rel=\"noopener noreferrer nofollow\" target=\"_blank\" data-service=\"twitter\" href=\"https:\/\/twitter.com\/intent\/tweet?url=https%3A%2F%2Frblive.de%2Ftransfer-geruechte%2Frb-am-transfer-deadline-day-an-diesen-wechseln-arbeitet-leipzig-mit-hochdruck-4311154&amp;text=RB%20am%20Transfer%20Deadline%20Day%3A%20An%20diesen%20Wechseln%20arbeitet%20Leipzig%20mit%20Hochdruck\"><\/a><script async src=\"https:\/\/platform.twitter.com\/widgets.js\" charset=\"utf-8\"><\/script><\/p>\n","protected":false},"excerpt":{"rendered":"Leipzig\u00a0\u2013 RB Leipzig hat auf den letzten Dr\u00fccker noch jede Menge zu tun auf dem Transfermarkt. Zwei Spieler&hellip;\n","protected":false},"author":2,"featured_media":1273318,"comment_status":"","ping_status":"","sticky":false,"template":"","format":"standard","meta":{"footnotes":"","_share_on_mastodon":"0"},"categories":[1832],"tags":[3364,29,30,71,859],"class_list":["post-1273317","post","type-post","status-publish","format-standard","has-post-thumbnail","category-leipzig","tag-de","tag-deutschland","tag-germany","tag-leipzig","tag-sachsen"],"share_on_mastodon":{"url":"https:\/\/pubeurope.com\/@de\/117194386499075651","error":""},"_links":{"self":[{"href":"https:\/\/www.europesays.com\/de\/wp-json\/wp\/v2\/posts\/1273317","targetHints":{"allow":["GET"]}}],"collection":[{"href":"https:\/\/www.europesays.com\/de\/wp-json\/wp\/v2\/posts"}],"about":[{"href":"https:\/\/www.europesays.com\/de\/wp-json\/wp\/v2\/types\/post"}],"author":[{"embeddable":true,"href":"https:\/\/www.europesays.com\/de\/wp-json\/wp\/v2\/users\/2"}],"replies":[{"embeddable":true,"href":"https:\/\/www.europesays.com\/de\/wp-json\/wp\/v2\/comments?post=1273317"}],"version-history":[{"count":0,"href":"https:\/\/www.europesays.com\/de\/wp-json\/wp\/v2\/posts\/1273317\/revisions"}],"wp:featuredmedia":[{"embeddable":true,"href":"https:\/\/www.europesays.com\/de\/wp-json\/wp\/v2\/media\/1273318"}],"wp:attachment":[{"href":"https:\/\/www.europesays.com\/de\/wp-json\/wp\/v2\/media?parent=1273317"}],"wp:term":[{"taxonomy":"category","embeddable":true,"href":"https:\/\/www.europesays.com\/de\/wp-json\/wp\/v2\/categories?post=1273317"},{"taxonomy":"post_tag","embeddable":true,"href":"https:\/\/www.europesays.com\/de\/wp-json\/wp\/v2\/tags?post=1273317"}],"curies":[{"name":"wp","href":"https:\/\/api.w.org\/{rel}","templated":true}]}}