{"id":1273322,"date":"2026-09-01T06:35:16","date_gmt":"2026-09-01T06:35:16","guid":{"rendered":"https:\/\/www.europesays.com\/de\/1273322\/"},"modified":"2026-09-01T06:35:16","modified_gmt":"2026-09-01T06:35:16","slug":"pol-aa-rems-murr-kreis-reifen-aufgestochen-einbrueche-verkehrsunfaelle","status":"publish","type":"post","link":"https:\/\/www.europesays.com\/de\/1273322\/","title":{"rendered":"POL-AA: Rems-Murr-Kreis: Reifen aufgestochen &#8211; Einbr\u00fcche &#8211; Verkehrsunf\u00e4lle &#8211; &#8230;"},"content":{"rendered":"<p class=\"date\">01.09.2026 \u2013 07:28<\/p>\n<p class=\"customer\">\n                        <a class=\"story-customer\" title=\"weiter zum newsroom von Polizeipr\u00e4sidium Aalen\" href=\"https:\/\/www.presseportal.de\/blaulicht\/nr\/110969\" rel=\"nofollow noopener\" target=\"_blank\">Polizeipr\u00e4sidium Aalen<\/a>\n                    <\/p>\n<p><a data-category=\"citylink-story-view\" data-action=\"click\" data-label=\"Citylink in Meldungsansicht\" class=\"story-city event-trigger\" href=\"https:\/\/www.presseportal.de\/regional\/Aalen\" title=\"News aus Aalen \" rel=\"nofollow noopener\" target=\"_blank\">Aalen<\/a> (ots)<\/p>\n<p>Waiblingen:  Reifen aufgestochen<\/p>\n<p>Zwischen Sonntag, 0 Uhr und Montag, 12:00 Uhr wurde im Schwalbenweg ein Reifen eines geparkten VW aufgestochen. Das Polizeirevier Waiblingen hat die Ermittlungen aufgenommen und bittet unter der Telefonnummer 07151 950422 um Zeugenhinweise.<\/p>\n<p>Remshalden: Mit geparktem Auto kollidiert<\/p>\n<p>Eine 18-j\u00e4hrige BMW-Fahrerin befuhr am Montagabend gegen 22:40 Uhr die Stuttgarter Stra\u00dfe und kollidierte hierbei mit einem geparkten Toyota. Beide Autos waren nach dem Unfall nicht mehr fahrbereit und mussten abgeschleppt werden. Der Schaden an den beiden Pkw wird auf 35.000 Euro gesch\u00e4tzt.<\/p>\n<p>Winnenden-Schelmenholz: Wohnungseinbruch<\/p>\n<p>Am Montag in der Zeit zwischen 4:15 Uhr und 15:10 Uhr verschafften sich bisher unbekannte Diebe Zugang zu einer Wohnung in einem Mehrfamilienhaus in der Stra\u00dfe Schiefersee und durchsuchten diese nach Wertgegenst\u00e4nden. Nach derzeitigem Ermittlungsstand wurde ein schwarzer Rucksack, in dem sich u.a. ein vierstelliger Bargeldbetrag befand, gestohlen. Das Polizeirevier Winnenden hat die Ermittlungen zur Tat aufgenommen und bittet unter der Telefonnummer 07195 6940 um Zeugenhinweise.<\/p>\n<p>Schorndorf: Einbruch<\/p>\n<p>Zwischen Donnerstagmittag und Montagnachmittag brachen bisher unbekannte Diebe in ein Wohnhaus in der Johannesstra\u00dfe ein. Anschlie\u00dfend durchsuchten sie das Haus nach Wertgegenst\u00e4nden und entwendeten Bargeld, Schmuck und Goldm\u00fcnzen. Zudem verursachten die T\u00e4ter ca. 2000 Euro Sachschaden. Zeugenhinweise nimmt das Polizeirevier Schorndorf unter der Telefonnummer 07181 2040 entgegen.<\/p>\n<p>Schorndorf: Unfallflucht<\/p>\n<p>Am Montag zwischen 14 Uhr und 16:50 Uhr besch\u00e4digte ein bisher unbekannter Autofahrer einen Opel Astra, der in der Johann-Philipp-Palm-Stra\u00dfe auf den Parkpl\u00e4tzen einer Bankfiliale geparkt war. Anschlie\u00dfend fuhr der Verursacher weiter, ohne sich um den verursachten Schaden von rund 1000 Euro zu k\u00fcmmern. Hinweise zum bisher unbekannten Autofahrer nimmt das Polizeirevier Schorndorf unter der Telefonnummer 07181 2040 entgegen.<\/p>\n<p>Schorndorf: Fahrzeugbrand<\/p>\n<p>Ein Mercedes-Fahrer befuhr am Montag gegen 13:25 Uhr die L 1225 von Schorndorf in Richtung G\u00f6ppingen. Auf H\u00f6he Unterberken bemerkte er, dass es aus dem Motorraum raucht und stellte sein Fahrzeug am Stra\u00dfenrand ab. Der Mann versuchte zun\u00e4chst noch selbstst\u00e4ndig, das Feuer mit einem Feuerl\u00f6scher zu l\u00f6schen, der Pkw befand sich kurze Zeit sp\u00e4ter allerdings bereits im Vollbrand. Die Freiwillige Feuerwehr Schorndorf kam mit f\u00fcnf Fahrzeugen und 35 Einsatzkr\u00e4ften vor Ort und l\u00f6schte das Feuer. Ein Feuerwehrmann wurde bei den L\u00f6scharbeiten leicht verletzt. Am Pkw (Verbrennermotor) entstand Totalschaden, die Schadensh\u00f6he wird auf 10.000 Euro gesch\u00e4tzt. Ein technischer Defekt gilt als wahrscheinliche Brandursache. Die Stra\u00dfe musste f\u00fcr ca. eine Stunde gesperrt werden.<\/p>\n<p class=\"contact-headline\">R\u00fcckfragen bitte an:<\/p>\n<p class=\"contact-text\">Polizeipr\u00e4sidium Aalen<br \/>Stabsstelle \u00d6ffentlichkeitsarbeit<br \/>B\u00f6hmerwaldstra\u00dfe 20<br \/>73431 Aalen<br \/>Telefon: 07361\/580-106<br \/>E-Mail: <a href=\"https:\/\/www.presseportal.de\/blaulicht\/pm\/110969\/mailto:Aalen.pp.sts.oe@polizei.bwl.de\" class=\"uri-mailto\" rel=\"nofollow noopener\" target=\"_blank\">Aalen.pp.sts.oe@polizei.bwl.de<\/a><br \/><a target=\"_blank\" class=\"uri-ext outbound\" rel=\"noopener nofollow\" href=\"https:\/\/www.polizei-bw.de\/\">https:\/\/www.polizei-bw.de\/<\/a><\/p>\n<p class=\"originator\">Original-Content von: Polizeipr\u00e4sidium Aalen, \u00fcbermittelt durch news aktuell<\/p>\n","protected":false},"excerpt":{"rendered":"01.09.2026 \u2013 07:28 Polizeipr\u00e4sidium Aalen Aalen (ots) Waiblingen: Reifen aufgestochen Zwischen Sonntag, 0 Uhr und Montag, 12:00 Uhr&hellip;\n","protected":false},"author":2,"featured_media":1266941,"comment_status":"","ping_status":"","sticky":false,"template":"","format":"standard","meta":{"footnotes":"","_share_on_mastodon":"0"},"categories":[1830],"tags":[1634,6187,3364,29,30,177,121,178,180,179,181,1441],"class_list":["post-1273322","post","type-post","status-publish","format-standard","has-post-thumbnail","category-stuttgart","tag-baden-wuerttemberg","tag-bw","tag-de","tag-deutschland","tag-germany","tag-kriminalitt","tag-polizei","tag-presse","tag-pressemeldung","tag-pressemitteilung","tag-pressemitteilungen","tag-stuttgart"],"share_on_mastodon":{"url":"https:\/\/pubeurope.com\/@de\/117194399805103267","error":""},"_links":{"self":[{"href":"https:\/\/www.europesays.com\/de\/wp-json\/wp\/v2\/posts\/1273322","targetHints":{"allow":["GET"]}}],"collection":[{"href":"https:\/\/www.europesays.com\/de\/wp-json\/wp\/v2\/posts"}],"about":[{"href":"https:\/\/www.europesays.com\/de\/wp-json\/wp\/v2\/types\/post"}],"author":[{"embeddable":true,"href":"https:\/\/www.europesays.com\/de\/wp-json\/wp\/v2\/users\/2"}],"replies":[{"embeddable":true,"href":"https:\/\/www.europesays.com\/de\/wp-json\/wp\/v2\/comments?post=1273322"}],"version-history":[{"count":0,"href":"https:\/\/www.europesays.com\/de\/wp-json\/wp\/v2\/posts\/1273322\/revisions"}],"wp:featuredmedia":[{"embeddable":true,"href":"https:\/\/www.europesays.com\/de\/wp-json\/wp\/v2\/media\/1266941"}],"wp:attachment":[{"href":"https:\/\/www.europesays.com\/de\/wp-json\/wp\/v2\/media?parent=1273322"}],"wp:term":[{"taxonomy":"category","embeddable":true,"href":"https:\/\/www.europesays.com\/de\/wp-json\/wp\/v2\/categories?post=1273322"},{"taxonomy":"post_tag","embeddable":true,"href":"https:\/\/www.europesays.com\/de\/wp-json\/wp\/v2\/tags?post=1273322"}],"curies":[{"name":"wp","href":"https:\/\/api.w.org\/{rel}","templated":true}]}}