{"id":1273347,"date":"2026-09-01T06:51:26","date_gmt":"2026-09-01T06:51:26","guid":{"rendered":"https:\/\/www.europesays.com\/de\/1273347\/"},"modified":"2026-09-01T06:51:26","modified_gmt":"2026-09-01T06:51:26","slug":"berlin-der-darf-nicht-verbeamtet-werden-evers-fordert-verfassungstreue-check-fuer-beamte","status":"publish","type":"post","link":"https:\/\/www.europesays.com\/de\/1273347\/","title":{"rendered":"Berlin: \u201eDer darf nicht verbeamtet werden\u201c \u2013 Evers fordert Verfassungstreue-Check f\u00fcr Beamte"},"content":{"rendered":"<p>Vor der Wahl in Berlin fordert der CDU-Spitzenkandidat einen \u201eVerfassungstreue-Check\u201c nach Brandenburger Vorbild f\u00fcr Beamte. Gepr\u00fcft werden soll, ob Bewerber mit Bestrebungen gegen die freiheitlich-demokratische Grundordnung aufgefallen sind.<\/p>\n<p class=\"c-inline-alert__description\">Klicken Sie hier, um sich Artikel von WELT in der Google-Suche bevorzugt anzeigen zu lassen.<\/p>\n<p class=\"is-first-paragraph\" data-external=\"Article.FirstParagraph\">CDU-Spitzenkandidat <a class=\"is-link c-block-items__link c-link--rich-text-renderer\" href=\"https:\/\/www.welt.de\/politik\/deutschland\/plus6a86f094260b7d1d2f79572a\/stefan-evers-kinder-muessen-respekt-vor-anderen-menschen-und-unserer-rechtsordnung-lernen.html\" data-internal-tracking-enabled=\"true\" data-internal-tracking=\"{&quot;action&quot;:&quot;click&quot;,&quot;label&quot;:&quot;link&quot;,&quot;name&quot;:&quot;Inline Element&quot;,&quot;data&quot;:{&quot;source&quot;:&quot;&quot;,&quot;target&quot;:&quot;https:\/\/www.welt.de\/politik\/deutschland\/plus6a86f094260b7d1d2f79572a\/stefan-evers-kinder-muessen-respekt-vor-anderen-menschen-und-unserer-rechtsordnung-lernen.html&quot;,&quot;trackingName&quot;:&quot;&quot;,&quot;trackingLabel&quot;:&quot;&quot;}}\" rel=\"nofollow noopener\" target=\"_blank\">Stefan Evers<\/a> fordert f\u00fcr hohe Beamte in Berlin k\u00fcnftig eine \u00dcberpr\u00fcfung auf Verfassungstreue nach Brandenburger Vorbild. Der sogenannte Verfassungstreue-Check solle bei Senatoren, Staatssekret\u00e4ren, Bezirksb\u00fcrgermeistern und Stadtr\u00e4ten beginnen, sagte Evers dem <a class=\"is-link c-block-items__link is-external c-link--rich-text-renderer\" href=\"https:\/\/www.tagesspiegel.de\/zuerst-senatoren-staatssekretare-und-bezirksamtsmitglieder-evers-will-verfassungstreue-check-fur-beamte-in-berlin-16001139.html\" target=\"_blank\" title=\"Link wird in einem neuen Tab ge\u00f6ffnet\" rel=\"nofollow noopener\" data-internal-tracking-enabled=\"true\" data-internal-tracking=\"{&quot;action&quot;:&quot;click&quot;,&quot;label&quot;:&quot;link&quot;,&quot;name&quot;:&quot;Inline Element&quot;,&quot;data&quot;:{&quot;source&quot;:&quot;&quot;,&quot;target&quot;:&quot;https:\/\/www.tagesspiegel.de\/zuerst-senatoren-staatssekretare-und-bezirksamtsmitglieder-evers-will-verfassungstreue-check-fur-beamte-in-berlin-16001139.html&quot;,&quot;trackingName&quot;:&quot;&quot;,&quot;trackingLabel&quot;:&quot;&quot;}}\">\u201eTagesspiegel\u201c. <\/a><\/p>\n<p>\u201eWir fangen dort an, wo die Verantwortung am gr\u00f6\u00dften ist. Damit sch\u00fctzen wir die Verwaltung vor extremistischen Vorgesetzten, egal aus welcher Richtung\u201c, sagte Evers demnach. Nach seiner Ansicht soll der Verfassungstreue-Check schon nach der Berlin-Wahl am 20. September beim neuen Senat und den neuen Bezirks\u00e4mtern zum Einsatz kommen.<\/p>\n<p>In <a class=\"is-link c-block-items__link c-link--rich-text-renderer\" href=\"https:\/\/www.welt.de\/regionales\/berlin\/article6967717e9f36d5bf769fb35b\/bisher-zwei-faelle-beim-verfassungstreue-check-in-brandenburg.html\" data-internal-tracking-enabled=\"true\" data-internal-tracking=\"{&quot;action&quot;:&quot;click&quot;,&quot;label&quot;:&quot;link&quot;,&quot;name&quot;:&quot;Inline Element&quot;,&quot;data&quot;:{&quot;source&quot;:&quot;&quot;,&quot;target&quot;:&quot;https:\/\/www.welt.de\/regionales\/berlin\/article6967717e9f36d5bf769fb35b\/bisher-zwei-faelle-beim-verfassungstreue-check-in-brandenburg.html&quot;,&quot;trackingName&quot;:&quot;&quot;,&quot;trackingLabel&quot;:&quot;&quot;}}\" rel=\"nofollow noopener\" target=\"_blank\">Brandenburg gibt es den Verfassungstreue-Check<\/a> f\u00fcr angehende Beamte seit September 2024. Er betrifft dort Bewerber, die bereits f\u00fcr eine Einstellung ausgew\u00e4hlt wurden. Laut Innenministerium gab es bis Ende 2025 fast 2200 Anfragen. <\/p>\n<p>Gepr\u00fcft wird, ob die Kandidaten bereits im Zusammenhang mit Bestrebungen gegen die freiheitlich-demokratische Grundordnung aufgefallen sind. In zwei F\u00e4llen, die sich auf das Polizeipr\u00e4sidium und den Justizvollzug beziehen, gab der Verfassungsschutz Erkenntnisse an die jeweilige Einstellungsbeh\u00f6rde weiter.<\/p>\n<p>Auch in <a class=\"is-link c-block-items__link c-link--rich-text-renderer\" href=\"https:\/\/www.welt.de\/regionales\/hamburg\/article6a32d355576ec46126a13b5d\/verfassungstreue-wir-muessen-genau-hinsehen-buergerschaft-beschliesst-verfassungsschutz-abfrage-fuer-staatsdienst.html\" data-internal-tracking-enabled=\"true\" data-internal-tracking=\"{&quot;action&quot;:&quot;click&quot;,&quot;label&quot;:&quot;link&quot;,&quot;name&quot;:&quot;Inline Element&quot;,&quot;data&quot;:{&quot;source&quot;:&quot;&quot;,&quot;target&quot;:&quot;https:\/\/www.welt.de\/regionales\/hamburg\/article6a32d355576ec46126a13b5d\/verfassungstreue-wir-muessen-genau-hinsehen-buergerschaft-beschliesst-verfassungsschutz-abfrage-fuer-staatsdienst.html&quot;,&quot;trackingName&quot;:&quot;&quot;,&quot;trackingLabel&quot;:&quot;&quot;}}\" rel=\"nofollow noopener\" target=\"_blank\">Hamburg werden alle angehenden Besch\u00e4ftigten<\/a> im \u00f6ffentlichen Dienst k\u00fcnftig in Hamburg auf ihre Verfassungstreue \u00fcberpr\u00fcft. Dort waren sich SPD, Gr\u00fcne und die CDU-Opposition einig. Kritik kam dagegen von Linkspartei und AfD.<\/p>\n<p>\u201eZu wem Anhaltspunkte f\u00fcr eine rechtsextreme, linksextreme oder islamistische Grundeinstellung vorliegen, der darf nicht verbeamtet werden\u201c, sagte Evers dem \u201eTagesspiegel\u201c. Beamter d\u00fcrfe nur werden, wer f\u00fcr die freiheitliche demokratische Grundordnung eintrete. Der Check m\u00fcsse f\u00fcr alle gelten, die zu Beamten auf Probe, auf Zeit oder auf Lebenszeit ernannt werden sollen. Bei Post im Senat und in den Bezirks\u00e4mtern solle die \u00dcberpr\u00fcfung nach jeder Neuwahl erfolgen. Evers beabsichtigt zudem eine St\u00e4rkung des Verfassungsschutzes, etwa mit mehr Befugnissen.<\/p>\n<p>dpa\/lay<\/p>\n","protected":false},"excerpt":{"rendered":"Vor der Wahl in Berlin fordert der CDU-Spitzenkandidat einen \u201eVerfassungstreue-Check\u201c nach Brandenburger Vorbild f\u00fcr Beamte. Gepr\u00fcft werden soll,&hellip;\n","protected":false},"author":2,"featured_media":1273348,"comment_status":"","ping_status":"","sticky":false,"template":"","format":"standard","meta":{"footnotes":"","_share_on_mastodon":"0"},"categories":[1825],"tags":[296,29,262917,30,250153,110,78749,42087,45,12997,105701],"class_list":["post-1273347","post","type-post","status-publish","format-standard","has-post-thumbnail","category-berlin","tag-berlin","tag-deutschland","tag-ewers","tag-germany","tag-newsos-import-welt","tag-newsteam","tag-oeffentlicher-dienst-ks","tag-stefan","tag-texttospeech","tag-verfassung","tag-wahl-zum-abgeordnetenhaus-berlin"],"share_on_mastodon":{"url":"https:\/\/pubeurope.com\/@de\/117194462801757354","error":""},"_links":{"self":[{"href":"https:\/\/www.europesays.com\/de\/wp-json\/wp\/v2\/posts\/1273347","targetHints":{"allow":["GET"]}}],"collection":[{"href":"https:\/\/www.europesays.com\/de\/wp-json\/wp\/v2\/posts"}],"about":[{"href":"https:\/\/www.europesays.com\/de\/wp-json\/wp\/v2\/types\/post"}],"author":[{"embeddable":true,"href":"https:\/\/www.europesays.com\/de\/wp-json\/wp\/v2\/users\/2"}],"replies":[{"embeddable":true,"href":"https:\/\/www.europesays.com\/de\/wp-json\/wp\/v2\/comments?post=1273347"}],"version-history":[{"count":0,"href":"https:\/\/www.europesays.com\/de\/wp-json\/wp\/v2\/posts\/1273347\/revisions"}],"wp:featuredmedia":[{"embeddable":true,"href":"https:\/\/www.europesays.com\/de\/wp-json\/wp\/v2\/media\/1273348"}],"wp:attachment":[{"href":"https:\/\/www.europesays.com\/de\/wp-json\/wp\/v2\/media?parent=1273347"}],"wp:term":[{"taxonomy":"category","embeddable":true,"href":"https:\/\/www.europesays.com\/de\/wp-json\/wp\/v2\/categories?post=1273347"},{"taxonomy":"post_tag","embeddable":true,"href":"https:\/\/www.europesays.com\/de\/wp-json\/wp\/v2\/tags?post=1273347"}],"curies":[{"name":"wp","href":"https:\/\/api.w.org\/{rel}","templated":true}]}}