{"id":1273371,"date":"2026-09-01T07:07:20","date_gmt":"2026-09-01T07:07:20","guid":{"rendered":"https:\/\/www.europesays.com\/de\/1273371\/"},"modified":"2026-09-01T07:07:20","modified_gmt":"2026-09-01T07:07:20","slug":"hattingen-spaziergaenger-findet-mann-mit-axt-im-kopf","status":"publish","type":"post","link":"https:\/\/www.europesays.com\/de\/1273371\/","title":{"rendered":"Hattingen: Spazierg\u00e4nger findet Mann mit Axt im Kopf"},"content":{"rendered":"<p>Gro\u00dfeinsatz in Hattingen (NRW) Spazierg\u00e4nger findet Mann mit Axt im Kopf<\/p>\n<p class=\"AnnotatedMarkup_paragraph__IUT9l\"><strong>Gro\u00dfeinsatz in NRW!<\/strong><br \/>Ein Mann wird auf seinem Grundst\u00fcck in Hattingen schwer verletzt gefunden. Sein Zustand ist kritisch. Das SEK wird angefordert und nimmt einen Nachbarn fest.<\/p>\n<p>Hattingen: Tatverd\u00e4chtiger gefasst! <\/p>\n<p class=\"AnnotatedMarkup_paragraph__IUT9l\">Nach einem lebensgef\u00e4hrlichen Angriff auf einen 61 Jahre alten Mann in\u00a0Hattingen\u00a0haben Spezialkr\u00e4fte der Polizei einen Nachbarn des Verletzten festgenommen. Der Verd\u00e4chtige sei vor das Nachbarhaus getreten und habe sich dort widerstandslos festnehmen lassen, sagte eine Polizeisprecherin. Am Dienstag (1. September) soll er einem Haftrichter vorgef\u00fchrt werden.<\/p>\n<p class=\"AnnotatedMarkup_paragraph__IUT9l\"><strong>Lese-Tipp: <\/strong><a href=\"https:\/\/www.rtl.de\/news\/axt-wahnsinn-in-linz-mann-vor-imbiss-niedergeschlagen-id30718223.html\" target=\"_self\" rel=\"nofollow noopener\">Axt-Wahnsinn in Linz: Mann vor Imbiss niedergeschlagen<\/a><\/p>\n<p class=\"AnnotatedMarkup_paragraph__IUT9l\">Ein 61 Jahre alter Mann war am 31. August gegen 15.20 Uhr schwer verletzt auf seinem von au\u00dfen einsehbaren Grundst\u00fcck entdeckt worden. Daraufhin war ein gr\u00f6\u00dferer Polizeieinsatz angelaufen. Dabei ergaben sich Hinweise auf einen Tatverd\u00e4chtigen, der in einem Nachbarhaus vermutet wurde. Weil die Polizei nicht ausschlie\u00dfen konnte, dass der Mann bewaffnet ist, wurden Spezialeinsatzkr\u00e4fte angefordert. Diese nahmen Kontakt zu ihm auf und konnten ihn schlie\u00dflich festnehmen.<\/p>\n<p><img alt=\"Schwerverletzter in Hattingen gefunden\" fetchpriority=\"auto\" loading=\"lazy\" width=\"940\" height=\"529\" decoding=\"async\" data-nimg=\"1\" class=\"Image_image__SdgLQ Picture_image__vGN9W\" style=\"color:transparent\"   src=\"https:\/\/www.europesays.com\/de\/wp-content\/uploads\/2026\/09\/24aeafe4-bb84-4c49-92c0-a84be4e83035original.webp\"\/><\/p>\n<p>Nach dem Fund eines Schwerverletzten in Hattingen ermittelt eine Mordkommission. <\/p>\n<p>rgr pil, Justin Brosch\/dpa, Justin BroschGesundheitszustand des 61-J\u00e4hrigen kritisch<\/p>\n<p class=\"AnnotatedMarkup_paragraph__IUT9l\">Der Schwerverletzte wurde vor Ort behandelt und dann mit einem Rettungshubschrauber in eine Spezialklinik geflogen. Sein Gesundheitszustand sei kritisch, Lebensgefahr k\u00f6nne nicht ausgeschlossen werden, teilten die Ermittler am sp\u00e4ten Montagabend mit.<\/p>\n<p class=\"AnnotatedMarkup_paragraph__IUT9l\"><strong>Wie Bild und WAZ \u00fcbereinstimmend berichten, soll dem Opfer eine Axt oder ein \u00e4hnlicher Gegenstand im Kopf gesteckt haben. Zur Art der Verletzungen und zu einer m\u00f6glichen Tatwaffe machten die Ermittler bislang keine Angaben.\u00a0<\/strong><\/p>\n<p><img alt=\"Deutschland am Morgen\" fetchpriority=\"auto\" loading=\"lazy\" width=\"615\" height=\"346\" decoding=\"async\" data-nimg=\"1\" class=\"Image_image__SdgLQ RtlPlusContent_image__Gbn0N\" style=\"color:transparent\"   src=\"https:\/\/www.europesays.com\/de\/wp-content\/uploads\/2026\/09\/deutschland-am-morgen.webp\"\/><\/p>\n<p class=\"AnnotatedMarkup_paragraph__IUT9l\">Man gehe von einem versuchten T\u00f6tungsdelikt aus, hie\u00df es. Eine Mordkommission habe die Ermittlungen \u00fcbernommen. Der Bereich um den Ort, an dem der Mann gefunden wurde, wurde wegen der Spurensicherung abgesperrt. Ob es sich beim Fundort auch um den Tatort handelt, war noch unklar. Die Staatsanwaltschaft Essen f\u00fchre die Ermittlungen. (sfu\/abl\/nha)<\/p>\n<p class=\"AnnotatedMarkup_paragraph__IUT9l\">Verwendete Quellen: dpa, Bild, WAZ<\/p>\n","protected":false},"excerpt":{"rendered":"Gro\u00dfeinsatz in Hattingen (NRW) Spazierg\u00e4nger findet Mann mit Axt im Kopf Gro\u00dfeinsatz in NRW!Ein Mann wird auf seinem&hellip;\n","protected":false},"author":2,"featured_media":1273372,"comment_status":"","ping_status":"","sticky":false,"template":"","format":"standard","meta":{"footnotes":"","_share_on_mastodon":"0"},"categories":[2],"tags":[261016,29,62601,30,13,14,15,176,121,12,15103,10,8,9,11,1995],"class_list":["post-1273371","post","type-post","status-publish","format-standard","has-post-thumbnail","category-deutschland","tag-ah-analytics","tag-deutschland","tag-eilmeldungen","tag-germany","tag-headlines","tag-nachrichten","tag-news","tag-nrw","tag-polizei","tag-schlagzeilen","tag-sek","tag-top-news","tag-top-meldungen","tag-topmeldungen","tag-topnews","tag-verbrechen"],"share_on_mastodon":{"url":"https:\/\/pubeurope.com\/@de\/117194528971674194","error":""},"_links":{"self":[{"href":"https:\/\/www.europesays.com\/de\/wp-json\/wp\/v2\/posts\/1273371","targetHints":{"allow":["GET"]}}],"collection":[{"href":"https:\/\/www.europesays.com\/de\/wp-json\/wp\/v2\/posts"}],"about":[{"href":"https:\/\/www.europesays.com\/de\/wp-json\/wp\/v2\/types\/post"}],"author":[{"embeddable":true,"href":"https:\/\/www.europesays.com\/de\/wp-json\/wp\/v2\/users\/2"}],"replies":[{"embeddable":true,"href":"https:\/\/www.europesays.com\/de\/wp-json\/wp\/v2\/comments?post=1273371"}],"version-history":[{"count":0,"href":"https:\/\/www.europesays.com\/de\/wp-json\/wp\/v2\/posts\/1273371\/revisions"}],"wp:featuredmedia":[{"embeddable":true,"href":"https:\/\/www.europesays.com\/de\/wp-json\/wp\/v2\/media\/1273372"}],"wp:attachment":[{"href":"https:\/\/www.europesays.com\/de\/wp-json\/wp\/v2\/media?parent=1273371"}],"wp:term":[{"taxonomy":"category","embeddable":true,"href":"https:\/\/www.europesays.com\/de\/wp-json\/wp\/v2\/categories?post=1273371"},{"taxonomy":"post_tag","embeddable":true,"href":"https:\/\/www.europesays.com\/de\/wp-json\/wp\/v2\/tags?post=1273371"}],"curies":[{"name":"wp","href":"https:\/\/api.w.org\/{rel}","templated":true}]}}