{"id":1273379,"date":"2026-09-01T07:15:22","date_gmt":"2026-09-01T07:15:22","guid":{"rendered":"https:\/\/www.europesays.com\/de\/1273379\/"},"modified":"2026-09-01T07:15:22","modified_gmt":"2026-09-01T07:15:22","slug":"kiel-hauptbahnhof-alkoholverbot-gilt-ab-heute-diese-regeln-gelten","status":"publish","type":"post","link":"https:\/\/www.europesays.com\/de\/1273379\/","title":{"rendered":"Kiel Hauptbahnhof: Alkoholverbot gilt ab heute \u2013 diese Regeln gelten"},"content":{"rendered":"<p>Neue Regel seit heute <\/p>\n<p>Am Kieler Hauptbahnhof gilt jetzt Alkoholverbot<\/p>\n<p>01.09.2026 &#8211; 09:06 UhrLesedauer: 2 Min.<\/p>\n<p><a href=\"#focus-0\" class=\"transition-colors block text-current relative\" data-sctrack=\"FocusGalleryImage.Reference\"><img fetchpriority=\"high\" data-testid=\"Opener.Image\"   loading=\"eager\" src=\"https:\/\/www.europesays.com\/de\/wp-content\/uploads\/2026\/09\/kiel-21-september-2020-kieler-hauptbahnhof-kiel-21-september-2020-kiel-central-station-publicationxi.jpeg\" alt=\"imago images 104898898\" title=\"imago images 104898898\" width=\"3500\" height=\"1969\" class=\"bg-[url:var(--lqipURL)] bg-cover bg-center flex h-full w-full max-w-full\" style=\"--lqipURL:url('https:\/\/images.t-online.de\/2026\/09\/y7GnNyS0V5X2\/0x183:3500x1969\/fit-in\/150x0\/filters:blur(25)\/kiel-21-september-2020-kieler-hauptbahnhof-kiel-21-september-2020-kiel-central-station-publicationxinxgerxsuixautxhunxonly.jpg')\" decoding=\"async\"\/><img loading=\"lazy\" src=\"https:\/\/www.t-online.de\/s\/paper\/_next\/static\/media\/zoom-in.f7dae02f.svg\" alt=\"Vergr\u00f6\u00dfern des Bildes\" title=\"Vergr\u00f6\u00dfern des Bildes\" class=\"block h-[calc(var(--height)_\/_16_*_1rem)] w-[calc(var(--width)_\/_16_*_1rem)] max-w-none absolute right-8 bottom-8 rounded-4 bg-snow p-8\" style=\"--width:32;--height:32\" decoding=\"async\"\/><\/a><\/p>\n<p>ICE im Kieler Hauptbahnhof: Seit dem 1. September gelten hier neue Regeln. (Quelle: xim.gs via www.imago-images.de\/imago)<\/p>\n<p><img loading=\"lazy\" src=\"https:\/\/www.t-online.de\/s\/paper\/_next\/static\/media\/audio-volume.6689034c.svg\" alt=\"\" title=\"\" class=\"block h-[calc(var(--height)_\/_16_*_1rem)] w-[calc(var(--width)_\/_16_*_1rem)] max-w-none group-hover:brightness-0 group-hover:invert\" style=\"--width:16;--height:16\" decoding=\"async\"\/>Vorlesen<\/p>\n<p>Aktuelle Zeit:0:00Gesamtdauer:0:00<\/p>\n<p>1x<img loading=\"lazy\" src=\"https:\/\/www.t-online.de\/s\/paper\/_next\/static\/media\/font-sizes.32942e33.svg\" alt=\"\" title=\"\" class=\"block h-[calc(var(--height)_\/_16_*_1rem)] w-[calc(var(--width)_\/_16_*_1rem)] max-w-none group-hover:hidden group-aria-expanded:hidden\" style=\"--width:16;--height:16\" decoding=\"async\"\/><img loading=\"lazy\" src=\"https:\/\/www.t-online.de\/s\/paper\/_next\/static\/media\/font-sizes-dark-mode.e382645c.svg\" alt=\"\" title=\"\" class=\"block h-[calc(var(--height)_\/_16_*_1rem)] w-[calc(var(--width)_\/_16_*_1rem)] max-w-none hidden group-hover:block group-aria-expanded:block\" style=\"--width:16;--height:16\" decoding=\"async\"\/><img loading=\"lazy\" src=\"https:\/\/www.t-online.de\/s\/paper\/_next\/static\/media\/sharing-menu-icon.1eb71368.svg\" alt=\"\" title=\"\" class=\"block h-[calc(var(--height)_\/_16_*_1rem)] w-[calc(var(--width)_\/_16_*_1rem)] max-w-none group-hover:brightness-0 group-hover:invert\" style=\"--width:16;--height:16\" decoding=\"async\"\/>Artikel teilen<\/p>\n<p class=\"font-bold text-18 leading-17 user-text-lg:text-22 user-text-xl:text-24\">Am Kieler Hauptbahnhof darf seit Dienstag kein Alkohol mehr auf Bahnsteigen und in der Halle getrunken werden. Einige Ausnahmen bleiben bestehen.<\/p>\n<p class=\"text-18 leading-17 user-text-lg:text-22 user-text-xl:text-24\">Seit Dienstag (1. September) ist der Kieler Hauptbahnhof eine alkoholfreie Zone. Auf den Bahnsteigen und in den Bahnhofshallen darf kein Bier, Wein, Schnaps oder anderer Alkohol mehr getrunken werden.<\/p>\n<p class=\"text-18 leading-17 user-text-lg:text-22 user-text-xl:text-24\">Kiel geh\u00f6rt gemeinsam mit dem Berliner Hauptbahnhof, Berlin-Gesundbrunnen und Braunschweig zu den ersten Bahnh\u00f6fen, an denen die Deutsche Bahn ihr neues Alkoholkonsumverbot zum 1. September umsetzt. Bis Mitte Oktober soll die Regel schrittweise an allen rund 5.400 Bahnh\u00f6fen gelten.<\/p>\n<p>Alkohol darf weiterhin mitgenommen werden<\/p>\n<p class=\"text-18 leading-17 user-text-lg:text-22 user-text-xl:text-24\">Das Verbot betrifft ausdr\u00fccklich den Konsum. Verschlossene alkoholische Getr\u00e4nke d\u00fcrfen Reisende weiterhin mitf\u00fchren.<\/p>\n<p class=\"text-18 leading-17 user-text-lg:text-22 user-text-xl:text-24\">Auch in gastronomischen Betrieben im Bahnhof bleibt der Alkoholkonsum erlaubt. Ein Bier im Restaurant ist damit weiterhin m\u00f6glich \u2013 ein ge\u00f6ffnetes Bier auf dem Bahnsteig dagegen nicht.<\/p>\n<p class=\"text-18 leading-17 user-text-lg:text-22 user-text-xl:text-24\">Das Verbot setzt die Deutsche Bahn \u00fcber ihr Hausrecht durch. Nach Angaben einer Bahnsprecherin soll die DB Sicherheit die neue Regel zun\u00e4chst &#8222;mit Augenma\u00df&#8220; kontrollieren. Bei einem Versto\u00df droht zun\u00e4chst ein Platzverweis. Wiederholte Verst\u00f6\u00dfe k\u00f6nnen nach fr\u00fcheren Angaben der Bahn auch zu einem Hausverbot f\u00fchren.<\/p>\n<p>Stadt: Verlagerung ins Bahnhofsumfeld m\u00f6glich<\/p>\n<p class=\"text-18 leading-17 user-text-lg:text-22 user-text-xl:text-24\">Die Stadt Kiel begr\u00fc\u00dft die Ma\u00dfnahme grunds\u00e4tzlich als m\u00f6glichen Beitrag zu mehr Sicherheit. Gleichzeitig will sie beobachten, ob sich problematischer Alkoholkonsum k\u00fcnftig st\u00e4rker in das Umfeld des Hauptbahnhofs verlagert.<\/p>\n<p class=\"text-18 leading-17 user-text-lg:text-22 user-text-xl:text-24\">Auch die Diakonie Altholstein \u00e4u\u00dfert Zweifel an der Wirkung des Verbots. Nach Einsch\u00e4tzung der Organisation halten sich Menschen mit problematischem Alkoholkonsum schon heute h\u00e4ufig eher auf dem Bahnhofsvorplatz als innerhalb des Geb\u00e4udes auf.<\/p>\n<p class=\"text-18 leading-17 user-text-lg:text-22 user-text-xl:text-24\">Die Bahn begr\u00fcndet die bundesweite Ma\u00dfnahme mit dem Schutz von Reisenden und Besch\u00e4ftigten. Alkoholverbote gelten bereits seit l\u00e4ngerer Zeit an mehr als 30 gr\u00f6\u00dferen Bahnh\u00f6fen, darunter Hamburg, Bremen, Dortmund, D\u00fcsseldorf, Frankfurt, K\u00f6ln und M\u00fcnchen.<\/p>\n","protected":false},"excerpt":{"rendered":"Neue Regel seit heute Am Kieler Hauptbahnhof gilt jetzt Alkoholverbot 01.09.2026 &#8211; 09:06 UhrLesedauer: 2 Min. ICE im&hellip;\n","protected":false},"author":2,"featured_media":1273380,"comment_status":"","ping_status":"","sticky":false,"template":"","format":"standard","meta":{"footnotes":"","_share_on_mastodon":"0"},"categories":[1852],"tags":[6789,4600,27614,2326,6429,3364,2030,29,548,663,3934,30,10903,3601,13,2229,4949,14,15,1598,12,1971,16560],"class_list":["post-1273379","post","type-post","status-publish","format-standard","has-post-thumbnail","category-kiel","tag-alkohol","tag-alkoholverbot","tag-bahnsteig","tag-bier","tag-braunschweig","tag-de","tag-deutsche-bahn","tag-deutschland","tag-eu","tag-europa","tag-europe","tag-germany","tag-getraenke","tag-hauptbahnhof","tag-headlines","tag-ice","tag-kiel","tag-nachrichten","tag-news","tag-restaurant","tag-schlagzeilen","tag-schleswig-holstein","tag-wein"],"share_on_mastodon":{"url":"https:\/\/pubeurope.com\/@de\/117194561296571764","error":""},"_links":{"self":[{"href":"https:\/\/www.europesays.com\/de\/wp-json\/wp\/v2\/posts\/1273379","targetHints":{"allow":["GET"]}}],"collection":[{"href":"https:\/\/www.europesays.com\/de\/wp-json\/wp\/v2\/posts"}],"about":[{"href":"https:\/\/www.europesays.com\/de\/wp-json\/wp\/v2\/types\/post"}],"author":[{"embeddable":true,"href":"https:\/\/www.europesays.com\/de\/wp-json\/wp\/v2\/users\/2"}],"replies":[{"embeddable":true,"href":"https:\/\/www.europesays.com\/de\/wp-json\/wp\/v2\/comments?post=1273379"}],"version-history":[{"count":0,"href":"https:\/\/www.europesays.com\/de\/wp-json\/wp\/v2\/posts\/1273379\/revisions"}],"wp:featuredmedia":[{"embeddable":true,"href":"https:\/\/www.europesays.com\/de\/wp-json\/wp\/v2\/media\/1273380"}],"wp:attachment":[{"href":"https:\/\/www.europesays.com\/de\/wp-json\/wp\/v2\/media?parent=1273379"}],"wp:term":[{"taxonomy":"category","embeddable":true,"href":"https:\/\/www.europesays.com\/de\/wp-json\/wp\/v2\/categories?post=1273379"},{"taxonomy":"post_tag","embeddable":true,"href":"https:\/\/www.europesays.com\/de\/wp-json\/wp\/v2\/tags?post=1273379"}],"curies":[{"name":"wp","href":"https:\/\/api.w.org\/{rel}","templated":true}]}}