{"id":1273408,"date":"2026-09-01T07:41:12","date_gmt":"2026-09-01T07:41:12","guid":{"rendered":"https:\/\/www.europesays.com\/de\/1273408\/"},"modified":"2026-09-01T07:41:12","modified_gmt":"2026-09-01T07:41:12","slug":"wuppertaler-naturgebiet-der-mirker-hain-im-klimastress","status":"publish","type":"post","link":"https:\/\/www.europesays.com\/de\/1273408\/","title":{"rendered":"Wuppertaler Naturgebiet: Der Mirker Hain im Klimastress"},"content":{"rendered":"<p class=\"text_ohne_einzug richtext text-em-55 !leading-serif mx-6 desktop:mx-0\">\u00dcber 20 Hektar erstreckt sich der Mirker Hain am S\u00fcdhang der Elberfelder Nordh\u00e4nge. Sowohl in seiner Form als Parkanlage als auch als Wald dient er als Naherholungsgebiet. Doch die Folgen des Klimawandels werden auch in Wuppertal sichtbar. Auf Einladung der Gr\u00fcnen-Fraktion der Bezirksvertretung Uellendahl-Katernberg informierten Carsten Gnipp und Sascha Ronsdorf-Beer vom Gr\u00fcnfl\u00e4chenamt der Stadt Wuppertal und Christoph Ziegler von der BUND-Kreisgruppe Wuppertal in einer fast zweist\u00fcndigen F\u00fchrung ausf\u00fchrlich \u00fcber die Folgen am Beispiel des Mirker Hains. Zudem sprachen sie \u00fcber Formen der Klimaanpassung und welche M\u00f6glichkeiten der Mithilfe es gibt. Die Gruppe aus rund 50 Interessierten konnte sich mit vielen Fragen einbringen. \u201eEs war eine wirklich informative und sch\u00f6ne F\u00fchrung, bei der wir alle gut miteinander ins Gespr\u00e4ch kommen konnten\u201c, freut sich Cornelia Krieger (Gr\u00fcne), die die Veranstaltung organisiert hat.<\/p>\n","protected":false},"excerpt":{"rendered":"\u00dcber 20 Hektar erstreckt sich der Mirker Hain am S\u00fcdhang der Elberfelder Nordh\u00e4nge. Sowohl in seiner Form als&hellip;\n","protected":false},"author":2,"featured_media":1273409,"comment_status":"","ping_status":"","sticky":false,"template":"","format":"standard","meta":{"footnotes":"","_share_on_mastodon":"0"},"categories":[1840],"tags":[11036,9180,54328,4488,3364,29,30,185864,68188,11607,200780,40655,1209,22172,39726,4418,21566],"class_list":["post-1273408","post","type-post","status-publish","format-standard","has-post-thumbnail","category-wuppertal","tag-baum","tag-baeume","tag-buche","tag-bund","tag-de","tag-deutschland","tag-germany","tag-gnipp","tag-hain","tag-hitze","tag-jungbaeume","tag-mirker","tag-nordrhein-westfalen","tag-strassenbaeume","tag-uellendahl-katernberg","tag-wuppertal","tag-ziegler"],"share_on_mastodon":{"url":"https:\/\/pubeurope.com\/@de\/117194659397167759","error":""},"_links":{"self":[{"href":"https:\/\/www.europesays.com\/de\/wp-json\/wp\/v2\/posts\/1273408","targetHints":{"allow":["GET"]}}],"collection":[{"href":"https:\/\/www.europesays.com\/de\/wp-json\/wp\/v2\/posts"}],"about":[{"href":"https:\/\/www.europesays.com\/de\/wp-json\/wp\/v2\/types\/post"}],"author":[{"embeddable":true,"href":"https:\/\/www.europesays.com\/de\/wp-json\/wp\/v2\/users\/2"}],"replies":[{"embeddable":true,"href":"https:\/\/www.europesays.com\/de\/wp-json\/wp\/v2\/comments?post=1273408"}],"version-history":[{"count":0,"href":"https:\/\/www.europesays.com\/de\/wp-json\/wp\/v2\/posts\/1273408\/revisions"}],"wp:featuredmedia":[{"embeddable":true,"href":"https:\/\/www.europesays.com\/de\/wp-json\/wp\/v2\/media\/1273409"}],"wp:attachment":[{"href":"https:\/\/www.europesays.com\/de\/wp-json\/wp\/v2\/media?parent=1273408"}],"wp:term":[{"taxonomy":"category","embeddable":true,"href":"https:\/\/www.europesays.com\/de\/wp-json\/wp\/v2\/categories?post=1273408"},{"taxonomy":"post_tag","embeddable":true,"href":"https:\/\/www.europesays.com\/de\/wp-json\/wp\/v2\/tags?post=1273408"}],"curies":[{"name":"wp","href":"https:\/\/api.w.org\/{rel}","templated":true}]}}