{"id":1273454,"date":"2026-09-01T08:21:15","date_gmt":"2026-09-01T08:21:15","guid":{"rendered":"https:\/\/www.europesays.com\/de\/1273454\/"},"modified":"2026-09-01T08:21:15","modified_gmt":"2026-09-01T08:21:15","slug":"staus-rund-um-essen-so-voll-war-es-im-sommer","status":"publish","type":"post","link":"https:\/\/www.europesays.com\/de\/1273454\/","title":{"rendered":"Staus rund um Essen: So voll war es im Sommer"},"content":{"rendered":"<p>Die A40 zwischen Duisburg und Essen war auch in den Sommerferien dieses Jahr eine der Strecken, auf denen es besonders oft stockte. Rund 1500 Mal meldete der ADAC hier Staus. Generell mussten Autofahrerinnen und Autofahrer in Essen und ganz NRW aber deutlich weniger Geduld mitbringen als im Vorjahr. Die Zeit, die alle zusammen im Stau verbrachten, ging um gut ein F\u00fcnftel zur\u00fcck. Statt fast 17.000 Stunden, wie im letzten Jahr, waren es diesmal nur noch rund 13.000 Stunden. Das zeigt die Sommer-Staubilanz des ADAC. Der glaubt: Die hohen Spritpreise sind der Grund daf\u00fcr, dass weniger los war auf den Stra\u00dfen. Schon in den Osterferien habe es das gleiche Ph\u00e4nomen gegeben.<\/p>\n","protected":false},"excerpt":{"rendered":"Die A40 zwischen Duisburg und Essen war auch in den Sommerferien dieses Jahr eine der Strecken, auf denen&hellip;\n","protected":false},"author":2,"featured_media":1273455,"comment_status":"","ping_status":"","sticky":false,"template":"","format":"standard","meta":{"footnotes":"","_share_on_mastodon":"0"},"categories":[1834],"tags":[3364,29,3688,30,1209],"class_list":["post-1273454","post","type-post","status-publish","format-standard","has-post-thumbnail","category-essen","tag-de","tag-deutschland","tag-essen","tag-germany","tag-nordrhein-westfalen"],"share_on_mastodon":{"url":"https:\/\/pubeurope.com\/@de\/117194816727041801","error":""},"_links":{"self":[{"href":"https:\/\/www.europesays.com\/de\/wp-json\/wp\/v2\/posts\/1273454","targetHints":{"allow":["GET"]}}],"collection":[{"href":"https:\/\/www.europesays.com\/de\/wp-json\/wp\/v2\/posts"}],"about":[{"href":"https:\/\/www.europesays.com\/de\/wp-json\/wp\/v2\/types\/post"}],"author":[{"embeddable":true,"href":"https:\/\/www.europesays.com\/de\/wp-json\/wp\/v2\/users\/2"}],"replies":[{"embeddable":true,"href":"https:\/\/www.europesays.com\/de\/wp-json\/wp\/v2\/comments?post=1273454"}],"version-history":[{"count":0,"href":"https:\/\/www.europesays.com\/de\/wp-json\/wp\/v2\/posts\/1273454\/revisions"}],"wp:featuredmedia":[{"embeddable":true,"href":"https:\/\/www.europesays.com\/de\/wp-json\/wp\/v2\/media\/1273455"}],"wp:attachment":[{"href":"https:\/\/www.europesays.com\/de\/wp-json\/wp\/v2\/media?parent=1273454"}],"wp:term":[{"taxonomy":"category","embeddable":true,"href":"https:\/\/www.europesays.com\/de\/wp-json\/wp\/v2\/categories?post=1273454"},{"taxonomy":"post_tag","embeddable":true,"href":"https:\/\/www.europesays.com\/de\/wp-json\/wp\/v2\/tags?post=1273454"}],"curies":[{"name":"wp","href":"https:\/\/api.w.org\/{rel}","templated":true}]}}