{"id":1273456,"date":"2026-09-01T08:24:32","date_gmt":"2026-09-01T08:24:32","guid":{"rendered":"https:\/\/www.europesays.com\/de\/1273456\/"},"modified":"2026-09-01T08:24:32","modified_gmt":"2026-09-01T08:24:32","slug":"herbst-pflanzenraritaetenmarkt-im-grugapark-essen-essen-de","status":"publish","type":"post","link":"https:\/\/www.europesays.com\/de\/1273456\/","title":{"rendered":"Herbst-Pflanzenrarit\u00e4tenmarkt im Grugapark Essen &#8211; essen.de"},"content":{"rendered":"<p>Der Grugapark Essen und alle Aussteller*innen freuen sich, insbesondere Pflanzenliebhaber*innen, am Samstag, 12. September, und Sonntag, 13. September, zum Herbst-Pflanzenrarit\u00e4tenmarkt zu begr\u00fc\u00dfen. Dieser findet wie gewohnt an der Orangerie und auf den Farbenterrassen im Grugapark statt. Dort pr\u00e4sentieren und verkaufen rund 50 G\u00e4rtnereien und Sammler*innen ihr vielf\u00e4ltiges Angebot. Mit dabei sind Kr\u00e4uter, Duft- und K\u00fcbelpflanzen, Kakteen, Sukkulenten, Orchideen, Passionsblumen, ungew\u00f6hnliche Stauden, fleischfressende Pflanzen, winterharte Exoten, Herbst-Blumenzwiebeln und viele mehr. Der Pflanzen-Rarit\u00e4tenmarkt ist eine der wenigen bundesweit etablierten Pflanzenm\u00e4rkte mit eindeutigem Fokus auf die Pflanze.<\/p>\n<p><strong>Mehr Farbenpracht als im Fr\u00fchjahr, Herbstpflanzung wird empfohlen<\/strong><\/p>\n<p>Peter Bartels und Beatrice Vogt aus Delmenhorst bieten auch in diesem Jahr wieder ihre Stauden-Hibiskus in Sorten mit riesigen bunten Bl\u00fcten an. Diese sehr farbenpr\u00e4chtigen Pflanzen verleihen dem Markt Farbe, so wie auch die herbstbl\u00fchenden Korbbl\u00fctler von Lars Kroh, Uwe Stiebritz, Christina Macke und anderen. Im Vergleich zum Fr\u00fchjahrsmarkt ist die Farbigkeit des Angebots viel gr\u00f6\u00dfer, weil die Pflanzen jetzt eine fast komplette Vegetationszeit hinter sich gebracht haben und viele in voller Bl\u00fcte stehen. <\/p>\n<p>Viele Arten lassen sich au\u00dferdem im Herbst besonders gut pflanzen. Das gilt zum Beispiel f\u00fcr die absolut seltenen Geh\u00f6lze von den Herrenkamper G\u00e4rten. Sie k\u00f6nnen \u00fcber den Winter gut anwachsen und starten besser ins Fr\u00fchjahr. Die Vorteile der Herbstpflanzung gelten auch f\u00fcr Stauden und vor allem auch f\u00fcr die Obstb\u00e4ume, welche die Bioland-Baumschule von Frank Wetzel im Angebot hat. Er bietet Sorten an, die auch ohne den Einsatz von Pflanzenschutzmitteln eine reiche Ernte erwarten lassen. Wenn jemand einen speziellen Wunsch hat, kann bei ihm auch gerne vorbestellt werden. <\/p>\n<p><strong>Neues von der Ausstellerschaft<\/strong><\/p>\n<p>Auf dem Markt im Fr\u00fchjahr waren bereits einige neue Aussteller*innen, die jetzt zum Herbst erstmalig mit dabei sind. Dazu geh\u00f6ren der Hortus Christinii, das WurmKontor und der Slowflower-Stand, diesmal mit einem bunten Sp\u00e4tsommer-Angebot. Am Samstag, 12. September, wird au\u00dferdem die Internationale Gartenbauausstellung 2027 (IGA) mit einem Infostand zu Gast sein.<\/p>\n<p><strong>Fr\u00fcchte des Sommers<\/strong><\/p>\n<p>Dazu werden &#8222;Fr\u00fcchte des Sommers\u201c&#8220; auf dem Markt angeboten, zum Beispiel besondere Tomaten, Marmeladen, Chutneys, etc. Nat\u00fcrlich sind auch wieder aromatische und duftende Kr\u00e4uter im Angebot.<\/p>\n<p><strong>Tag der Dahlie<\/strong><\/p>\n<p>Am Sonntag, 13. September, erwartet die Besuchenden dann ein weiteres Highlight, der Tag der Dahlie. Dann werden die G\u00e4rtner*innen aus der Dahlienarena vor Ort sein und f\u00fcr Gespr\u00e4che bereit sein. Zum Termin stehen die Dahlien dort in voller Bl\u00fcte. Aber auch die Sommerblumen pr\u00e4sentieren sich in Bestform. <\/p>\n<p><strong>Liste der Aussteller*innen<\/strong><\/p>\n<p>Die Ausstellerliste und der Lageplan sind auf der Grugapark-Homepage unter <a href=\"https:\/\/www.grugapark.de\/erleben\/veranstaltungskalender_2\/pflanzenmaerkte_2.de.html\" onclick=\"this.blur()\" target=\"_blank\" title=\"Externer Link\" rel=\"nofollow noopener\">www.grugapark.de\/pflanzenmarkt<\/a> zu finden. F\u00fcr tagesaktuelle Besucheranfragen steht wie gewohnt das Info-Center Orangerie telefonisch unter 0201 88-83106 zur Verf\u00fcgung.<\/p>\n<p><strong>Hinweis an die Redaktionen<\/strong><\/p>\n<p>Am Freitag, 11. September, ab 14 Uhr, sind bereits einige Aussteller*innen vor Ort. Dann besteht die M\u00f6glichkeit, Fotos und Medienbeitr\u00e4ge zum Thema anzufertigen. <\/p>\n<p>\t\t Stadt Essen<br \/>Presse- und Kommunikationsamt<br \/>Rathaus, Porscheplatz<br \/>45121\u00a0Essen<br \/>Telefon: +49 201 88-0 (ServiceCenter Essen)<br \/>E-Mail: <a href=\"https:\/\/www.essen.de\/meldungen\/mailto:presse@essen.de\" rel=\"nofollow noopener\" target=\"_blank\">presse@essen.de<\/a><br \/>URL: <a class=\"https:\/\/www.essen.de\/rathaus\/presse\/pressecenter.de.jsp\" href=\"https:\/\/www.essen.de\/rathaus\/presse\/pressecenter.de.jsp\" title=\"Interner Link, wird im selben Fenster angezeigt\" onclick=\"this.blur()\" rel=\"nofollow noopener\" target=\"_blank\">www.essen.de\/presse<\/a>\n\t<\/p>\n","protected":false},"excerpt":{"rendered":"Der Grugapark Essen und alle Aussteller*innen freuen sich, insbesondere Pflanzenliebhaber*innen, am Samstag, 12. September, und Sonntag, 13. September,&hellip;\n","protected":false},"author":2,"featured_media":1273457,"comment_status":"","ping_status":"","sticky":false,"template":"","format":"standard","meta":{"footnotes":"","_share_on_mastodon":"0"},"categories":[1834],"tags":[3364,29,3688,30,1209],"class_list":["post-1273456","post","type-post","status-publish","format-standard","has-post-thumbnail","category-essen","tag-de","tag-deutschland","tag-essen","tag-germany","tag-nordrhein-westfalen"],"share_on_mastodon":{"url":"https:\/\/pubeurope.com\/@de\/117194828448360338","error":""},"_links":{"self":[{"href":"https:\/\/www.europesays.com\/de\/wp-json\/wp\/v2\/posts\/1273456","targetHints":{"allow":["GET"]}}],"collection":[{"href":"https:\/\/www.europesays.com\/de\/wp-json\/wp\/v2\/posts"}],"about":[{"href":"https:\/\/www.europesays.com\/de\/wp-json\/wp\/v2\/types\/post"}],"author":[{"embeddable":true,"href":"https:\/\/www.europesays.com\/de\/wp-json\/wp\/v2\/users\/2"}],"replies":[{"embeddable":true,"href":"https:\/\/www.europesays.com\/de\/wp-json\/wp\/v2\/comments?post=1273456"}],"version-history":[{"count":0,"href":"https:\/\/www.europesays.com\/de\/wp-json\/wp\/v2\/posts\/1273456\/revisions"}],"wp:featuredmedia":[{"embeddable":true,"href":"https:\/\/www.europesays.com\/de\/wp-json\/wp\/v2\/media\/1273457"}],"wp:attachment":[{"href":"https:\/\/www.europesays.com\/de\/wp-json\/wp\/v2\/media?parent=1273456"}],"wp:term":[{"taxonomy":"category","embeddable":true,"href":"https:\/\/www.europesays.com\/de\/wp-json\/wp\/v2\/categories?post=1273456"},{"taxonomy":"post_tag","embeddable":true,"href":"https:\/\/www.europesays.com\/de\/wp-json\/wp\/v2\/tags?post=1273456"}],"curies":[{"name":"wp","href":"https:\/\/api.w.org\/{rel}","templated":true}]}}