{"id":1273462,"date":"2026-09-01T08:30:33","date_gmt":"2026-09-01T08:30:33","guid":{"rendered":"https:\/\/www.europesays.com\/de\/1273462\/"},"modified":"2026-09-01T08:30:33","modified_gmt":"2026-09-01T08:30:33","slug":"hallo-leipzig-so-startet-dienstag-der-1-september-2026-%c2%b7-leipziger-zeitung","status":"publish","type":"post","link":"https:\/\/www.europesays.com\/de\/1273462\/","title":{"rendered":"Hallo Leipzig: So startet Dienstag, der 1. September 2026 \u00b7 Leipziger Zeitung"},"content":{"rendered":"<p class=\"translation-notice\">This article is also available in English: <a href=\"https:\/\/www.l-iz.de\/en\/the-day\/2026\/09\/hello-leipzig-heres-how-tuesday-1-september-2026-begins-668922\" rel=\"nofollow noopener\" target=\"_blank\">Read this article in English<\/a>.<\/p>\n<p>Vor den Toren der Stadt ruht ein historischer Schatz \u2013 in Borna wird er ab heute offiziell aufbereitet. Obacht ist bei Fahrten \u00fcber die Autobahn nach Dresden geboten, ebenso bei der Einschulung der Knirpse im n\u00e4chsten Jahr.\u00a0 Da reicht n\u00e4mlich kein Erscheinen am Tag des Zuckert\u00fctenfestes. Die Augen der Stadt richten sich heute auf S\u00fcdamerika. Und das liegt direkt nordwestlich der City.<\/p>\n<p>Festliche Er\u00f6ffnung von Feuerland<\/p>\n<p>Im Vergleich zur ganzen Welt ist selbst der Leipziger Zoo ziemlich klein. Aber die gro\u00dfe Welt im Kleinen wird heute wieder ein bisschen vollkommener. Nach mehr als f\u00fcnf Jahren Bauzeit wird eine der gr\u00f6\u00dften und aufwendigsten neuen Anlagen der vergangenen Jahre er\u00f6ffnet: Um 16 Uhr k\u00f6nnen Besucher erstmals die Erlebniswelt Feuerland betreten.<\/p>\n<p>Das rund 10.000 Quadratmeter gro\u00dfe Areal bildet eine s\u00fcdamerikanische K\u00fcsten- und Meereslandschaft nach und wird vom Zoo selbst als \u201eWeltneuheit\u201c bezeichnet. Zu den auff\u00e4lligsten Elementen geh\u00f6rt ein mehr als 100 Meter langer Unterwassertunnel, dessen spektakul\u00e4rster Abschnitt eine zw\u00f6lf Meter lange, vollst\u00e4ndig umlaufende 360-Grad-R\u00f6hre aus Acrylglas ist. Besucher k\u00f6nnen die Tiere dort praktisch ringsum unter Wasser beobachten.<img loading=\"lazy\" decoding=\"async\" src=\"https:\/\/www.europesays.com\/de\/wp-content\/uploads\/2026\/09\/7c8ef1bffe1e4e719fdf5fc829b01146.gif\" alt=\"\" width=\"1\" height=\"1\"\/><\/p>\n<p>Zur Anlage geh\u00f6ren au\u00dferdem eine etwa 2.000 Quadratmeter gro\u00dfe K\u00fcstenvoliere, eine Wellenmaschine, ein Tide-Pool als Lernschwimmbecken f\u00fcr Jungtiere, Sprungfelsen, eine Felsentrib\u00fcne und eine gro\u00dfe LED-Wand. Insgesamt umfasst die Wasserlandschaft nach Angaben des Zoos mehr als 5,5 Millionen Liter Wasser, wobei allein das zentrale Schwimmbecken rund f\u00fcnf Millionen Liter fasst (<a href=\"https:\/\/www.l-iz.de\/top-posts\/2026\/08\/so-schoen-wird-das-neue-feuerland-galerie-666620\" target=\"_blank\" rel=\"noopener nofollow\">LZ berichtete<\/a>).<\/p>\n<p>Bereits vor der heutigen Er\u00f6ffnung haben 40 Humboldtpinguine, neun Robben und acht Meerespelikane ihre neue Umgebung bezogen beziehungsweise mit der Eingew\u00f6hnung begonnen. Langfristig soll allein die Kolonie der Humboldtpinguine auf mehr als 50 Tiere anwachsen. F\u00fcr die unmittelbar naturnah gestaltete Anlage mit Schwimm- und Liegebereichen sowie Flugvoliere nennt der Zoo eine Fl\u00e4che von 5.500 Quadratmetern; die gesamte Erlebniswelt Feuerland umfasst etwa 10.000 Quadratmeter.<\/p>\n<p><a href=\"https:\/\/www.europesays.com\/de\/wp-content\/uploads\/2026\/09\/IMG_2992.jpeg\"><img loading=\"lazy\" decoding=\"async\" class=\"size-full wp-image-668799\" src=\"https:\/\/www.europesays.com\/de\/wp-content\/uploads\/2026\/09\/IMG_2992.jpeg\" alt=\"\" width=\"1344\" height=\"896\"  \/><\/a>Paul und Paula tragen schon den Festtags-Frack. Foto: Zoo Leipzig<\/p>\n<p>Mit der Er\u00f6ffnung von Feuerland schlie\u00dft der Zoo Leipzig den gro\u00dfen Ausbau seiner Themenwelt S\u00fcdamerika ab, doch der seit Jahren laufende Masterplan <a href=\"https:\/\/www.l-iz.de\/tag\/zoo-der-zukunft\" target=\"_blank\" rel=\"noopener nofollow\">\u201eZoo der Zukunft\u201c<\/a> ist damit noch nicht vollendet. Weiter geht es in der n\u00e4chsten Etappe mit den Asiatischen Inselwelten. Bereits fertig sind davon die beiden neuen Gro\u00dfvolieren \u201eAmazonien\u201c und \u201eLoriversum\u201c.<\/p>\n<p>Im Herbst 2026 beginnt die bauliche Umsetzung von Baufeld 2 mit Anlagen f\u00fcr Fossas, Rothunde und Ohrfasane. Anschlie\u00dfend sollen weitere Bereiche der asiatischen Themenwelt entstehen. Wann die einzelnen sp\u00e4teren Baufelder f\u00fcr Besucher \u00f6ffnen k\u00f6nnen, steht allerdings noch nicht verbindlich fest. F\u00fcr das Gesamtprojekt gibt es dagegen eine Zielmarke. Nach aktuellem Zeitplan will der Zoo seinen Umbau zu einem Verbund aller Kontinente bis 2028 abschlie\u00dfen. Dann feiert er das 150. Jubil\u00e4um seiner Gr\u00fcndung. Wer heute Nachmittag nicht lange an der Kasse warten will, bucht sein Ticket am besten <a href=\"https:\/\/shop.zoo-leipzig.de\/category\/66\" target=\"_blank\" rel=\"noopener nofollow\">HIER ONLINE.\u00a0<\/a><\/p>\n<p><a href=\"https:\/\/www.europesays.com\/de\/wp-content\/uploads\/2026\/09\/IMG_2546.jpeg\"><img loading=\"lazy\" decoding=\"async\" class=\"size-full wp-image-666595\" src=\"https:\/\/www.europesays.com\/de\/wp-content\/uploads\/2026\/09\/IMG_2546.jpeg\" alt=\"\" width=\"3788\" height=\"2524\"  \/><\/a>Er ist gl\u00fccklich \u00fcber das Erreichte. J\u00f6rg Junhold leitet den Leipziger Zoo seit November 1997 und baute ihn mit dem Masterplan \u201eZoo der Zukunft\u201c grundlegend um. Foto: Benjamin Weinkauf<br \/>\nNach Dresden geht\u00b4s heute verkehrt herum<\/p>\n<p>Autofahrer m\u00fcssen sich heute an der A14-Anschlussstelle Leipzig-Nord auf Einschr\u00e4nkungen einstellen. Von 9 bis 16 Uhr wird dort die Auffahrt in Richtung Dresden voll gesperrt. Anlass sind Markierungs- und Beschilderungsarbeiten. Die A14 selbst bleibt w\u00e4hrenddessen befahrbar: Auf der Hauptfahrbahn wird der Verkehr zweispurig an der Arbeitsstelle vorbeigef\u00fchrt.<\/p>\n<p>Von der Sperrung betroffen sind damit ausschlie\u00dflich Fahrzeuge, die an der Anschlussstelle Leipzig-Nord auf die A14 in Richtung Dresden auffahren wollen. F\u00fcr sie ist eine Umleitung vorgesehen, bei der zun\u00e4chst ein Umweg in die entgegengesetzte Fahrtrichtung erforderlich wird. Auf Autobahnverwaltungsdeutsch hei\u00dft das in einer Mitteilung dann so: \u201eDer auffahrwillige Verkehr wird als Wendefahrt \u00fcber die Anschlussstelle Schkeuditz gef\u00fchrt.\u201c Autofahrer m\u00fcssen demnach zun\u00e4chst auf der A14 in Richtung Schkeuditz fahren, dort wenden und anschlie\u00dfend in Richtung Dresden zur\u00fcckfahren.<\/p>\n<p>Nach 16 Uhr wird die Auffahrt freigegeben, allerdings am Mittwoch, 2. September, erneut von 9 bis 16 Uhr vollst\u00e4ndig gesperrt. Insgesamt sind damit an beiden Tagen zusammen 14 Stunden Sperrzeit vorgesehen.<\/p>\n<p><a href=\"https:\/\/www.europesays.com\/de\/wp-content\/uploads\/2026\/09\/cccb8ee3-c4e0-47cc-9201-b8f1f2e1c3a3.png\"><img loading=\"lazy\" decoding=\"async\" class=\"size-full wp-image-668788\" src=\"https:\/\/www.europesays.com\/de\/wp-content\/uploads\/2026\/09\/cccb8ee3-c4e0-47cc-9201-b8f1f2e1c3a3.png\" alt=\"\" width=\"1536\" height=\"1024\"  \/><\/a>Nach Dresden gehts heute auf der Autobahn zun\u00e4chst in die entgegengesetzte Richtung.<br \/>\nJetzt an die Einschulung 2027 denken<\/p>\n<p>F\u00fcr Eltern von Kindern, die im kommenden Jahr eingeschult werden sollen, ist in Leipzig seit dem 1. August erstmals auch eine <a href=\"https:\/\/amt24.sachsen.de\/zufi\/leistungen\/6000057?utm_source=chatgpt.com\" target=\"_blank\" rel=\"noopener nofollow\">digitale Anmeldung bei kommunalen Grundschulen<\/a> durchf\u00fchrbar. Ein pers\u00f6nliches Vorsprechen ist hingegen erst ab heute m\u00f6glich. Die Anmeldefrist endet am 15. September.<\/p>\n<p>Mehrere kommunale Grundschulen nennen f\u00fcr diesen Tag \u00d6ffnungszeiten von 8 bis 11:30 Uhr sowie von 13 bis 18 Uhr. Weitere Termine werden am Donnerstag, 3. September, und Dienstag, 8. September, jeweils von 8 bis 11.30 Uhr und von 13 bis 16 Uhr angeboten, wobei die konkreten Zeiten je nach Schule abweichen k\u00f6nnen. Deshalb empfiehlt sich ein informativer Blick auf die Website der jeweiligen Schule.<\/p>\n<p>Unterschiede zu den kommunalen Anmeldungen gibt es bei privaten Schulen in freier Tr\u00e4gerschaft. So nimmt zum Beispiel das Evangelische Schulzentrum Bewerbungen f\u00fcr das Schuljahr 2027\/28 vom 1. bis 18. September 2026 entgegen. Die vollst\u00e4ndigen Unterlagen sollen auf dem Postweg an das Evangelische Schulzentrum, Schletterstra\u00dfe 7, 04107 Leipzig, geschickt werden.<\/p>\n<p>Gefordert werden unter anderem Anmeldeschein, Geburtsurkunde und Masernschutznachweis sowie ausdr\u00fccklich eine \u201eAnmeldebest\u00e4tigung an einer staatlichen Schule\u201c. Damit k\u00f6nnen Eltern die notwendige Anmeldung an einer staatlichen Schule bereits erledigt haben, bevor das Bewerbungsverfahren der Privatschule startet.<\/p>\n<p>Wichtig: Anders als an staatlichen Schulen erheben Privatschulen Schulgeld, \u00fcber dessen H\u00f6he man sich vor einer Bewerbung informieren sollte. So werden mit dem Schuljahr 2026\/2027 am Evangelischen Schulzentrum Leipzig monatlich 135 Euro f\u00fcr das erste Kind und 75 Euro f\u00fcr das zweite Kind erhoben. Das dritte und jedes weitere Kind sind vom Schulgeld befreit.<\/p>\n<p><a href=\"https:\/\/www.europesays.com\/de\/wp-content\/uploads\/2026\/09\/pixelheart-school-cone-432044_1280.jpg\"><img loading=\"lazy\" decoding=\"async\" class=\"size-full wp-image-668793\" src=\"https:\/\/www.europesays.com\/de\/wp-content\/uploads\/2026\/09\/pixelheart-school-cone-432044_1280.jpg\" alt=\"\" width=\"1280\" height=\"925\"  \/><\/a>Jetzt f\u00fcr die Einschulung anmelden, dann gibts n\u00e4chstes Jahr Zuckert\u00fcten. Foto: Skyler H.\/Pixabay<\/p>\n<p>\u00a0<\/p>\n<p>Mehr als nur eine Kohlespur<\/p>\n<p>Hier vereint sich Regionalgeschichte vor den Toren Leipzigs: In Borna nimmt heute das neue Dokumentationszentrum f\u00fcr Regional- und Wirtschaftsgeschichte offiziell seine Arbeit auf. Nach rund zweij\u00e4hriger Bauzeit des Neubaus als \u201eOrt des Wissens, der Erinnerung und der Auseinandersetzung\u201c startet dieses Projekt einen Betrieb, der als Bildungszentrum weit \u00fcber die Funktion eines klassischen Archivs hinausgehen soll.<\/p>\n<p>Die Registratur der Landkreisverwaltung ist bereits vollst\u00e4ndig in den Neubau umgezogen, ebenso befindet sich dort inzwischen ein erster Teil der Best\u00e4nde des Kreisarchivs. Im Zusammenhang mit diesem Umzug war der Zugriff auf Best\u00e4nde des Kreisarchivs und auf Bauakten zuletzt stark eingeschr\u00e4nkt. Der Landkreis Leipzig, das S\u00e4chsische Wirtschaftsarchiv e. V. (SWA) und der F\u00f6rderverein DOKMitt e. V. arbeiten an dem Standort zusammen.<\/p>\n<p>Vorgesehen sind Angebote zur Regional- und Wirtschaftsgeschichte, Kooperationen mit Schulen, Ausstellungen und wissenschaftliche Tagungen. Eine besondere Rolle soll dabei die Vermittlung des Strukturumbruchs im Zuge des Kohleausstiegs spielen. Die beteiligten Einrichtungen verf\u00fcgen zusammen \u00fcber mehrere hunderttausend Dokumente, Fotografien und technische Unterlagen aus bis zu 400 Jahren regionaler Industriegeschichte. Mit dem Vorhaben sollen au\u00dferdem 18 Arbeits- und Ausbildungspl\u00e4tze entstehen.<\/p>\n<p>Die Dimension des Projekts zeigt sich auch an den Investitionen: Der Landkreis beziffert die Gesamtkosten auf 17.683.955 Euro, der F\u00f6rderanteil betr\u00e4gt 95 Prozent und stammt \u00fcberwiegend aus Mitteln des Investitionsgesetzes Kohleregionen des Freistaates Sachsen und Eigenmitteln des Landkreises. Der Kreistag hatte den Baubeschluss im M\u00e4rz 2022 gefasst, die Stadt Borna erteilte im November 2023 die Baugenehmigung.<\/p>\n<p>Mit dem Einzug in das neue Geb\u00e4ude l\u00e4dt der Landkreis interessierte B\u00fcrgerinnen und B\u00fcrger ein, die R\u00e4ume des Kreisarchivs zu besichtigen. Hierf\u00fcr bietet er aktuell zwei Termine an: Mittwoch, den 16.09.2026, von 14:00 Uhr bis ca. 15:30 Uhr und Freitag, den 18.09.2026, von 09:00 Uhr bis ca. 10:30 Uhr. Der Teilnehmerkreis ist auf 15 Personen begrenzt. Interessenten k\u00f6nnen sich \u00fcber die Mailadresse kreisarchiv@lk-l.de registrieren lassen. Die weiteren Details zum Besuch werden nach der Anmeldung mitgeteilt.<\/p>\n<p><a href=\"https:\/\/www.europesays.com\/de\/wp-content\/uploads\/2026\/09\/csm_Dokumentationszentrum_fuer_Regional-_und_Wirtschaftsgeschichte_ef4cdad3aa.png\"><img loading=\"lazy\" decoding=\"async\" class=\"size-full wp-image-668811\" src=\"https:\/\/www.europesays.com\/de\/wp-content\/uploads\/2026\/09\/csm_Dokumentationszentrum_fuer_Regional-_und_Wirtschaftsgeschichte_ef4cdad3aa.png\" alt=\"\" width=\"2400\" height=\"1266\"  \/><\/a>Sauber aufgeschnitten. Das neue Dokumentationszentrum in Borna verf\u00fcgt \u00fcber drei Etagen. Grafik: S&amp;P Ingenieure+Architekten<\/p>\n<p>\u00a0<\/p>\n","protected":false},"excerpt":{"rendered":"This article is also available in English: Read this article in English. Vor den Toren der Stadt ruht&hellip;\n","protected":false},"author":2,"featured_media":1273463,"comment_status":"","ping_status":"","sticky":false,"template":"","format":"standard","meta":{"footnotes":"","_share_on_mastodon":"0"},"categories":[1832],"tags":[66894,3364,2409,29,30,71,859,601,6500],"class_list":["post-1273462","post","type-post","status-publish","format-standard","has-post-thumbnail","category-leipzig","tag-borna","tag-de","tag-der-tag","tag-deutschland","tag-germany","tag-leipzig","tag-sachsen","tag-verkehr","tag-zoo"],"share_on_mastodon":{"url":"https:\/\/pubeurope.com\/@de\/117194856045722447","error":""},"_links":{"self":[{"href":"https:\/\/www.europesays.com\/de\/wp-json\/wp\/v2\/posts\/1273462","targetHints":{"allow":["GET"]}}],"collection":[{"href":"https:\/\/www.europesays.com\/de\/wp-json\/wp\/v2\/posts"}],"about":[{"href":"https:\/\/www.europesays.com\/de\/wp-json\/wp\/v2\/types\/post"}],"author":[{"embeddable":true,"href":"https:\/\/www.europesays.com\/de\/wp-json\/wp\/v2\/users\/2"}],"replies":[{"embeddable":true,"href":"https:\/\/www.europesays.com\/de\/wp-json\/wp\/v2\/comments?post=1273462"}],"version-history":[{"count":0,"href":"https:\/\/www.europesays.com\/de\/wp-json\/wp\/v2\/posts\/1273462\/revisions"}],"wp:featuredmedia":[{"embeddable":true,"href":"https:\/\/www.europesays.com\/de\/wp-json\/wp\/v2\/media\/1273463"}],"wp:attachment":[{"href":"https:\/\/www.europesays.com\/de\/wp-json\/wp\/v2\/media?parent=1273462"}],"wp:term":[{"taxonomy":"category","embeddable":true,"href":"https:\/\/www.europesays.com\/de\/wp-json\/wp\/v2\/categories?post=1273462"},{"taxonomy":"post_tag","embeddable":true,"href":"https:\/\/www.europesays.com\/de\/wp-json\/wp\/v2\/tags?post=1273462"}],"curies":[{"name":"wp","href":"https:\/\/api.w.org\/{rel}","templated":true}]}}