{"id":1273464,"date":"2026-09-01T08:32:27","date_gmt":"2026-09-01T08:32:27","guid":{"rendered":"https:\/\/www.europesays.com\/de\/1273464\/"},"modified":"2026-09-01T08:32:27","modified_gmt":"2026-09-01T08:32:27","slug":"drohnen-vorfall-am-flughafen-leipzig-halle-spur-fuehrt-offenbar-nach-russland","status":"publish","type":"post","link":"https:\/\/www.europesays.com\/de\/1273464\/","title":{"rendered":"Drohnen-Vorfall am Flughafen Leipzig\/Halle: Spur f\u00fchrt offenbar nach Russland"},"content":{"rendered":"<p class=\"rich-text expressive-copy-lg-body my-6\">Der <a href=\"https:\/\/www.morgenpost.de\/politik\/article412836208\/nach-sprengstoff-drohne-in-leipzig-drohne-am-flughafen-hannover-gesichtet.html\" data-category-full-path=\"https:\/\/www.morgenpost.de\/politik\/\" data-paid-status=\"default\" data-article-publish-date=\"1786461636\" rel=\"nofollow noopener\" target=\"_blank\">Drohnen-Vorfall am Flughafen Leipzig\/Halle<\/a> in der Nacht vom 4. auf den 5. August geht nach einem Bericht der \u201eBild\u201c-Zeitung auf das Konto eines russischen Geheimdienstes. Das berichtet das Blatt unter Berufung auf Sicherheitskreise. Bundesinnenminister <a href=\"https:\/\/www.morgenpost.de\/politik\/alexander-dobrindt\/\" data-category-full-path=\"https:\/\/www.morgenpost.de\/politik\/\" data-paid-status=\"free\" data-article-publish-date=\"1746530718\" rel=\"nofollow noopener\" target=\"_blank\">Alexander Dobrindt (CSU)<\/a> und Au\u00dfenminister <a href=\"https:\/\/www.morgenpost.de\/politik\/johann-wadephul\/\" data-category-full-path=\"https:\/\/www.morgenpost.de\/politik\/\" data-paid-status=\"free\" data-article-publish-date=\"1746526542\" rel=\"nofollow noopener\" target=\"_blank\">Johann Wadephul (CDU)<\/a> wollen demnach am heutigen Dienstag die \u00d6ffentlichkeit in einer Pressekonferenz \u00fcber den mutma\u00dflichen Anschlagsversuch auf eine ukrainische Antonov-Maschine informieren.<\/p>\n<p>Hauptstadt Inside von J\u00f6rg Quoos, Chefredakteur der FUNKE Zentralredaktion<\/p>\n<p>Hinter den Kulissen der Politik &#8211; meinungsstark, exklusiv, relevant.<\/p>\n<p><img decoding=\"async\" src=\"https:\/\/www.europesays.com\/de\/wp-content\/uploads\/2026\/08\/1788192318_119_newsletter-envelope.png\" alt=\"Newsletter Illustration\" class=\"h-full w-full max-w-full object-cover md:max-w-[226px] lg:max-w-[234px]\" loading=\"lazy\"\/>Hauptstadt Inside von J\u00f6rg Quoos, Chefredakteur der FUNKE Zentralredaktion<\/p>\n<p>Hinter den Kulissen der Politik &#8211; meinungsstark, exklusiv, relevant.<\/p>\n<p>Mit meiner Anmeldung zum Newsletter stimme ich der <a href=\"https:\/\/www.morgenpost.de\/service\/newsletter-adconsent\" class=\"text-copy-accent underline decoration-solid underline-offset-1 hover:text-primary-700\" rel=\"nofollow noopener\" target=\"_blank\">Werbevereinbarung<\/a> zu.<\/p>\n<p class=\"rich-text expressive-copy-lg-body my-6\">Bundeskanzler <a href=\"https:\/\/www.morgenpost.de\/politik\/friedrich-merz\/\" data-category-full-path=\"https:\/\/www.morgenpost.de\/politik\/\" data-paid-status=\"free\" data-article-publish-date=\"1641296550\" rel=\"nofollow noopener\" target=\"_blank\">Friedrich Merz (CDU) <\/a>hatte eine klare Reaktion der Bundesregierung auf die gescheiterte Drohnenattacke auf den Flughafen Leipzig\/Halle angek\u00fcndigt. Zu den konkreten Ma\u00dfnahmen \u00e4u\u00dferte sich Au\u00dfenminister Wadephul zun\u00e4chst ebenso wenig wie dazu, wen die Bundesregierung f\u00fcr den Drahtzieher h\u00e4lt. Unklar ist weiterhin auch, ob sich Merz pers\u00f6nlich zu Urhebern und Konsequenzen \u00e4u\u00dfern will.\u00a0Wie die \u201eBild\u201c berichtet, soll Merz bei der Pressekonferenz am Dienstag nicht zugegen sein.<\/p>\n<p><img decoding=\"async\" src=\"https:\/\/www.europesays.com\/de\/wp-content\/uploads\/2026\/09\/412998566_1788006251_v16_9_1200.jpeg\" class=\"relative z-10 block w-full object-cover aspect-[4\/3]\" alt=\"Friedrich Merz\" title=\"Bundeskanzler Friedrich Merz (CDU) spricht w\u00e4hrend einer Pressekonferenz im Rahmen eines kleinen EU-Gipfels zur Haushaltsplanung im Bundeskanzleramt. (zu dpa: \u00abMerz kondoliert: Mitgef\u00fchl in diesen \u00abschweren Stunden\u00bb\u00bb)\" loading=\"lazy\"\/><\/p>\n<p class=\"rich-text expressive-copy-lg-body my-6\">\u201eDeutschland l\u00e4sst sich in keiner Weise einsch\u00fcchtern, und das wird auch weiterhin die Grundeinstellung unserer Politik sein\u201c, sagte der Au\u00dfenminister am Dienstagmorgen am Rande seines Besuches in der algerischen Hauptstadt Algier.\u00a0Die Bundesregierung stehe \u201ean der Seite unseres ukrainischen Partners\u201c. Er betonte: \u201eRussland muss wissen, dass Deutschland ein Stabilit\u00e4tsfaktor in Europa ist, der immer auch zu Verhandlungen bereit ist, aber der sich in keiner Weise einsch\u00fcchtern l\u00e4sst.\u201c<\/p>\n<p>Wadephul k\u00fcndigt \u201ekonsequente Antwort\u201c auf Drohnen-Attacke an<\/p>\n<p class=\"rich-text expressive-copy-lg-body my-6\">Im ZDF-\u201eMorgenmagazin\u201c sagte Wadephul, man arbeite mit Hochdruck an der L\u00f6sung, aber diese m\u00fcsse sorgf\u00e4ltig abgestimmt werden. Man m\u00fcsse genau analysieren, welche Erkenntnisse man habe, und in Ruhe absprechen, welche Konsequenzen man daraus ziehe. \u201eEs wird aber eine konsequente Antwort der Bundesregierung geben\u201c, erg\u00e4nzte er. \u201eDeutschland muss sich so aufstellen, dass jeder, der uns angreift, wei\u00df, wir finden Antworten. Und das bereiten wir jetzt sorgf\u00e4ltig vor.\u201c<\/p>\n<p><img decoding=\"async\" src=\"https:\/\/www.europesays.com\/de\/wp-content\/uploads\/2026\/08\/412956831_1787639979_v16_9_1200.jpeg\" class=\"relative z-10 block w-full object-cover aspect-[4\/3]\" alt=\"Nach Drohnenvorfall am Flughafen Leipzig\/Halle: Polizisten laufen \u00fcber eine Wiese an einem Flughafen.\" title=\"Einsatzkr\u00e4fte der Polizei suchen ein Feld am Flughafen Leipzig\/Halle nach Spuren ab. Nach dem Drohnenvorfall in der Nacht zum Mittwoch (05.08.) laufen die Ermittlungen. Die f\u00fcr einen Angriff ausger\u00fcstete Drohne war nach Angaben aus Sicherheitskreisen nahe einer ukrainischen Transportmaschine sichergestellt worden. (zu dpa: \u00abMehrheit der Deutschen besorgt wegen Sprengstoff-Drohne\u00bb)\" loading=\"lazy\"\/><\/p>\n<p class=\"rich-text expressive-copy-lg-body my-6\">Eine mit Sprengstoff pr\u00e4parierte\u00a0Drohne\u00a0war am Abend des 4. August im Sicherheitsbereich des Flughafens Leipzig\/Halle zwischen ukrainischen Frachtmaschinen entdeckt worden. Merz hatte am Sonntag im ARD-Sommerinterview gesagt, die Ermittlungen st\u00fcnden kurz vor dem Abschluss. \u201eWir haben eine weitgehende Einigung in der Bundesregierung, wie wir reagieren.\u201c<\/p>\n<p class=\"rich-text expressive-copy-lg-body my-6\">Die Bundesregierung will ihre Reaktion auch mit europ\u00e4ischen Partnern und innerhalb der Nato abstimmen. Wadephul reist am Abend zum Treffen der EU-Au\u00dfenminister nach Irland.<\/p>\n<p class=\"my-6 text-brand\">fmg\/dpa<\/p>\n","protected":false},"excerpt":{"rendered":"Der Drohnen-Vorfall am Flughafen Leipzig\/Halle in der Nacht vom 4. auf den 5. August geht nach einem Bericht&hellip;\n","protected":false},"author":2,"featured_media":1273465,"comment_status":"","ping_status":"","sticky":false,"template":"","format":"standard","meta":{"footnotes":"","_share_on_mastodon":"0"},"categories":[1832],"tags":[3364,29,30,71,859],"class_list":["post-1273464","post","type-post","status-publish","format-standard","has-post-thumbnail","category-leipzig","tag-de","tag-deutschland","tag-germany","tag-leipzig","tag-sachsen"],"share_on_mastodon":{"url":"","error":""},"_links":{"self":[{"href":"https:\/\/www.europesays.com\/de\/wp-json\/wp\/v2\/posts\/1273464","targetHints":{"allow":["GET"]}}],"collection":[{"href":"https:\/\/www.europesays.com\/de\/wp-json\/wp\/v2\/posts"}],"about":[{"href":"https:\/\/www.europesays.com\/de\/wp-json\/wp\/v2\/types\/post"}],"author":[{"embeddable":true,"href":"https:\/\/www.europesays.com\/de\/wp-json\/wp\/v2\/users\/2"}],"replies":[{"embeddable":true,"href":"https:\/\/www.europesays.com\/de\/wp-json\/wp\/v2\/comments?post=1273464"}],"version-history":[{"count":0,"href":"https:\/\/www.europesays.com\/de\/wp-json\/wp\/v2\/posts\/1273464\/revisions"}],"wp:featuredmedia":[{"embeddable":true,"href":"https:\/\/www.europesays.com\/de\/wp-json\/wp\/v2\/media\/1273465"}],"wp:attachment":[{"href":"https:\/\/www.europesays.com\/de\/wp-json\/wp\/v2\/media?parent=1273464"}],"wp:term":[{"taxonomy":"category","embeddable":true,"href":"https:\/\/www.europesays.com\/de\/wp-json\/wp\/v2\/categories?post=1273464"},{"taxonomy":"post_tag","embeddable":true,"href":"https:\/\/www.europesays.com\/de\/wp-json\/wp\/v2\/tags?post=1273464"}],"curies":[{"name":"wp","href":"https:\/\/api.w.org\/{rel}","templated":true}]}}