{"id":1273477,"date":"2026-09-01T08:44:18","date_gmt":"2026-09-01T08:44:18","guid":{"rendered":"https:\/\/www.europesays.com\/de\/1273477\/"},"modified":"2026-09-01T08:44:18","modified_gmt":"2026-09-01T08:44:18","slug":"erste-wohnung-so-klappts-auch-mit-der-abfalltrennung","status":"publish","type":"post","link":"https:\/\/www.europesays.com\/de\/1273477\/","title":{"rendered":"Erste Wohnung: So klappt&#8217;s auch mit der Abfalltrennung"},"content":{"rendered":"<p class=\"date\">01.09.2026 \u2013 10:30<\/p>\n<p class=\"customer\">\n                        <a class=\"story-customer\" title=\"weiter zum newsroom von Initiative &quot;M\u00fclltrennung wirkt&quot;\" href=\"https:\/\/www.presseportal.de\/nr\/142102\" rel=\"nofollow noopener\" target=\"_blank\">Initiative &#8222;M\u00fclltrennung wirkt&#8220;<\/a>\n                    <\/p>\n<p><a class=\"glightbox event-trigger\" href=\"https:\/\/cache.pressmailing.net\/thumbnail\/story_hires\/7aa8a169-8f85-4b40-9060-d44d4e7258d8\/Pressefoto_Abfalltre~t_Marcella%20Merk.jpg.jpg\" data-description=\"Geh\u00f6rt zur umweltbewussten Haushaltsf\u00fchrung: richtige Abfalltrennung. \/ Weiterer Text \u00fcber ots und www.presseportal.de\/nr\/142102 \/ Die Verwendung dieses Bildes f\u00fcr redaktionelle Zwecke ist unter Beachtung aller mitgeteilten Nutzungsbedingungen zul\u00e4ssig und dann auch honorarfrei. Ver\u00f6ffentlichung ausschlie\u00dflich mit Bildrechte-Hinweis.\" data-category=\"medialightbox\" data-action=\"click\" data-label=\"single\" data-value=\"6a96837b270000fd2cc09c73\" rel=\"nofollow noopener\" target=\"_blank\"><img decoding=\"async\" height=\"540\" with=\"720\" src=\"https:\/\/www.europesays.com\/de\/wp-content\/uploads\/2026\/09\/erste-wohnung-so-klappt-s-auch-mit-der-abfalltrennung.jpeg\"   alt=\"Erste Wohnung: So klappt\" s=\"\" auch=\"\" mit=\"\" der=\"\" abfalltrennung=\"\" class=\"single\"\/><\/a><\/p>\n<p><a data-category=\"citylink-story-view\" data-action=\"click\" data-label=\"Citylink in Meldungsansicht\" class=\"story-city event-trigger\" href=\"https:\/\/www.presseportal.de\/regional\/K%F6ln\" title=\"News aus K\u00f6ln \" rel=\"nofollow noopener\" target=\"_blank\">K\u00f6ln<\/a> (ots)<\/p>\n<p><b>Ob Ausbildung oder Studium, im Sp\u00e4tsommer und Herbst beginnt f\u00fcr viele junge Menschen ein neuer Lebensabschnitt. Dazu geh\u00f6rt oft auch: bei den Eltern ausziehen. Doch pl\u00f6tzlich den eigenen Haushalt oder den einer WG zu organisieren, ist gar nicht so einfach. Kochen, waschen, putzen &#8211; und wie funktioniert das mit der M\u00fclltrennung? Das erkl\u00e4rt die Initiative &#8222;M\u00fclltrennung wirkt&#8220;. Denn mit der richtigen M\u00fclltrennung klappt es nicht nur mit Hausgemeinschaft und Vermieter*innen. Sie hilft au\u00dferdem, Klima und Ressourcen zu schonen.<\/b><\/p>\n<p> Damit Abf\u00e4lle getrennt gesammelt werden k\u00f6nnen, sorgen Vermieter*innen oder Hausverwaltungen f\u00fcr die notwendigen Abfallbeh\u00e4lter. F\u00fcr die richtige M\u00fclltrennung sind Mieter*innen selbst verantwortlich. Doch oft fehlt es an Wissen: Durchschnittlich 30 Prozent der in den Gelben Tonnen und Gelben S\u00e4cken gesammelten Abf\u00e4lle geh\u00f6ren dort nicht hinein.<b> &#8222;Falsch entsorgter Abfall kann zus\u00e4tzliche Kosten f\u00fcr alle Mieter*innen verursachen. Noch wichtiger ist: Richtige M\u00fclltrennung ist Voraussetzung f\u00fcr funktionierende Wertstoffkreisl\u00e4ufe&#8220;, <\/b>erkl\u00e4rt Axel Subklew, Sprecher der Initiative &#8222;M\u00fclltrennung wirkt&#8220;. Geraten Verpackungen aus Kunststoff, Glas oder Papier in den Restm\u00fcll, k\u00f6nnen sie nicht recycelt werden.Wie die richtige M\u00fclltrennung im neuen Zuhause funktioniert, erkl\u00e4rt die Initiative &#8222;M\u00fclltrennung wirkt&#8220;: <\/p>\n<p><b>Was kommt wohin? Die wichtigsten Regeln f\u00fcr den ersten eigenen Haushalt<\/b><\/p>\n<p><b>Gelbe Tonne und Gelber Sack: Verpackungen richtig entsorgen<\/b><\/p>\n<p> Die einfache Grundregel lautet: In die Gelbe Tonne und den Gelben Sack geh\u00f6ren ausschlie\u00dflich gebrauchte und restentleerte Verpackungen, die nicht aus Papier, Pappe, Karton oder Glas sind. <\/p>\n<p> Das sind Leichtverpackungen aus Kunststoff wie Joghurtbecher oder Shampooflaschen. Auch Aluminium- und Wei\u00dfblechverpackungen wie Konservendosen oder Senftuben und Verbund-materialien, zum Beispiel Getr\u00e4nkekartons, kommen in die Gelbe Tonne oder den Gelben Sack. <\/p>\n<p><b>Altpapier und Altglas<\/b><\/p>\n<p> Papier, Pappe und Karton werden in der Altpapiertonne gesammelt. Glasflaschen ohne Pfand und Einweggl\u00e4ser werden, nach Farben sortiert, in die entsprechenden Altglascontainer geworfen. <\/p>\n<p><b>Bio- und Restm\u00fcll<\/b><\/p>\n<p> Organische Abf\u00e4lle wie Gem\u00fcse- und Obstreste geh\u00f6ren in die Biotonne. Auch Speisereste d\u00fcrfen vielerorts dort hinein &#8211; welche Regeln genau gelten, legt die jeweilige Kommune fest. <\/p>\n<p> In die graue oder schwarze Tonne geh\u00f6rt der Restm\u00fcll. Das sind beispielsweise Hygieneartikel wie Papiertaschent\u00fccher, Einwegrasierer und gebrauchte K\u00fcchent\u00fccher sowie Zigarettenkippen. <\/p>\n<p><b>Richtig trennen: Darauf kommt es an<\/b><\/p>\n<p><b>Ausleeren, aber nicht aussp\u00fclen<\/b><\/p>\n<p> Verpackungen, die in die Gelbe Tonne oder den Gelben Sack entsorgt werden, sollten &#8222;restentleert&#8220;, also m\u00f6glichst frei von Resten sein. Aussp\u00fclen ist jedoch nicht n\u00f6tig. <\/p>\n<p><b>Deckel &amp; Co. ab<\/b><\/p>\n<p> Deckel, Verschluss- und Sichtfolien oder Kunststoffummantelungen getrennt von der Verpackung in die Gelbe Tonne oder den Gelben Sack entsorgen. So k\u00f6nnen unterschiedliche Materialien von den Sortieranlagen besser erkannt und recycelt werden. <\/p>\n<p><b>Nicht stapeln<\/b><\/p>\n<p> Verpackungen nicht ineinanderschieben oder stapeln &#8211; das erschwert die Arbeit der Sortieranlagen. Getr\u00e4nkekartons &amp; Co. k\u00f6nnen dagegen flachgedr\u00fcckt werden. <\/p>\n<p><b>Den Durchblick behalten<\/b><\/p>\n<p> Verpackungsabf\u00e4lle lose oder in transparenten Abfalls\u00e4cken in die Gelbe Tonne oder den Gelben Sack entsorgen. So k\u00f6nnen M\u00fcllwerker*innen falsch entsorgte Abf\u00e4lle bei der Abholung leichter erkennen. <\/p>\n<p><b>Vorsicht Brandgefahr: E-Zigaretten sicher entsorgen<\/b><\/p>\n<p> E-Zigaretten enthalten Lithium-Ionen-Batterien und geh\u00f6ren als Elektroger\u00e4te niemals in den Hausm\u00fcll &#8211; weder in die Gelbe Tonne oder den Gelben Sack noch in den Restm\u00fcll. Besch\u00e4digte Batterien k\u00f6nnen Br\u00e4nde verursachen. Ausgediente E-Vapes m\u00fcssen daher bei einer Sammelstelle f\u00fcr Elektroaltger\u00e4te abgegeben werden, etwa auf dem Wertstoffhof oder im Handel. Das gilt auch f\u00fcr andere Elektroger\u00e4te wie F\u00f6hn oder Toaster. <\/p>\n<p><b>M\u00fclltrennung: Gut f\u00fcr Klima und Ressourcen<\/b><\/p>\n<p> Richtige M\u00fclltrennung schont Klima und Ressourcen. Eine Studie des \u00d6ko-Instituts zeigt: Durch die Verwertung von Verpackungen aus der Gelben Tonne und dem Gelben Sack, aus Glas sowie aus Papier, Pappe und Karton werden in Deutschland j\u00e4hrlich 1,95 Millionen Tonnen CO2-\u00c4quivalente eingespart. Gleichzeitig werden durch Verpackungsrecycling im Jahr rund vier Millionen Tonnen Sekund\u00e4rrohstoffe erzeugt. Sie sind eine wichtige Rohstoffquelle f\u00fcr die Herstellung neuer Produkte. <\/p>\n<p> F\u00fcr den Einstieg in die richtige M\u00fclltrennung bietet die Initiative &#8222;M\u00fclltrennung wirkt&#8220; viele Tipps und \u00fcbersichtliche Trenntabellen zum  <a target=\"_blank\" class=\"uri-ext outbound\" rel=\"noopener nofollow\" href=\"https:\/\/www.muelltrennung-wirkt.de\/de\/digitale-helfer\/\"><b>Download<\/b><\/a> an. <\/p>\n<p> Bildmaterial und die Pressemitteilung zum Download sowie weitere Informationen zum Thema richtige M\u00fclltrennung finden Sie unter:  <a target=\"_blank\" class=\"uri-ext outbound\" rel=\"noopener nofollow\" href=\"https:\/\/www.muelltrennung-wirkt.de\/aktuelles\/pressemitteilungen\/\"><b>www.m\u00fclltrennung-wirkt.de\/presse<\/b><\/a><\/p>\n<p><b>\u00dcber &#8222;M\u00fclltrennung wirkt&#8220;<\/b><\/p>\n<p> &#8222;M\u00fclltrennung wirkt&#8220; ist eine Initiative der dualen Systeme in Deutschland. Die dualen Systeme organisieren mit ihren Dienstleistern aus der Entsorgungs- und Recyclingbranche die Sammlung, Sortierung und Verwertung gebrauchter Verkaufsverpackungen. Grundlage f\u00fcr ihre Arbeit ist das Verpackungsgesetz. An der bundesweiten Initiative &#8222;M\u00fclltrennung wirkt&#8220; sind aktuell zehn duale Systeme beteiligt. Gemeinsam wollen sie \u00fcber richtige Abfalltrennung und Recycling von Verpackungen aufkl\u00e4ren, mit Irrt\u00fcmern und M\u00fcllmythen aufr\u00e4umen und m\u00f6glichst viele Menschen zum Mitmachen motivieren. <\/p>\n<p class=\"contact-headline\">Pressekontakt:<\/p>\n<p class=\"contact-text\">Presseb\u00fcro &#8222;M\u00fclltrennung wirkt&#8220;<br \/>c\/o Maria Marberg<br \/>Mobil: +49 (0)175 59 64 229<br \/><a href=\"https:\/\/www.presseportal.de\/pm\/142102\/mailto:presse@muelltrennung-wirkt.de\" class=\"uri-mailto\" rel=\"nofollow noopener\" target=\"_blank\">presse@muelltrennung-wirkt.de<\/a><\/p>\n<p>Axel Subklew, Sprecher der Initiative &#8222;M\u00fclltrennung wirkt&#8220;<br \/>Tel.: +49 (0)2203 50 26 414 | Mobil: +49 (0)178 24 46 547<br \/><a href=\"https:\/\/www.presseportal.de\/pm\/142102\/mailto:subklew@muelltrennung-wirkt.de\" class=\"uri-mailto\" rel=\"nofollow noopener\" target=\"_blank\">subklew@muelltrennung-wirkt.de<\/a><\/p>\n<p class=\"originator\">Original-Content von: Initiative &#8222;M\u00fclltrennung wirkt&#8220;, \u00fcbermittelt durch news aktuell<\/p>\n","protected":false},"excerpt":{"rendered":"01.09.2026 \u2013 10:30 Initiative &#8222;M\u00fclltrennung wirkt&#8220; K\u00f6ln (ots) Ob Ausbildung oder Studium, im Sp\u00e4tsommer und Herbst beginnt f\u00fcr&hellip;\n","protected":false},"author":2,"featured_media":1273478,"comment_status":"","ping_status":"","sticky":false,"template":"","format":"standard","meta":{"footnotes":"","_share_on_mastodon":"0"},"categories":[1828],"tags":[11107,234477,3477,29,30,1420,1209,178,180,179,181,624,383,1463],"class_list":["post-1273477","post","type-post","status-publish","format-standard","has-post-thumbnail","category-koeln","tag-abfall","tag-abfalltrennung","tag-bild","tag-deutschland","tag-germany","tag-koeln","tag-nordrhein-westfalen","tag-presse","tag-pressemeldung","tag-pressemitteilung","tag-pressemitteilungen","tag-ratgeber","tag-umwelt","tag-wohnen"],"share_on_mastodon":{"url":"https:\/\/pubeurope.com\/@de\/117194909642998185","error":""},"_links":{"self":[{"href":"https:\/\/www.europesays.com\/de\/wp-json\/wp\/v2\/posts\/1273477","targetHints":{"allow":["GET"]}}],"collection":[{"href":"https:\/\/www.europesays.com\/de\/wp-json\/wp\/v2\/posts"}],"about":[{"href":"https:\/\/www.europesays.com\/de\/wp-json\/wp\/v2\/types\/post"}],"author":[{"embeddable":true,"href":"https:\/\/www.europesays.com\/de\/wp-json\/wp\/v2\/users\/2"}],"replies":[{"embeddable":true,"href":"https:\/\/www.europesays.com\/de\/wp-json\/wp\/v2\/comments?post=1273477"}],"version-history":[{"count":0,"href":"https:\/\/www.europesays.com\/de\/wp-json\/wp\/v2\/posts\/1273477\/revisions"}],"wp:featuredmedia":[{"embeddable":true,"href":"https:\/\/www.europesays.com\/de\/wp-json\/wp\/v2\/media\/1273478"}],"wp:attachment":[{"href":"https:\/\/www.europesays.com\/de\/wp-json\/wp\/v2\/media?parent=1273477"}],"wp:term":[{"taxonomy":"category","embeddable":true,"href":"https:\/\/www.europesays.com\/de\/wp-json\/wp\/v2\/categories?post=1273477"},{"taxonomy":"post_tag","embeddable":true,"href":"https:\/\/www.europesays.com\/de\/wp-json\/wp\/v2\/tags?post=1273477"}],"curies":[{"name":"wp","href":"https:\/\/api.w.org\/{rel}","templated":true}]}}