{"id":1273481,"date":"2026-09-01T08:47:23","date_gmt":"2026-09-01T08:47:23","guid":{"rendered":"https:\/\/www.europesays.com\/de\/1273481\/"},"modified":"2026-09-01T08:47:23","modified_gmt":"2026-09-01T08:47:23","slug":"fw-m-brand-in-labor-neuhausen","status":"publish","type":"post","link":"https:\/\/www.europesays.com\/de\/1273481\/","title":{"rendered":"FW-M: Brand in Labor (Neuhausen)"},"content":{"rendered":"<p class=\"date\">01.09.2026 \u2013 10:10<\/p>\n<p class=\"customer\">\n                        <a class=\"story-customer\" title=\"weiter zum newsroom von Feuerwehr M\u00fcnchen\" href=\"https:\/\/www.presseportal.de\/blaulicht\/nr\/131419\" rel=\"nofollow noopener\" target=\"_blank\">Feuerwehr M\u00fcnchen<\/a>\n                    <\/p>\n<p><a data-category=\"citylink-story-view\" data-action=\"click\" data-label=\"Citylink in Meldungsansicht\" class=\"story-city event-trigger\" href=\"https:\/\/www.presseportal.de\/regional\/M%FCnchen\" title=\"News aus M\u00fcnchen \" rel=\"nofollow noopener\" target=\"_blank\">M\u00fcnchen<\/a> (ots)<\/p>\n<p>Montag, 31. August 2026, 20.31 Uhr<\/p>\n<p>Arnulfstra\u00dfe<\/p>\n<p>Am Montagabend hat eine Sprinkleranlage das Feuer in einem Labor eines Geb\u00e4udes einged\u00e4mmt und damit eine gr\u00f6\u00dfere Brandausbreitung verhindert. Der entstandene Sachschaden liegt nach ersten Einsch\u00e4tzungen im sechsstelligen Bereich.<\/p>\n<p>Die im Geb\u00e4ude verbauten brandschutztechnischen Einrichtungen erkannten das Feuer und l\u00f6sten die Brandmeldeanlage aus. Gleichzeitig wurde durch die Sprinkleranlage die Brandbek\u00e4mpfung eingeleitet und der Feuerwehr automatisch gemeldet.<\/p>\n<p>Beim Eintreffen der alarmierten Einsatzkr\u00e4fte best\u00e4tigte sich die Ausl\u00f6sung der Brandmeldeanlage. Ein zur Erkundung vorgehender Trupp stellte im betroffenen Bereich eine leichte Verrauchung fest. Am Ausl\u00f6seort, einem Labor, fanden die Einsatzkr\u00e4fte ein noch schwelendes Klimager\u00e4t vor. Dieses wurde mithilfe eines Kleinl\u00f6schger\u00e4ts abgel\u00f6scht.<\/p>\n<p>Durch die ausgel\u00f6ste Sprinkleranlage war zudem eine gr\u00f6\u00dfere Menge Wasser in das Labor gelangt. Zur Beseitigung des Wasserschadens forderten die Einsatzkr\u00e4fte ein Kleinalarmfahrzeug mit einem weiteren Wassersauger an. Nach knapp einer Stunde war das Wasser auf einer Fl\u00e4che von rund 200 Quadratmetern weitgehend entfernt.<\/p>\n<p>In dem Labor befanden sich unter anderem sensible Messger\u00e4te sowie Platinen eines Herstellers f\u00fcr Mobilfunkger\u00e4te. Aufgrund der hochwertigen technischen Ausstattung entstand ein erheblicher Sachschaden. Die genaue Schadensh\u00f6he ist derzeit noch Gegenstand der Ermittlungen.<\/p>\n<p>Durch das fr\u00fchzeitige Erkennen des Brandes und das schnelle Eingreifen der Sprinkleranlage konnte eine weitere Ausbreitung des Feuers verhindert und der Schaden auf den betroffenen Bereich begrenzt werden.<\/p>\n<p>Zu diesem Einsatz liegen der Branddirektion M\u00fcnchen keine Fotos vor.<\/p>\n<p>(ret)<\/p>\n<p class=\"contact-headline\">R\u00fcckfragen von Medienvertretern bitte an:<\/p>\n<p class=\"contact-text\">Pressekontakt:<br \/>Feuerwehr M\u00fcnchen<br \/>Pressestelle<br \/>Telefon: 089 \/ 2353 31311<br \/>(Montag bis Donnerstag von 08:30 bis 15:00 Uhr, Freitag von 08:30 bis<br \/>12:00 Uhr)<br \/>E-Mail: <a href=\"https:\/\/www.presseportal.de\/blaulicht\/pm\/131419\/mailto:presse.feuerwehr@muenchen.de\" class=\"uri-mailto\" rel=\"nofollow noopener\" target=\"_blank\">presse.feuerwehr@muenchen.de<\/a><\/p>\n<p>Internet: <a target=\"_blank\" class=\"uri-ext outbound\" rel=\"noopener nofollow\" href=\"https:\/\/www.feuerwehr-muenchen.de\">www.feuerwehr-muenchen.de<\/a><br \/>Twitter: <a target=\"_blank\" class=\"uri-ext outbound\" rel=\"noopener nofollow\" href=\"https:\/\/www.twitter.com\/BFMuenchen\">www.twitter.com\/BFMuenchen<\/a><br \/>Facebook: <a target=\"_blank\" class=\"uri-ext outbound\" rel=\"noopener nofollow\" href=\"https:\/\/www.facebook.com\/feuerwehr.muenchen\/\">www.facebook.com\/feuerwehr.muenchen\/<\/a><br \/>LinkedIn: <a target=\"_blank\" class=\"uri-ext outbound\" rel=\"noopener nofollow\" href=\"https:\/\/www.linkedin.com\/company\/feuerwehrmuenchen\">www.linkedin.com\/company\/feuerwehrmuenchen<\/a><br \/>Instagram: <a target=\"_blank\" class=\"uri-ext outbound\" rel=\"noopener nofollow\" href=\"https:\/\/www.instagram.com\/feuerwehrmuenchen\/\">www.instagram.com\/feuerwehrmuenchen\/<\/a><\/p>\n<p class=\"originator\">Original-Content von: Feuerwehr M\u00fcnchen, \u00fcbermittelt durch news aktuell<\/p>\n<p>                <script async src=\"https:\/\/platform.twitter.com\/widgets.js\" charset=\"utf-8\"><\/script><script async src=\"\/\/www.instagram.com\/embed.js\"><\/script><\/p>\n","protected":false},"excerpt":{"rendered":"01.09.2026 \u2013 10:10 Feuerwehr M\u00fcnchen M\u00fcnchen (ots) Montag, 31. August 2026, 20.31 Uhr Arnulfstra\u00dfe Am Montagabend hat eine&hellip;\n","protected":false},"author":2,"featured_media":1266941,"comment_status":"","ping_status":"","sticky":false,"template":"","format":"standard","meta":{"footnotes":"","_share_on_mastodon":"0"},"categories":[1827],"tags":[772,2919,2918,29,985,30,1268,178,180,179,181],"class_list":["post-1273481","post","type-post","status-publish","format-standard","has-post-thumbnail","category-muenchen","tag-bayern","tag-brand","tag-by","tag-deutschland","tag-feuerwehr","tag-germany","tag-muenchen","tag-presse","tag-pressemeldung","tag-pressemitteilung","tag-pressemitteilungen"],"share_on_mastodon":{"url":"","error":""},"_links":{"self":[{"href":"https:\/\/www.europesays.com\/de\/wp-json\/wp\/v2\/posts\/1273481","targetHints":{"allow":["GET"]}}],"collection":[{"href":"https:\/\/www.europesays.com\/de\/wp-json\/wp\/v2\/posts"}],"about":[{"href":"https:\/\/www.europesays.com\/de\/wp-json\/wp\/v2\/types\/post"}],"author":[{"embeddable":true,"href":"https:\/\/www.europesays.com\/de\/wp-json\/wp\/v2\/users\/2"}],"replies":[{"embeddable":true,"href":"https:\/\/www.europesays.com\/de\/wp-json\/wp\/v2\/comments?post=1273481"}],"version-history":[{"count":0,"href":"https:\/\/www.europesays.com\/de\/wp-json\/wp\/v2\/posts\/1273481\/revisions"}],"wp:featuredmedia":[{"embeddable":true,"href":"https:\/\/www.europesays.com\/de\/wp-json\/wp\/v2\/media\/1266941"}],"wp:attachment":[{"href":"https:\/\/www.europesays.com\/de\/wp-json\/wp\/v2\/media?parent=1273481"}],"wp:term":[{"taxonomy":"category","embeddable":true,"href":"https:\/\/www.europesays.com\/de\/wp-json\/wp\/v2\/categories?post=1273481"},{"taxonomy":"post_tag","embeddable":true,"href":"https:\/\/www.europesays.com\/de\/wp-json\/wp\/v2\/tags?post=1273481"}],"curies":[{"name":"wp","href":"https:\/\/api.w.org\/{rel}","templated":true}]}}