{"id":1273485,"date":"2026-09-01T08:52:30","date_gmt":"2026-09-01T08:52:30","guid":{"rendered":"https:\/\/www.europesays.com\/de\/1273485\/"},"modified":"2026-09-01T08:52:30","modified_gmt":"2026-09-01T08:52:30","slug":"vater-geraet-in-verfolgungsjagd-in-hamburg-lebensgefahr","status":"publish","type":"post","link":"https:\/\/www.europesays.com\/de\/1273485\/","title":{"rendered":"Vater ger\u00e4t in Verfolgungsjagd in Hamburg \u2013 Lebensgefahr"},"content":{"rendered":"<p>Mann 20 Meter durch die Luft geschleudert <\/p>\n<p>Vater ger\u00e4t in Verfolgungsjagd \u2013 Lebensgefahr<\/p>\n<p>01.09.2026 &#8211; 10:21 UhrLesedauer: 2 Min.<\/p>\n<p><a href=\"#focus-0\" class=\"transition-colors block text-current relative\" data-sctrack=\"FocusGalleryImage.Reference\"><img fetchpriority=\"high\" data-testid=\"Opener.Image\"   loading=\"eager\" src=\"https:\/\/www.europesays.com\/de\/wp-content\/uploads\/2026\/09\/deu-deutschland-hamburg-06-072017-polizeihubschrauber-d-htwo-eurocopter-ec-135-p2-libelle-2-deu-germ.jpeg\" alt=\"imago 80881784\" title=\"imago 80881784\" width=\"1446\" height=\"813\" class=\"bg-[url:var(--lqipURL)] bg-cover bg-center flex h-full w-full max-w-full\" style=\"--lqipURL:url('https:\/\/images.t-online.de\/2026\/09\/mtdgnNyTxpG2\/727x564:1446x813\/fit-in\/150x0\/filters:blur(25)\/deu-deutschland-hamburg-06-072017-polizeihubschrauber-d-htwo-eurocopter-ec-135-p2-libelle-2-deu-germany-hamburg-06-07-2017-police-helicopters-d-htwo-eurocopter-ec-135-p2-dragonfly-2.jpg')\" decoding=\"async\"\/><img loading=\"lazy\" src=\"https:\/\/www.t-online.de\/s\/paper\/_next\/static\/media\/zoom-in.f7dae02f.svg\" alt=\"Vergr\u00f6\u00dfern des Bildes\" title=\"Vergr\u00f6\u00dfern des Bildes\" class=\"block h-[calc(var(--height)_\/_16_*_1rem)] w-[calc(var(--width)_\/_16_*_1rem)] max-w-none absolute right-8 bottom-8 rounded-4 bg-snow p-8\" style=\"--width:32;--height:32\" decoding=\"async\"\/><\/a><\/p>\n<p>Polizeihubschrauber in Hamburg (Symbolbild): Die Beamten verfolgten den Verd\u00e4chtigen am Montag auch aus der Luft. (Quelle: R\u00fcdiger W\u00f6lk\/imago)<\/p>\n<p><img loading=\"lazy\" src=\"https:\/\/www.t-online.de\/s\/paper\/_next\/static\/media\/audio-volume.6689034c.svg\" alt=\"\" title=\"\" class=\"block h-[calc(var(--height)_\/_16_*_1rem)] w-[calc(var(--width)_\/_16_*_1rem)] max-w-none group-hover:brightness-0 group-hover:invert\" style=\"--width:16;--height:16\" decoding=\"async\"\/>Vorlesen<\/p>\n<p>Aktuelle Zeit:0:00Gesamtdauer:0:00<\/p>\n<p>1x<img loading=\"lazy\" src=\"https:\/\/www.t-online.de\/s\/paper\/_next\/static\/media\/font-sizes.32942e33.svg\" alt=\"\" title=\"\" class=\"block h-[calc(var(--height)_\/_16_*_1rem)] w-[calc(var(--width)_\/_16_*_1rem)] max-w-none group-hover:hidden group-aria-expanded:hidden\" style=\"--width:16;--height:16\" decoding=\"async\"\/><img loading=\"lazy\" src=\"https:\/\/www.t-online.de\/s\/paper\/_next\/static\/media\/font-sizes-dark-mode.e382645c.svg\" alt=\"\" title=\"\" class=\"block h-[calc(var(--height)_\/_16_*_1rem)] w-[calc(var(--width)_\/_16_*_1rem)] max-w-none hidden group-hover:block group-aria-expanded:block\" style=\"--width:16;--height:16\" decoding=\"async\"\/><img loading=\"lazy\" src=\"https:\/\/www.t-online.de\/s\/paper\/_next\/static\/media\/sharing-menu-icon.1eb71368.svg\" alt=\"\" title=\"\" class=\"block h-[calc(var(--height)_\/_16_*_1rem)] w-[calc(var(--width)_\/_16_*_1rem)] max-w-none group-hover:brightness-0 group-hover:invert\" style=\"--width:16;--height:16\" decoding=\"async\"\/>Artikel teilen<\/p>\n<p class=\"font-bold text-18 leading-17 user-text-lg:text-22 user-text-xl:text-24\">N\u00f6rdlich von Hamburg f\u00e4llt der Polizei ein verd\u00e4chtiger Audi auf. Der Fahrer gibt Gas \u2013 und rast mit bis zu 190 km\/h davon. Nach 20 Kilometern geschieht es.<\/p>\n<p class=\"text-18 leading-17 user-text-lg:text-22 user-text-xl:text-24\">Bei einem schweren Unfall ist in <a href=\"https:\/\/hamburg.t-online.de\/region\/hamburg\/\" class=\"transition-colors cursor-pointer no-underline md:hover:text-magenta md:focus:text-magenta border-b border-solid border-current text-salemsfur md:hover:border-magenta\" data-tracking=\"{&quot;action&quot;:&quot;click&quot;,&quot;category&quot;:&quot;intextLink&quot;,&quot;label&quot;:&quot;https:\/\/hamburg.t-online.de\/region\/hamburg\/&quot;}\" data-sctrack=\"BodyAnchor\" rel=\"nofollow noopener\" target=\"_blank\">Hamburg<\/a> ein Radfahrer schwer verletzt worden. Wie die &#8222;Bild&#8220;-Zeitung berichtete, traf den 42-J\u00e4hrigen am Montagabend ein <a href=\"https:\/\/www.t-online.de\/themen\/audi\/\" class=\"transition-colors cursor-pointer no-underline md:hover:text-magenta md:focus:text-magenta border-b border-solid border-current text-salemsfur md:hover:border-magenta\" data-tracking=\"{&quot;action&quot;:&quot;click&quot;,&quot;category&quot;:&quot;intextLink&quot;,&quot;label&quot;:&quot;\/themen\/audi\/&quot;}\" data-sctrack=\"BodyAnchor\" rel=\"nofollow noopener\" target=\"_blank\">Audi<\/a>, der von zehn Streifenwagen und einem ein Polizeihubschrauber verfolgt wurde.<\/p>\n<p class=\"text-18 leading-17 user-text-lg:text-22 user-text-xl:text-24\">Der Radfahrer sei 20 Meter durch die Luft geschleudert worden. &#8222;Tag24&#8220; berichtete unter Berufung auf einen Polizeisprecher, dass der 42-J\u00e4hrige lebensgef\u00e4hrliche Verletzungen erlitt.<\/p>\n<ul class=\"text-18 leading-17 block pl-24 *:pb-16 *:before:inline-block *:before:size-8 *:before:bg-magenta *:before:mt-0 *:before:mr-12 *:before:mb-2 *:before:-ml-[20px]\">\n<li><strong class=\"font-bold\">Unfall auf wichtiger Route:<\/strong> <a href=\"https:\/\/www.t-online.de\/nachrichten\/panorama\/ungluecke\/id_101414306\/italien-unglueck-in-suedtirol-mann-hat-keine-chance.html\" class=\"transition-colors cursor-pointer no-underline md:hover:text-magenta md:focus:text-magenta border-b border-solid border-current text-salemsfur md:hover:border-magenta\" data-tracking=\"{&quot;action&quot;:&quot;click&quot;,&quot;category&quot;:&quot;intextLink&quot;,&quot;label&quot;:&quot;\/nachrichten\/panorama\/ungluecke\/id_101414306\/italien-unglueck-in-suedtirol-mann-hat-keine-chance.html&quot;}\" data-sctrack=\"BodyAnchor\" rel=\"nofollow noopener\" target=\"_blank\">Ungl\u00fcck in S\u00fcdtirol \u2013 Mann hat keine Chance<\/a><\/li>\n<li><strong class=\"font-bold\">Erst hohes Tempo und N\u00f6tigung, dann Unfall:<\/strong> <a href=\"https:\/\/www.t-online.de\/nachrichten\/panorama\/ungluecke\/id_101407660\/unfall-auf-der-a44-audi-tt-und-maserati-liefern-sich-rennen.html\" class=\"transition-colors cursor-pointer no-underline md:hover:text-magenta md:focus:text-magenta border-b border-solid border-current text-salemsfur md:hover:border-magenta\" data-tracking=\"{&quot;action&quot;:&quot;click&quot;,&quot;category&quot;:&quot;intextLink&quot;,&quot;label&quot;:&quot;\/nachrichten\/panorama\/ungluecke\/id_101407660\/unfall-auf-der-a44-audi-tt-und-maserati-liefern-sich-rennen.html&quot;}\" data-sctrack=\"BodyAnchor\" rel=\"nofollow noopener\" target=\"_blank\">Audi TT und Maserati liefern sich Rennen \u2013 dann kracht es<\/a><\/li>\n<\/ul>\n<p class=\"text-18 leading-17 user-text-lg:text-22 user-text-xl:text-24\">Der Audi war den Berichten zufolge zuvor einem Zeugen in <a href=\"https:\/\/www.t-online.de\/themen\/norderstedt\/\" class=\"transition-colors cursor-pointer no-underline md:hover:text-magenta md:focus:text-magenta border-b border-solid border-current text-salemsfur md:hover:border-magenta\" data-tracking=\"{&quot;action&quot;:&quot;click&quot;,&quot;category&quot;:&quot;intextLink&quot;,&quot;label&quot;:&quot;\/themen\/norderstedt\/&quot;}\" data-sctrack=\"BodyAnchor\" rel=\"nofollow noopener\" target=\"_blank\">Norderstedt<\/a> aufgefallen, rund 20 Kilometer n\u00f6rdlich von der sp\u00e4teren Unfallstelle an einer Kreuzung im Stadtteil Bahrenfeld. Der Fahrer sei m\u00f6glicherweise betrunken, soll der Zeuge der Polizei gemeldet haben.<\/p>\n<p>Unfall in Hamburg: Audi raste mit 100 km\/h durch die Stadt<\/p>\n<p class=\"text-18 leading-17 user-text-lg:text-22 user-text-xl:text-24\">Zuerst verfolgte der Zeuge den Audi und gab laufend die Position des Verd\u00e4chtigen durch, dann \u00fcbernahm die Polizei. Als der Audifahrer die Beamten bemerkte, habe dieser auf bis zu 190 km\/h beschleunigt und den ersten Streifenwagen abgeh\u00e4ngt, der die Verfolgung aufgenommen hatte, hie\u00df es. Die Fahrt f\u00fchrte \u00fcber die A7 bis ins Hamburger Stadtgebiet. Selbst in der Stadt soll der Audi noch knapp 100 km\/h schnell gewesen sein.<\/p>\n<p class=\"text-18 leading-17 user-text-lg:text-22 user-text-xl:text-24\">Gegen 18.49 Uhr geschah der Unfall, als der Audi bei Rot an einer Kreuzung abbog und \u00fcber eine Verkehrsinsel fuhr. Der 42-J\u00e4hrige sei inzwischen au\u00dfer Lebensgefahr, teilte die Polizei in der Nacht mit. Der Radfahrer \u00fcberlebte laut &#8222;Bild&#8220; wohl nur, weil er einen Helm trug. Das Unfallopfer soll Vater von zwei kleinen Kindern sein.<\/p>\n<p class=\"text-18 leading-17 user-text-lg:text-22 user-text-xl:text-24\">In dem Unfallwagen sa\u00dfen laut &#8222;Bild&#8220; drei M\u00e4nner und eine Frau. Die Polizei habe im Auto Drogen gefunden, vermutlich Crystal Meth. Der Fahrer des Wagens wurde in Gewahrsam genommen.<\/p>\n","protected":false},"excerpt":{"rendered":"Mann 20 Meter durch die Luft geschleudert Vater ger\u00e4t in Verfolgungsjagd \u2013 Lebensgefahr 01.09.2026 &#8211; 10:21 UhrLesedauer: 2&hellip;\n","protected":false},"author":2,"featured_media":1273486,"comment_status":"","ping_status":"","sticky":false,"template":"","format":"standard","meta":{"footnotes":"","_share_on_mastodon":"0"},"categories":[1826],"tags":[1434,764,22078,29,1213,30,692,5517,116877,121,9804,19318,1284,40],"class_list":["post-1273485","post","type-post","status-publish","format-standard","has-post-thumbnail","category-hamburg","tag-1434","tag-audi","tag-audi-tt","tag-deutschland","tag-gas","tag-germany","tag-hamburg","tag-lebensgefahr","tag-maserati","tag-polizei","tag-polizeihubschrauber","tag-suedtirol","tag-unfall","tag-verfolgungsjagd"],"share_on_mastodon":{"url":"","error":""},"_links":{"self":[{"href":"https:\/\/www.europesays.com\/de\/wp-json\/wp\/v2\/posts\/1273485","targetHints":{"allow":["GET"]}}],"collection":[{"href":"https:\/\/www.europesays.com\/de\/wp-json\/wp\/v2\/posts"}],"about":[{"href":"https:\/\/www.europesays.com\/de\/wp-json\/wp\/v2\/types\/post"}],"author":[{"embeddable":true,"href":"https:\/\/www.europesays.com\/de\/wp-json\/wp\/v2\/users\/2"}],"replies":[{"embeddable":true,"href":"https:\/\/www.europesays.com\/de\/wp-json\/wp\/v2\/comments?post=1273485"}],"version-history":[{"count":0,"href":"https:\/\/www.europesays.com\/de\/wp-json\/wp\/v2\/posts\/1273485\/revisions"}],"wp:featuredmedia":[{"embeddable":true,"href":"https:\/\/www.europesays.com\/de\/wp-json\/wp\/v2\/media\/1273486"}],"wp:attachment":[{"href":"https:\/\/www.europesays.com\/de\/wp-json\/wp\/v2\/media?parent=1273485"}],"wp:term":[{"taxonomy":"category","embeddable":true,"href":"https:\/\/www.europesays.com\/de\/wp-json\/wp\/v2\/categories?post=1273485"},{"taxonomy":"post_tag","embeddable":true,"href":"https:\/\/www.europesays.com\/de\/wp-json\/wp\/v2\/tags?post=1273485"}],"curies":[{"name":"wp","href":"https:\/\/api.w.org\/{rel}","templated":true}]}}