{"id":1273516,"date":"2026-09-01T09:20:21","date_gmt":"2026-09-01T09:20:21","guid":{"rendered":"https:\/\/www.europesays.com\/de\/1273516\/"},"modified":"2026-09-01T09:20:21","modified_gmt":"2026-09-01T09:20:21","slug":"konzern-kuendigt-ermittlungen-an-bericht-novartis-stoppt-nach-todesfaellen-zelltherapie-studien","status":"publish","type":"post","link":"https:\/\/www.europesays.com\/de\/1273516\/","title":{"rendered":"Konzern k\u00fcndigt Ermittlungen an: Bericht: Novartis stoppt nach Todesf\u00e4llen Zelltherapie-Studien"},"content":{"rendered":"<p>Konzern k\u00fcndigt Ermittlungen anBericht: Novartis stoppt nach Todesf\u00e4llen Zelltherapie-Studien<\/p>\n<p>01.09.2026, 09:29 Uhr <\/p>\n<p>Artikel anh\u00f6ren(01:52 min)<\/p>\n<p><img decoding=\"async\" class=\"Image_img__fQCi0 Image_Img_16_9__4BLfH widget-picture-inline_maximizable__t_E7h\" loading=\"eager\" fetchpriority=\"high\" src=\"https:\/\/www.europesays.com\/de\/wp-content\/uploads\/2026\/09\/465381187.webp\" alt=\"465381187\"\/>Novartis ist ein Riese der Pharmaindustrie. (Foto: picture alliance \/ Sipa USA)<\/p>\n<p class=\"Typography_text-m__XI0da Typography_weight-bold__uT6mq storyline_lead_text_leadtext__q_wg8\">Bei CAR-T-Therapien werden Immunzellen gezielt ver\u00e4ndert, um erkrankte Zellen zu bek\u00e4mpfen. Nach drei Todesf\u00e4llen stoppt der Schweizer Pharmakonzern Novartis mehrere Studien. In einem anderen Bereich verbucht das Unternehmen dagegen einen Erfolg.<\/p>\n<p class=\"Typography_text-default__P3otY Typography_weight-normal__pqUbH storyline_paragraph_p__qSR5N\">Der Schweizer Pharmakonzern Novartis hat einem Medienbericht zufolge nach dem Tod von drei Patienten mehrere klinische Studien f\u00fcr eine experimentelle Therapie ausgesetzt. Ende August seien acht Studien zu Behandlungen von Autoimmun- und neurologischen Erkrankungen gestoppt worden, berichtete das &#8222;Wall Street Journal&#8220; unter Berufung auf einen Unternehmenssprecher. Grund seien drei t\u00f6dliche F\u00e4lle einer schweren Immunreaktion. Wann sich diese ereigneten, ist unklar. <\/p>\n<p class=\"Typography_text-default__P3otY Typography_weight-normal__pqUbH storyline_paragraph_p__qSR5N\">Novartis nehme eine umfassende \u00dcberpr\u00fcfung der Vorf\u00e4lle vor, sagte der Sprecher gegen\u00fcber der Zeitung. Eine derartige Immunreaktion sei ein bekanntes Risiko bei der sogenannten CAR-T-Zell-Therapie. Das Unternehmen arbeite mit unabh\u00e4ngigen Sicherheitsgremien zusammen und teile seine Erkenntnisse mit den Aufsichtsbeh\u00f6rden.<\/p>\n<p class=\"Typography_text-default__P3otY Typography_weight-normal__pqUbH storyline_paragraph_p__qSR5N\">Bei CAR-T-Therapien werden die Immunzellen eines Patienten so ver\u00e4ndert, dass sie ein bestimmtes Ziel erkennen und Krebszellen zerst\u00f6ren. Auch der US-Konzern Bristol-Myers Squibb habe \u00e4hnliche Studien zu seiner CAR-T-Behandlung bei Autoimmunerkrankungen als Vorsichtsma\u00dfnahme pausiert, berichtete das Blatt weiter. Novartis und Bristol-Myers Squibb waren f\u00fcr eine Stellungnahme nicht zu erreichen.<\/p>\n<p>Erfolg bei MS-Studien<\/p>\n<p class=\"Typography_text-default__P3otY Typography_weight-normal__pqUbH storyline_paragraph_p__qSR5N\">Zugleich kann Novartis einen Erfolg verzeichnen. Das Unternehmen hat in entscheidenden Studien mit seinem Medikament Remibrutinib zur Behandlung von Multipler Sklerose (MS) positive Ergebnisse erzielt. Das Unternehmen plane nun, weltweit die Zulassung f\u00fcr das Mittel bei schubf\u00f6rmiger MS zu beantragen, teilte Novartis mit. Die Aktien des Konzerns legten daraufhin um fast f\u00fcnf Prozent zu.<\/p>\n<p class=\"Typography_text-default__P3otY Typography_weight-normal__pqUbH storyline_paragraph_p__qSR5N\">In den beiden Phase-III-Studien habe der Wirkstoff die j\u00e4hrliche R\u00fcckfallquote der Patienten im Vergleich zum Medikament Aubagio des franz\u00f6sischen Konkurrenten Sanofi signifikant gesenkt. Dar\u00fcber hinaus seien entz\u00fcndliche Hirnl\u00e4sionen verringert und das Fortschreiten k\u00f6rperlicher Einschr\u00e4nkungen verz\u00f6gert worden. Novartis hob auch die gute Vertr\u00e4glichkeit des Wirkstoffs hervor: So habe es in den Studien keine Hinweise auf Lebersch\u00e4den gegeben.<\/p>\n<p class=\"Typography_text-default__P3otY Typography_weight-normal__pqUbH storyline_paragraph_p__qSR5N\">Trotz Fortschritten bei der Behandlung bestehe weiterhin ein ungedeckter Bedarf an oralen Therapien, die R\u00fcckf\u00e4lle wirksam verhinderten, erkl\u00e4rte Novartis-Entwicklungschef Shreeram Aradhye. Detaillierte Daten sollen im Oktober auf einem MS-Kongress im kanadischen Toronto vorgestellt werden.<\/p>\n<p class=\"Typography_text-s__wu_cm Typography_weight-normal__pqUbH Typography_color-darkgrey__sZEnP article-detail-footer_source__KslPc\">Quelle: ntv.de, mwa\/rts<\/p>\n","protected":false},"excerpt":{"rendered":"Konzern k\u00fcndigt Ermittlungen anBericht: Novartis stoppt nach Todesf\u00e4llen Zelltherapie-Studien 01.09.2026, 09:29 Uhr Artikel anh\u00f6ren(01:52 min) Novartis ist ein&hellip;\n","protected":false},"author":2,"featured_media":1273517,"comment_status":"","ping_status":"","sticky":false,"template":"","format":"standard","meta":{"footnotes":"","_share_on_mastodon":"0"},"categories":[134],"tags":[175,170,169,29,30,920,1080,171,174,25049,6802,1719,1720,173,172,55],"class_list":["post-1273516","post","type-post","status-publish","format-standard","has-post-thumbnail","category-unternehmen-maerkte","tag-business","tag-companies","tag-companies-markets","tag-deutschland","tag-germany","tag-immunsystem","tag-krebs","tag-markets","tag-maerkte","tag-novartis","tag-pharmaindustrie","tag-todesfaelle","tag-todesursache","tag-unternehmen","tag-unternehmen-maerkte","tag-wirtschaft"],"share_on_mastodon":{"url":"https:\/\/pubeurope.com\/@de\/117195050815577149","error":""},"_links":{"self":[{"href":"https:\/\/www.europesays.com\/de\/wp-json\/wp\/v2\/posts\/1273516","targetHints":{"allow":["GET"]}}],"collection":[{"href":"https:\/\/www.europesays.com\/de\/wp-json\/wp\/v2\/posts"}],"about":[{"href":"https:\/\/www.europesays.com\/de\/wp-json\/wp\/v2\/types\/post"}],"author":[{"embeddable":true,"href":"https:\/\/www.europesays.com\/de\/wp-json\/wp\/v2\/users\/2"}],"replies":[{"embeddable":true,"href":"https:\/\/www.europesays.com\/de\/wp-json\/wp\/v2\/comments?post=1273516"}],"version-history":[{"count":0,"href":"https:\/\/www.europesays.com\/de\/wp-json\/wp\/v2\/posts\/1273516\/revisions"}],"wp:featuredmedia":[{"embeddable":true,"href":"https:\/\/www.europesays.com\/de\/wp-json\/wp\/v2\/media\/1273517"}],"wp:attachment":[{"href":"https:\/\/www.europesays.com\/de\/wp-json\/wp\/v2\/media?parent=1273516"}],"wp:term":[{"taxonomy":"category","embeddable":true,"href":"https:\/\/www.europesays.com\/de\/wp-json\/wp\/v2\/categories?post=1273516"},{"taxonomy":"post_tag","embeddable":true,"href":"https:\/\/www.europesays.com\/de\/wp-json\/wp\/v2\/tags?post=1273516"}],"curies":[{"name":"wp","href":"https:\/\/api.w.org\/{rel}","templated":true}]}}