{"id":1273536,"date":"2026-09-01T09:35:20","date_gmt":"2026-09-01T09:35:20","guid":{"rendered":"https:\/\/www.europesays.com\/de\/1273536\/"},"modified":"2026-09-01T09:35:20","modified_gmt":"2026-09-01T09:35:20","slug":"prostatakrebs-infoabend-im-st-barbara-hospital","status":"publish","type":"post","link":"https:\/\/www.europesays.com\/de\/1273536\/","title":{"rendered":"Prostatakrebs: Infoabend im St. Barbara-Hospital"},"content":{"rendered":"<p><a title=\"St. Barbara Hospital\" href=\"https:\/\/neue-gladbecker-zeitung.de\/demenz-unterstuetzung-fuer-angehoerige-und-bezugspersonen\/st-barbara-hospital-ngz_ergebnis-2\/\" rel=\"nofollow noopener\" target=\"_blank\"><img fetchpriority=\"high\" width=\"678\" height=\"381\" src=\"https:\/\/www.europesays.com\/de\/wp-content\/uploads\/2026\/09\/St.-Barbara-Hospital-NGZ_ergebnis.webp\" class=\"attachment-mh-magazine-content size-mh-magazine-content wp-post-image\" alt=\"St. Barbara-Hospital an der Barbarastra\u00dfe in Gladbeck\" title=\"St. Barbara Hospital\" loading=\"eager\" decoding=\"async\"  \/><\/a><br \/>\nDas St. Barbara-Hospital in Gladbeck l\u00e4dt am 2. September zu einem Informationsnachmittag \u00fcber Chemo- und Immuntherapie bei urologischen Krebserkrankungen ein. Foto: Neue Gladbecker Zeitung<\/p>\n<p><strong>Am Mittwoch, 2. September 2026, informiert das St. Barbara-Hospital Gladbeck \u00fcber moderne Behandlungsm\u00f6glichkeiten bei Prostatakrebs sowie weiteren urologischen Krebserkrankungen. Im Mittelpunkt stehen Chemotherapie und Immuntherapie in der Allgemeinen spezial\u00e4rztlichen Versorgung (ASV).<\/strong><\/p>\n<p><strong>Gladbeck \u2013 01.09.2026 \u2013\u00a0<\/strong>Der Vortrag beginnt um 15:30 Uhr im Gro\u00dfen Konferenzraum des St. Barbara-Hospitals. Eingeladen sind B\u00fcrgerinnen und B\u00fcrger. Der Eintritt ist frei.<\/p>\n<p>&gt;&gt;&gt; <strong>Den NGZ-Newsletter:<\/strong>\u00a0<a href=\"https:\/\/neue-gladbecker-zeitung.de\/newsletter-der-ngz\/\" target=\"_blank\" rel=\"noopener nofollow\" data-category-full-path=\"\/staedte\/gladbeck\/\" data-paid-status=\"free\" data-article-publish-date=\"1595937600\">hier gratis abonnieren<\/a>\u00a0|\u00a0<strong>Folgen Sie uns<\/strong>\u00a0<strong>auch<\/strong>\u00a0auf\u00a0<a href=\"https:\/\/www.facebook.com\/NeueGladbeckerZeitung\/\" target=\"_blank\" rel=\"noopener nofollow\">Facebook<\/a>\u00a0und auf\u00a0<a href=\"https:\/\/www.instagram.com\/neuegladbeckerzeitung\/\" target=\"_blank\" rel=\"noopener nofollow\">Instagram<\/a>\u00a0|<br \/><strong>Hier erhalten Sie alle Nachrichten sofort im<\/strong>\u00a0<a href=\"https:\/\/whatsapp.com\/channel\/0029VaAJZdH8F2pIH21PF72X\" target=\"_blank\" rel=\"noopener nofollow\">WhatsApp-Kanal<\/a> | Unsere: <a href=\"https:\/\/neue-gladbecker-zeitung.de\/blaulicht\/\" target=\"_blank\" rel=\"noopener nofollow\">Polizei- und Feuerwehrartikel<\/a> &lt;&lt;&lt;<\/p>\n<p>Wie werden Chemo- und Immuntherapien heute eingesetzt?<\/p>\n<p>Professor Dr. Bernhard Planz, Chefarzt der Klinik f\u00fcr Urologie, und Peter Kock, Vorsitzender der Prostata-Selbsthilfegruppe, laden gemeinsam zu der Informationsveranstaltung ein.<\/p>\n<p>Isabella Zaunbrecher, Fachwirtin f\u00fcr ambulante Medizin, erkl\u00e4rt, wie Chemotherapie und Immuntherapie heute in der Allgemeinen spezial\u00e4rztlichen Versorgung der Klinik f\u00fcr Urologie in Gladbeck eingesetzt werden. Dabei soll es vor allem um verst\u00e4ndliche Informationen aus der Praxis gehen.<\/p>\n<p>Die Veranstaltung richtet sich an Menschen, die sich \u00fcber moderne Behandlungsm\u00f6glichkeiten bei urologischen Krebserkrankungen informieren m\u00f6chten. Die <a href=\"https:\/\/neue-gladbecker-zeitung.de\/urologie-kinderurologie-prostatakrebs-in-gladbeck\/\" rel=\"nofollow noopener\" target=\"_blank\">Klinik f\u00fcr Urologie und Kinderurologie im St. Barbara-Hospital<\/a> besch\u00e4ftigt sich unter anderem mit Prostataerkrankungen und uroonkologischen Tumoren.<\/p>\n<p>Prostata-, Blasen- und Nierenkrebs im Mittelpunkt<\/p>\n<p>Bei dem Vortrag geht es unter anderem um die Frage, wie das eigene Immunsystem bei der Krebsbek\u00e4mpfung helfen kann. Au\u00dferdem werden Behandlungsm\u00f6glichkeiten bei Blasen-, Prostata- und Nierenkrebs vorgestellt.<\/p>\n<p>Auch die Frage, was Patientinnen und Patienten von den heutigen Therapien realistisch erwarten k\u00f6nnen, soll Thema des Nachmittags sein.<\/p>\n<p>\u00dcber Behandlungsm\u00f6glichkeiten bei Erkrankungen der Harnblase und moderne Verfahren in der Urologie hatte die NGZ bereits <a href=\"https:\/\/neue-gladbecker-zeitung.de\/harnblase-minimalinvasive-operationstechniken-erklaert\/\" rel=\"nofollow noopener\" target=\"_blank\">\u00fcber neue Operationstechniken bei der Harnblase<\/a> berichtet. Weitere Informationen zur Arbeit der Gladbecker Urologie und ihrer Behandlung von Prostatakrebs finden sich ebenfalls in einem <a href=\"https:\/\/neue-gladbecker-zeitung.de\/urologie-im-st-barbara-hospital-gladbeck-zertifiziert\/\" rel=\"nofollow noopener\" target=\"_blank\">fr\u00fcheren NGZ-Bericht \u00fcber das Prostata- und Blasenkrebszentrum<\/a>.<\/p>\n<p>Fragen sind ausdr\u00fccklich erw\u00fcnscht<\/p>\n<p>Im Anschluss an den Vortrag stehen Isabella Zaunbrecher, <strong>Prof. Dr. Bernhard Planz und Peter Kock<\/strong> f\u00fcr Fragen zur Verf\u00fcgung. Die Veranstalter m\u00f6chten die Informationen verst\u00e4ndlich vermitteln und Raum f\u00fcr einen offenen Austausch geben.<\/p>\n<p><strong>Termin:<\/strong> Mittwoch, 2. September 2026, 15:30 Uhr<\/p>\n<p><strong>Ort:<\/strong> St. Barbara-Hospital Gladbeck, Gro\u00dfer Konferenzraum, erreichbar \u00fcber die Mittelstra\u00dfe<\/p>\n<p>Der Eintritt ist frei.<\/p>\n<p><strong>Textvorlage:<\/strong> <a href=\"https:\/\/www.kern.ruhr\" target=\"_blank\" rel=\"noopener nofollow\">KERN Katholische Einrichtungen Ruhrgebiet Nord GmbH<\/a><\/p>\n<p><a style=\"color: #ff0000;\" href=\"https:\/\/neue-gladbecker-zeitung.de\" rel=\"nofollow noopener\" target=\"_blank\">Zur Startseite<\/a><\/p>\n<p>\t<script async src=\"\/\/www.instagram.com\/embed.js\"><\/script><\/p>\n","protected":false},"excerpt":{"rendered":"Das St. Barbara-Hospital in Gladbeck l\u00e4dt am 2. September zu einem Informationsnachmittag \u00fcber Chemo- und Immuntherapie bei urologischen&hellip;\n","protected":false},"author":2,"featured_media":1273537,"comment_status":"","ping_status":"","sticky":false,"template":"","format":"standard","meta":{"footnotes":"","_share_on_mastodon":"0"},"categories":[1848],"tags":[9094,3364,29,548,663,3934,3658,30,17275,13,11843,14,15,1209,262953,262954,262955,19001,12,168211,49922],"class_list":["post-1273536","post","type-post","status-publish","format-standard","has-post-thumbnail","category-gelsenkirchen","tag-chemotherapie","tag-de","tag-deutschland","tag-eu","tag-europa","tag-europe","tag-gelsenkirchen","tag-germany","tag-gladbeck","tag-headlines","tag-immuntherapie","tag-nachrichten","tag-news","tag-nordrhein-westfalen","tag-peter-kock","tag-prof-dr-bernhard-planz","tag-prostata-selbsthilfegruppe","tag-prostatakrebs","tag-schlagzeilen","tag-st-barbara-hospital","tag-urologie"],"share_on_mastodon":{"url":"https:\/\/pubeurope.com\/@de\/117195109759666945","error":""},"_links":{"self":[{"href":"https:\/\/www.europesays.com\/de\/wp-json\/wp\/v2\/posts\/1273536","targetHints":{"allow":["GET"]}}],"collection":[{"href":"https:\/\/www.europesays.com\/de\/wp-json\/wp\/v2\/posts"}],"about":[{"href":"https:\/\/www.europesays.com\/de\/wp-json\/wp\/v2\/types\/post"}],"author":[{"embeddable":true,"href":"https:\/\/www.europesays.com\/de\/wp-json\/wp\/v2\/users\/2"}],"replies":[{"embeddable":true,"href":"https:\/\/www.europesays.com\/de\/wp-json\/wp\/v2\/comments?post=1273536"}],"version-history":[{"count":0,"href":"https:\/\/www.europesays.com\/de\/wp-json\/wp\/v2\/posts\/1273536\/revisions"}],"wp:featuredmedia":[{"embeddable":true,"href":"https:\/\/www.europesays.com\/de\/wp-json\/wp\/v2\/media\/1273537"}],"wp:attachment":[{"href":"https:\/\/www.europesays.com\/de\/wp-json\/wp\/v2\/media?parent=1273536"}],"wp:term":[{"taxonomy":"category","embeddable":true,"href":"https:\/\/www.europesays.com\/de\/wp-json\/wp\/v2\/categories?post=1273536"},{"taxonomy":"post_tag","embeddable":true,"href":"https:\/\/www.europesays.com\/de\/wp-json\/wp\/v2\/tags?post=1273536"}],"curies":[{"name":"wp","href":"https:\/\/api.w.org\/{rel}","templated":true}]}}