{"id":1273544,"date":"2026-09-01T09:42:17","date_gmt":"2026-09-01T09:42:17","guid":{"rendered":"https:\/\/www.europesays.com\/de\/1273544\/"},"modified":"2026-09-01T09:42:17","modified_gmt":"2026-09-01T09:42:17","slug":"pol-ka-ka-karlsruhe-nach-versuchtem-handtaschenraub-in-der-innenstadt","status":"publish","type":"post","link":"https:\/\/www.europesays.com\/de\/1273544\/","title":{"rendered":"POL-KA: (KA) Karlsruhe &#8211; Nach versuchtem Handtaschenraub in der Innenstadt &#8211; &#8230;"},"content":{"rendered":"<p class=\"date\">01.09.2026 \u2013 11:39<\/p>\n<p class=\"customer\">\n                        <a class=\"story-customer\" title=\"weiter zum newsroom von Polizeipr\u00e4sidium Karlsruhe\" href=\"https:\/\/www.presseportal.de\/blaulicht\/nr\/110972\" rel=\"nofollow noopener\" target=\"_blank\">Polizeipr\u00e4sidium Karlsruhe<\/a>\n                    <\/p>\n<p><a data-category=\"citylink-story-view\" data-action=\"click\" data-label=\"Citylink in Meldungsansicht\" class=\"story-city event-trigger\" href=\"https:\/\/www.presseportal.de\/regional\/Karlsruhe\" title=\"News aus Karlsruhe \" rel=\"nofollow noopener\" target=\"_blank\">Karlsruhe<\/a> (ots)<\/p>\n<p>Zwei bislang unbekannte M\u00e4nner versuchten am Montagnachmittag in der Karlsruher Innenstadt einem 52-J\u00e4hrigen die Handtasche zu rauben. Die Kriminalpolizei sucht nun nach Zeugen.<\/p>\n<p>Nach derzeitigem Kenntnisstand hielt sich der 52-j\u00e4hrige Gesch\u00e4digte gegen 16:25 Uhr in einer Eisdiele in der Kaiserstra\u00dfe in der N\u00e4he des Marktplatzes auf, als ein bislang unbekannter Mann auf ihn zukam, ihn mit Handschlag begr\u00fc\u00dfte und in ein Gespr\u00e4ch verwickelte. W\u00e4hrend des Gespr\u00e4chs kam ein weiterer Unbekannter hinzu, der offenbar versuchte, die Herrenhandtasche des 52-j\u00e4hrigen unbemerkt zu \u00f6ffnen. Als das Tatopfer das Vorhaben des Mannes jedoch bemerkte, riss der Tatverd\u00e4chtige an der Tasche und versuchte diese gewaltsam an sich zu nehmen. Da ihm dies jedoch misslang und der 52-J\u00e4hrige durch lautes Rufen auf sich aufmerksam machte, ergriffen die beiden T\u00e4ter zu Fu\u00df die Flucht in Richtung Adlerstra\u00dfe.<\/p>\n<p>Trotz einer umgehend eingeleiteten Fahndung mit mehreren Polizeistreifen konnten die Tatverd\u00e4chtigen nicht mehr angetroffen werden.<\/p>\n<p>Bei den Verd\u00e4chtigen habe es sich um junge M\u00e4nner im Alter von etwa 20 bis 25 Jahren gehandelt. Beide seien etwa 170 bis 180 cm gro\u00df gewesen.<br \/>\nDer Mann, der das Tatopfer ablenkte, habe gebr\u00e4unte Haut und mutma\u00dflich blond gef\u00e4rbte Haare gehabt und ein rotes T-Shirt mit Streifen und eine dunkle Brille getragen.<br \/>\nDer zweite Angreifer sei etwas kr\u00e4ftiger gewesen als sein Begleiter, habe schwarze, nach hinten gegelte Haare gehabt und ein graues T-Shirt und einen goldenen Armring getragen.<\/p>\n<p>Zeugen werden gebeten, sich unter der Telefonnummer 0721 666-5555 an den Kriminaldauerdienst Karlsruhe zu wenden.<\/p>\n<p>Larissa Bollinger, Pressestelle<\/p>\n<p class=\"contact-headline\">R\u00fcckfragen bitte an:<\/p>\n<p class=\"contact-text\">Polizeipr\u00e4sidium Karlsruhe<br \/>Telefon: 0721 666-1111<br \/>E-Mail: <a href=\"https:\/\/www.presseportal.de\/blaulicht\/pm\/110972\/mailto:pressestelle.ka@polizei.bwl.de\" class=\"uri-mailto\" rel=\"nofollow noopener\" target=\"_blank\">pressestelle.ka@polizei.bwl.de<\/a><br \/><a target=\"_blank\" class=\"uri-ext outbound\" rel=\"noopener nofollow\" href=\"http:\/\/www.polizei-bw.de\/\">http:\/\/www.polizei-bw.de\/<\/a><\/p>\n<p class=\"originator\">Original-Content von: Polizeipr\u00e4sidium Karlsruhe, \u00fcbermittelt durch news aktuell<\/p>\n","protected":false},"excerpt":{"rendered":"01.09.2026 \u2013 11:39 Polizeipr\u00e4sidium Karlsruhe Karlsruhe (ots) Zwei bislang unbekannte M\u00e4nner versuchten am Montagnachmittag in der Karlsruher Innenstadt&hellip;\n","protected":false},"author":2,"featured_media":1266941,"comment_status":"","ping_status":"","sticky":false,"template":"","format":"standard","meta":{"footnotes":"","_share_on_mastodon":"0"},"categories":[1844],"tags":[1634,6187,3364,29,30,8903,177,121,178,180,179,181],"class_list":["post-1273544","post","type-post","status-publish","format-standard","has-post-thumbnail","category-karlsruhe","tag-baden-wuerttemberg","tag-bw","tag-de","tag-deutschland","tag-germany","tag-karlsruhe","tag-kriminalitt","tag-polizei","tag-presse","tag-pressemeldung","tag-pressemitteilung","tag-pressemitteilungen"],"share_on_mastodon":{"url":"https:\/\/pubeurope.com\/@de\/117195135163999506","error":""},"_links":{"self":[{"href":"https:\/\/www.europesays.com\/de\/wp-json\/wp\/v2\/posts\/1273544","targetHints":{"allow":["GET"]}}],"collection":[{"href":"https:\/\/www.europesays.com\/de\/wp-json\/wp\/v2\/posts"}],"about":[{"href":"https:\/\/www.europesays.com\/de\/wp-json\/wp\/v2\/types\/post"}],"author":[{"embeddable":true,"href":"https:\/\/www.europesays.com\/de\/wp-json\/wp\/v2\/users\/2"}],"replies":[{"embeddable":true,"href":"https:\/\/www.europesays.com\/de\/wp-json\/wp\/v2\/comments?post=1273544"}],"version-history":[{"count":0,"href":"https:\/\/www.europesays.com\/de\/wp-json\/wp\/v2\/posts\/1273544\/revisions"}],"wp:featuredmedia":[{"embeddable":true,"href":"https:\/\/www.europesays.com\/de\/wp-json\/wp\/v2\/media\/1266941"}],"wp:attachment":[{"href":"https:\/\/www.europesays.com\/de\/wp-json\/wp\/v2\/media?parent=1273544"}],"wp:term":[{"taxonomy":"category","embeddable":true,"href":"https:\/\/www.europesays.com\/de\/wp-json\/wp\/v2\/categories?post=1273544"},{"taxonomy":"post_tag","embeddable":true,"href":"https:\/\/www.europesays.com\/de\/wp-json\/wp\/v2\/tags?post=1273544"}],"curies":[{"name":"wp","href":"https:\/\/api.w.org\/{rel}","templated":true}]}}