{"id":1273545,"date":"2026-09-01T09:44:17","date_gmt":"2026-09-01T09:44:17","guid":{"rendered":"https:\/\/www.europesays.com\/de\/1273545\/"},"modified":"2026-09-01T09:44:17","modified_gmt":"2026-09-01T09:44:17","slug":"baden-marathon-karlsruhe-2026-alle-infos-zu-anmeldung-strecke-und-ergebnisse","status":"publish","type":"post","link":"https:\/\/www.europesays.com\/de\/1273545\/","title":{"rendered":"Baden-Marathon Karlsruhe 2026: Alle Infos zu Anmeldung, Strecke und Ergebnisse"},"content":{"rendered":"<p>            Baden-Marathon Karlsruhe 2026: Wann findet er statt und wie erhalte ich die Startnummer?<\/p>\n<p class=\"mb-6 text-xs-varying md:text-m lg:text-l font-serif group-[.font-sans]:font-sans \">\n    Am <strong class=\"font-bold\">Sonntag, 20. September,<\/strong> findet der <strong class=\"font-bold\">42. Baden-Marathon<\/strong> in <a href=\"https:\/\/www.ka-news.de\/promis\/karlsruhe-kulturlandschaft-technologieregion-und-residenz-des-rechts-die-faecherstadt-im-ueberblick-art-2783253\" target=\"_self\" class=\"underline \" rel=\"nofollow noopener\">Karlsruhe<\/a> statt. Ab diesem Jahr werden alle Startnummern <strong class=\"font-bold\">nach Hause versandt<\/strong>. Die Startnummern werden Ende August versandt.\n  <\/p>\n<p class=\"mb-6 text-xs-varying md:text-m lg:text-l font-serif group-[.font-sans]:font-sans \">\n    Sollte es doch zu Problemen kommen, k\u00f6nnen <strong class=\"font-bold\">Ersatznummern <\/strong>am Veranstaltungstag von <strong class=\"font-bold\">7 bis 9 Uhr <\/strong>am <strong class=\"font-bold\">Serviceschalter in der Europahalle<\/strong> abgeholt werden. Zur Abholung wird die Teilnahmebest\u00e4tigung ben\u00f6tigt.\n  <\/p>\n<p>            Baden-Marathon Karlsruhe 2026: Wann und wo starten die L\u00e4ufer?<\/p>\n<ul rel=\"\" class=\"[&amp;&gt;li]:relative list-none  [&amp;&gt;li]:pl-[1.2em] [&amp;&gt;li]:marker:text-[0] [&amp;&gt;li]:relative [&amp;&gt;li]:before:absolute [&amp;&gt;li]:before:w-3 [&amp;&gt;li]:before:h-3 [&amp;&gt;li]:before:bg-brand [&amp;&gt;li]:before:left-0 [&amp;&gt;li]:before:rounded-full [&amp;&gt;li]:before:top-[8px] md:[&amp;&gt;li]:before:top-[9px] lg:[&amp;&gt;li]:before:top-[11px]  my-5\">\n<li class=\" mb-3 text-xs-varying md:text-m lg:text-l\">Marathon, Halbmarathon, Walking: Ab\u00a09 Uhr\u00a0in der\u00a0Hermann-Veit-Stra\u00dfe 3, N\u00e4he Carl-Kaufmann-Stadion<\/li>\n<li class=\" mb-3 text-xs-varying md:text-m lg:text-l\">Team-Marathon: In mehreren Startwellen zwischen 11 und 12.15 Uhr in der G\u00fcnther-Klotz-Anlage auf der\u00a0zweiten H\u00e4lfte der Marathonstrecke\u00a0<\/li>\n<li class=\" mb-3 text-xs-varying md:text-m lg:text-l\">Gesundheitslauf: Um\u00a013 Uhr\u00a0am\u00a0Friedrichsplatz, Erbprinzenstra\u00dfe<\/li>\n<li class=\" mb-3 text-xs-varying md:text-m lg:text-l\">Inklusionslauf:\u00a0Um\u00a013.30 Uhr\u00a0am\u00a0Friedrichsplatz, Erbprinzenstra\u00dfe<\/li>\n<\/ul>\n<p>    <img decoding=\"async\" src=\"https:\/\/images.mgpd.de\/img\/115092871\/crop\/c16_9-w100\/1794563548\/46043730\/baden-marathon.jpg\" alt=\"Der Baden-Marathon in Karlsruhe. (Archivbild)\" title=\"Der Baden-Marathon in Karlsruhe. (Archivbild)\" loading=\"lazy\" class=\"h-full w-full object-cover\"\/><\/p>\n<p>      Icon vergr\u00f6\u00dfern<\/p>\n<p>    Der Baden-Marathon in Karlsruhe. (Archivbild)<br \/>\n    Foto: Thomas Riedel<\/p>\n<p>        Schlie\u00dfen <\/p>\n<p>      Icon Schlie\u00dfen<\/p>\n<p>        Icon vergr\u00f6\u00dfern<\/p>\n<p>        Icon verkleinern<\/p>\n<p>      Icon Pfeil bewegen<\/p>\n<p>    Der Baden-Marathon in Karlsruhe. (Archivbild)<br \/>\n    Foto: Thomas Riedel<\/p>\n<p>            Baden-Marathon Karlsruhe 2026: Zielschluss und Zeitlimit<\/p>\n<p class=\"mb-6 text-xs-varying md:text-m lg:text-l font-serif group-[.font-sans]:font-sans \">\n    <strong class=\"font-bold\">Der offizielle Zielschluss ist um 15.20 Uhr. <\/strong>Teilnehmer, die das Zeitlimit am jeweiligen Kilometerpunkt\u00a0\u00fcberschritten haben und nicht in der Lage sind, ihr Tempo zu erh\u00f6hen, m\u00fcssen die abgesperrte Strecke verlassen, da ab dem Zeitpunkt die Streckensperrung aufgehoben wird.\n  <\/p>\n<p>            Baden-Marathon Karlsruhe 2026: Anmeldung<\/p>\n<p class=\"mb-6 text-xs-varying md:text-m lg:text-l font-serif group-[.font-sans]:font-sans \">\n    Bis <strong class=\"font-bold\">Sonntag, 6. September<\/strong>, ist es noch m\u00f6glich, sich f\u00fcr den <strong class=\"font-bold\">Team-Marathon, Gesundheitslauf oder Inklusionslauf<\/strong>\u00a0anzumelden.\n  <\/p>\n<p class=\"mb-6 text-xs-varying md:text-m lg:text-l font-serif group-[.font-sans]:font-sans \">\n    Bei Anmeldungen\u00a0nach dem 23. August\u00a0wird die Startnummer nicht mehr nach Hause geschickt. Sie kann am Tag der Veranstaltung ab 6.30 Uhr\u00a0an den Kassenh\u00e4uschen der Europahalle abgeholt werden.\n  <\/p>\n<p>    <img decoding=\"async\" src=\"https:\/\/images.mgpd.de\/img\/115092865\/crop\/c16_9-w100\/1864080614\/1138076677\/baden-marathon.jpg\" alt=\"Der Baden-Marathon in Karlsruhe. (Archivbild)\" title=\"Der Baden-Marathon in Karlsruhe. (Archivbild)\" loading=\"lazy\" class=\"h-full w-full object-cover\"\/><\/p>\n<p>      Icon vergr\u00f6\u00dfern<\/p>\n<p>    Der Baden-Marathon in Karlsruhe. (Archivbild)<br \/>\n    Foto: Thomas Riedel<\/p>\n<p>        Schlie\u00dfen <\/p>\n<p>      Icon Schlie\u00dfen<\/p>\n<p>        Icon vergr\u00f6\u00dfern<\/p>\n<p>        Icon verkleinern<\/p>\n<p>      Icon Pfeil bewegen<\/p>\n<p>    Der Baden-Marathon in Karlsruhe. (Archivbild)<br \/>\n    Foto: Thomas Riedel<\/p>\n<p>            Baden-Marathon Karlsruhe 2026: Ummeldung<\/p>\n<p class=\"mb-6 text-xs-varying md:text-m lg:text-l font-serif group-[.font-sans]:font-sans \">\n    Laut den Veranstaltern ist die Ummeldung auf eine Ersatzperson \u00fcber den pers\u00f6nlichen \u00c4nderungslink auch nach dem Anmeldeschluss m\u00f6glich. Namens\u00e4nderungen auf der Startnummer sind allerdings nicht mehr m\u00f6glich. Au\u00dferdem wird die Startnummer weiterhin an den urspr\u00fcnglich angemeldeten Teilnehmer versendet.\n  <\/p>\n<p>    <img decoding=\"async\" src=\"https:\/\/images.mgpd.de\/img\/115092870\/crop\/c16_9-w100\/609544219\/51434977\/baden-marathon.jpg\" alt=\"Der Baden-Marathon in Karlsruhe. (Archivbild)\" title=\"Der Baden-Marathon in Karlsruhe. (Archivbild)\" loading=\"lazy\" class=\"h-full w-full object-cover\"\/><\/p>\n<p>      Icon vergr\u00f6\u00dfern<\/p>\n<p>    Der Baden-Marathon in Karlsruhe. (Archivbild)<br \/>\n    Foto: Thomas Riedel<\/p>\n<p>        Schlie\u00dfen <\/p>\n<p>      Icon Schlie\u00dfen<\/p>\n<p>        Icon vergr\u00f6\u00dfern<\/p>\n<p>        Icon verkleinern<\/p>\n<p>      Icon Pfeil bewegen<\/p>\n<p>    Der Baden-Marathon in Karlsruhe. (Archivbild)<br \/>\n    Foto: Thomas Riedel<\/p>\n<p class=\"mb-6 text-xs-varying md:text-m lg:text-l font-serif group-[.font-sans]:font-sans \">\n    Eine Ummeldung von Marathon auf Halbmarathon ist nicht notwendig. Die L\u00e4ufer k\u00f6nnen w\u00e4hrend des Laufs sp\u00e4testens an der Marathonweiche entscheiden, ob sie lieber den Halbmarathon laufen.\n  <\/p>\n<p>            Baden-Marathon Karlsruhe 2026: R\u00fccktritt<\/p>\n<p class=\"mb-6 text-xs-varying md:text-m lg:text-l font-serif group-[.font-sans]:font-sans \">\n    <strong class=\"font-bold\">Die Veranstalter erstatten bei einem R\u00fccktritt vom Baden-Marathon das Startgeld nicht zur\u00fcck<\/strong>. Die M\u00f6glichkeit der Buchung eines R\u00fccktrittsschutzes entf\u00e4llt dieses Jahr. Wer aus gesundheitlichen Gr\u00fcnden am Veranstaltungstag nicht am Baden-Marathon teilnehmen kann, hat die M\u00f6glichkeit die Veranstalter per E-Mail \u00fcber\u00a0<a href=\"https:\/\/www.ka-news.de\/karlsruhe\/freizeit-und-veranstaltungen\/mailto:info@baden-marathon.de\" rel=\"nofollow noopener\" target=\"_blank\" class=\"underline \">info@baden-marathon.de<\/a>\u00a0zu kontaktieren.\n  <\/p>\n<p>    <img decoding=\"async\" src=\"https:\/\/images.mgpd.de\/img\/115092981\/crop\/c16_9-w100\/790332461\/379501674\/baden-marathon-2022.jpg\" alt=\"Der Baden-Marathon in Karlsruhe. (Archivbild)\" title=\"Der Baden-Marathon in Karlsruhe. (Archivbild)\" loading=\"lazy\" class=\"h-full w-full object-cover\"\/><\/p>\n<p>      Icon vergr\u00f6\u00dfern<\/p>\n<p>    Der Baden-Marathon in Karlsruhe. (Archivbild)<br \/>\n    Foto: Thomas Riedel<\/p>\n<p>        Schlie\u00dfen <\/p>\n<p>      Icon Schlie\u00dfen<\/p>\n<p>        Icon vergr\u00f6\u00dfern<\/p>\n<p>        Icon verkleinern<\/p>\n<p>      Icon Pfeil bewegen<\/p>\n<p>    Der Baden-Marathon in Karlsruhe. (Archivbild)<br \/>\n    Foto: Thomas Riedel<\/p>\n<p class=\"mb-6 text-xs-varying md:text-m lg:text-l font-serif group-[.font-sans]:font-sans \">\n    Unter Vorlage eines \u00e4rztlichen Attests ist dann bis zu zwei\u00a0Wochen nach der Veranstaltung\u00a0gegen eine Bearbeitungsgeb\u00fchr von 10 Euro eine Erstattung des Startgeldes in Form eines Gutscheins f\u00fcr das Folgejahr m\u00f6glich. Der Gutschein ist nicht auf andere Personen oder Wettbewerbe \u00fcbertragbar.\n  <\/p>\n<p>            Baden-Marathon Karlsruhe 2026: Strecke des Marathons<\/p>\n<p class=\"mb-6 text-xs-varying md:text-m lg:text-l font-serif group-[.font-sans]:font-sans \">\n    Die Gesamtl\u00e4nge der Marathonstrecke betr\u00e4gt knapp <strong class=\"font-bold\">43 Kilometer<\/strong>. Sie verl\u00e4uft entlang dieser Anhaltspunkte:\n  <\/p>\n<ul rel=\"\" class=\"[&amp;&gt;li]:relative list-none  [&amp;&gt;li]:pl-[1.2em] [&amp;&gt;li]:marker:text-[0] [&amp;&gt;li]:relative [&amp;&gt;li]:before:absolute [&amp;&gt;li]:before:w-3 [&amp;&gt;li]:before:h-3 [&amp;&gt;li]:before:bg-brand [&amp;&gt;li]:before:left-0 [&amp;&gt;li]:before:rounded-full [&amp;&gt;li]:before:top-[8px] md:[&amp;&gt;li]:before:top-[9px] lg:[&amp;&gt;li]:before:top-[11px]  my-5\">\n<li class=\" mb-3 text-xs-varying md:text-m lg:text-l\">Start bei der Europahalle<\/li>\n<li class=\" mb-3 text-xs-varying md:text-m lg:text-l\">Ettlinger Tor\/<a href=\"https:\/\/www.ka-news.de\/region\/karlsruhe\/badisches-staatstheater-in-karlsruhe-oper-schauspiel-ballett-und-jahrhundert-baustelle-art-2831552\" target=\"_self\" class=\"underline \" rel=\"nofollow noopener\">Staatstheater<\/a><\/li>\n<li class=\" mb-3 text-xs-varying md:text-m lg:text-l\">Scheck-In Center<\/li>\n<li class=\" mb-3 text-xs-varying md:text-m lg:text-l\">Messplatz Karlsruhe<\/li>\n<li class=\" mb-3 text-xs-varying md:text-m lg:text-l\">Durlach<\/li>\n<li class=\" mb-3 text-xs-varying md:text-m lg:text-l\"><a href=\"https:\/\/www.ka-news.de\/region\/karlsruhe\/dreieinhalb-jahre-karlsruher-citypark-von-ungeloesten-problemen-und-neuen-bauprojekten-eine-bilanz-art-2589592\" target=\"_self\" class=\"underline \" rel=\"nofollow noopener\">Citypark<\/a><\/li>\n<li class=\" mb-3 text-xs-varying md:text-m lg:text-l\">Marktplatz<\/li>\n<li class=\" mb-3 text-xs-varying md:text-m lg:text-l\"><a href=\"https:\/\/www.ka-news.de\/region\/karlsruhe\/das-schloss-in-karlsruhe-das-wahrzeichen-der-faecherstadt-art-2806631\" target=\"_self\" class=\"underline \" rel=\"nofollow noopener\">Schloss Karlsruhe<\/a><\/li>\n<li class=\" mb-3 text-xs-varying md:text-m lg:text-l\"><a href=\"https:\/\/www.ka-news.de\/region\/karlsruhe\/alles-rund-um-den-zoo-karlsruhe-oeffnungszeiten-preise-und-geschichte-art-2762384\" target=\"_self\" class=\"underline \" rel=\"nofollow noopener\">Zoo Karlsruhe<\/a><\/li>\n<li class=\" mb-3 text-xs-varying md:text-m lg:text-l\">G\u00fcnther-Klotz-Anlage<\/li>\n<li class=\" mb-3 text-xs-varying md:text-m lg:text-l\">An der Haltestelle Schloss R\u00fcppurr vorbei<\/li>\n<li class=\" mb-3 text-xs-varying md:text-m lg:text-l\">Hauptbahnhof Karlsruhe<\/li>\n<li class=\" mb-3 text-xs-varying md:text-m lg:text-l\">Scheck-In Center<\/li>\n<li class=\" mb-3 text-xs-varying md:text-m lg:text-l\">Friedrichsplatz<\/li>\n<li class=\" mb-3 text-xs-varying md:text-m lg:text-l\">Ziel im Carl-Kaufmann-Stadion<\/li>\n<\/ul>\n<p>    <img decoding=\"async\" src=\"https:\/\/images.mgpd.de\/img\/111146608\/crop\/c16_9-w100\/241292303\/384529205\/img9020.jpg\" alt=\"Der Baden-Marathon in Karlsruhe. (Archivbild)\" title=\"Der Baden-Marathon in Karlsruhe. (Archivbild)\" loading=\"lazy\" class=\"h-full w-full object-cover\"\/><\/p>\n<p>      Icon vergr\u00f6\u00dfern<\/p>\n<p>    Der Baden-Marathon in Karlsruhe. (Archivbild)<br \/>\n    Foto: Thomas Riedel<\/p>\n<p>        Schlie\u00dfen <\/p>\n<p>      Icon Schlie\u00dfen<\/p>\n<p>        Icon vergr\u00f6\u00dfern<\/p>\n<p>        Icon verkleinern<\/p>\n<p>      Icon Pfeil bewegen<\/p>\n<p>    Der Baden-Marathon in Karlsruhe. (Archivbild)<br \/>\n    Foto: Thomas Riedel<\/p>\n<p>            Baden-Marathon Karlsruhe 2026: Strecke des Halbmarathons<\/p>\n<p class=\"mb-6 text-xs-varying md:text-m lg:text-l font-serif group-[.font-sans]:font-sans \">\n    Die Halbmarathonstrecke betr\u00e4gt\u00a0<strong class=\"font-bold\">21,1 Kilometer<\/strong>. Sie verl\u00e4uft entlang folgender Anhaltspunkte:\n  <\/p>\n<ul rel=\"\" class=\"[&amp;&gt;li]:relative list-none  [&amp;&gt;li]:pl-[1.2em] [&amp;&gt;li]:marker:text-[0] [&amp;&gt;li]:relative [&amp;&gt;li]:before:absolute [&amp;&gt;li]:before:w-3 [&amp;&gt;li]:before:h-3 [&amp;&gt;li]:before:bg-brand [&amp;&gt;li]:before:left-0 [&amp;&gt;li]:before:rounded-full [&amp;&gt;li]:before:top-[8px] md:[&amp;&gt;li]:before:top-[9px] lg:[&amp;&gt;li]:before:top-[11px]  my-5\">\n<li class=\" mb-3 text-xs-varying md:text-m lg:text-l\">Ettlinger Tor<\/li>\n<li class=\" mb-3 text-xs-varying md:text-m lg:text-l\">Marktplatz<\/li>\n<li class=\" mb-3 text-xs-varying md:text-m lg:text-l\">Schloss Karlsruhe<\/li>\n<li class=\" mb-3 text-xs-varying md:text-m lg:text-l\">Friedrichsplatz<\/li>\n<li class=\" mb-3 text-xs-varying md:text-m lg:text-l\">Stadtgarten<\/li>\n<li class=\" mb-3 text-xs-varying md:text-m lg:text-l\"><a href=\"https:\/\/www.ka-news.de\/region\/karlsruhe\/rutschen-sauna-preise-alles-wichtige-zum-europabad-karlsruhe-im-ueberblick-art-2807564\" target=\"_self\" class=\"underline \" rel=\"nofollow noopener\">Europabad<\/a>\u00a0<\/li>\n<\/ul>\n<p>    <img decoding=\"async\" src=\"https:\/\/images.mgpd.de\/img\/115092965\/crop\/c16_9-w100\/2082014232\/1121931014\/baden-marathon.jpg\" alt=\"Der Baden-Marathon in Karlsruhe. (Archivbild)\" title=\"Der Baden-Marathon in Karlsruhe. (Archivbild)\" loading=\"lazy\" class=\"h-full w-full object-cover\"\/><\/p>\n<p>      Icon vergr\u00f6\u00dfern<\/p>\n<p>    Der Baden-Marathon in Karlsruhe. (Archivbild)<br \/>\n    Foto: Thomas Riedel<\/p>\n<p>        Schlie\u00dfen <\/p>\n<p>      Icon Schlie\u00dfen<\/p>\n<p>        Icon vergr\u00f6\u00dfern<\/p>\n<p>        Icon verkleinern<\/p>\n<p>      Icon Pfeil bewegen<\/p>\n<p>    Der Baden-Marathon in Karlsruhe. (Archivbild)<br \/>\n    Foto: Thomas Riedel<\/p>\n<p>            Wann und wo gibt es die Ergebnisse des Baden-Marathons 2026?<\/p>\n<p class=\"mb-6 text-xs-varying md:text-m lg:text-l font-serif group-[.font-sans]:font-sans \">\n    Die Ergebnisse des Laufs werden nach dem Event auf der Webseite des Baden-Marathons unter <a href=\"https:\/\/www.badenmarathon.de\/ergebnisse\" rel=\"nofollow noopener\" target=\"_blank\" class=\"underline \">badenmarathon.de\/ergebnisse<\/a> ver\u00f6ffentlicht.\n  <\/p>\n","protected":false},"excerpt":{"rendered":"Baden-Marathon Karlsruhe 2026: Wann findet er statt und wie erhalte ich die Startnummer? Am Sonntag, 20. September, findet&hellip;\n","protected":false},"author":2,"featured_media":1273546,"comment_status":"","ping_status":"","sticky":false,"template":"","format":"standard","meta":{"footnotes":"","_share_on_mastodon":"0"},"categories":[1844],"tags":[3592,1634,3364,29,30,5946,135974,8903,4082,29562,262963,5945],"class_list":["post-1273545","post","type-post","status-publish","format-standard","has-post-thumbnail","category-karlsruhe","tag-anmeldung","tag-baden-wuerttemberg","tag-de","tag-deutschland","tag-germany","tag-halbmarathon","tag-inklusionslauf","tag-karlsruhe","tag-marathon","tag-startnummer","tag-startnummernvergabe","tag-startzeit"],"share_on_mastodon":{"url":"https:\/\/pubeurope.com\/@de\/117195145758061912","error":""},"_links":{"self":[{"href":"https:\/\/www.europesays.com\/de\/wp-json\/wp\/v2\/posts\/1273545","targetHints":{"allow":["GET"]}}],"collection":[{"href":"https:\/\/www.europesays.com\/de\/wp-json\/wp\/v2\/posts"}],"about":[{"href":"https:\/\/www.europesays.com\/de\/wp-json\/wp\/v2\/types\/post"}],"author":[{"embeddable":true,"href":"https:\/\/www.europesays.com\/de\/wp-json\/wp\/v2\/users\/2"}],"replies":[{"embeddable":true,"href":"https:\/\/www.europesays.com\/de\/wp-json\/wp\/v2\/comments?post=1273545"}],"version-history":[{"count":0,"href":"https:\/\/www.europesays.com\/de\/wp-json\/wp\/v2\/posts\/1273545\/revisions"}],"wp:featuredmedia":[{"embeddable":true,"href":"https:\/\/www.europesays.com\/de\/wp-json\/wp\/v2\/media\/1273546"}],"wp:attachment":[{"href":"https:\/\/www.europesays.com\/de\/wp-json\/wp\/v2\/media?parent=1273545"}],"wp:term":[{"taxonomy":"category","embeddable":true,"href":"https:\/\/www.europesays.com\/de\/wp-json\/wp\/v2\/categories?post=1273545"},{"taxonomy":"post_tag","embeddable":true,"href":"https:\/\/www.europesays.com\/de\/wp-json\/wp\/v2\/tags?post=1273545"}],"curies":[{"name":"wp","href":"https:\/\/api.w.org\/{rel}","templated":true}]}}