{"id":1273553,"date":"2026-09-01T09:49:14","date_gmt":"2026-09-01T09:49:14","guid":{"rendered":"https:\/\/www.europesays.com\/de\/1273553\/"},"modified":"2026-09-01T09:49:14","modified_gmt":"2026-09-01T09:49:14","slug":"bielefeld-tieraerzte-verlaengern-notdienst-bis-mitternacht","status":"publish","type":"post","link":"https:\/\/www.europesays.com\/de\/1273553\/","title":{"rendered":"Bielefeld: Tier\u00e4rzte verl\u00e4ngern Notdienst bis Mitternacht"},"content":{"rendered":"<p>Die Tierarztgemeinschaft Bielefeld\/Herford verl\u00e4ngert ihren Notdienst am Abend. Bis Mitternacht steht jetzt stets eine Tierarztpraxis bereit.<\/p>\n<p>Reaktion auf \u00c4nderungen bei AniCura<\/p>\n<p>Grund daf\u00fcr ist die Ank\u00fcndigung der Tierklinik AniCura in Bielefeld, ihren Notdienst in der Nacht einzustellen. Die Tier\u00e4rzte m\u00f6chten dies mit ihrem Angebot abfedern.<\/p>\n","protected":false},"excerpt":{"rendered":"Die Tierarztgemeinschaft Bielefeld\/Herford verl\u00e4ngert ihren Notdienst am Abend. Bis Mitternacht steht jetzt stets eine Tierarztpraxis bereit. Reaktion auf&hellip;\n","protected":false},"author":2,"featured_media":1273554,"comment_status":"","ping_status":"","sticky":false,"template":"","format":"standard","meta":{"footnotes":"","_share_on_mastodon":"0"},"categories":[1841],"tags":[262966,1605,3364,29,30,16398,1209,78782,21090],"class_list":["post-1273553","post","type-post","status-publish","format-standard","has-post-thumbnail","category-bielefeld","tag-anicura","tag-bielefeld","tag-de","tag-deutschland","tag-germany","tag-herford","tag-nordrhein-westfalen","tag-notdienst","tag-tieraerzte"],"share_on_mastodon":{"url":"https:\/\/pubeurope.com\/@de\/117195162766048985","error":""},"_links":{"self":[{"href":"https:\/\/www.europesays.com\/de\/wp-json\/wp\/v2\/posts\/1273553","targetHints":{"allow":["GET"]}}],"collection":[{"href":"https:\/\/www.europesays.com\/de\/wp-json\/wp\/v2\/posts"}],"about":[{"href":"https:\/\/www.europesays.com\/de\/wp-json\/wp\/v2\/types\/post"}],"author":[{"embeddable":true,"href":"https:\/\/www.europesays.com\/de\/wp-json\/wp\/v2\/users\/2"}],"replies":[{"embeddable":true,"href":"https:\/\/www.europesays.com\/de\/wp-json\/wp\/v2\/comments?post=1273553"}],"version-history":[{"count":0,"href":"https:\/\/www.europesays.com\/de\/wp-json\/wp\/v2\/posts\/1273553\/revisions"}],"wp:featuredmedia":[{"embeddable":true,"href":"https:\/\/www.europesays.com\/de\/wp-json\/wp\/v2\/media\/1273554"}],"wp:attachment":[{"href":"https:\/\/www.europesays.com\/de\/wp-json\/wp\/v2\/media?parent=1273553"}],"wp:term":[{"taxonomy":"category","embeddable":true,"href":"https:\/\/www.europesays.com\/de\/wp-json\/wp\/v2\/categories?post=1273553"},{"taxonomy":"post_tag","embeddable":true,"href":"https:\/\/www.europesays.com\/de\/wp-json\/wp\/v2\/tags?post=1273553"}],"curies":[{"name":"wp","href":"https:\/\/api.w.org\/{rel}","templated":true}]}}