{"id":1273578,"date":"2026-09-01T10:09:12","date_gmt":"2026-09-01T10:09:12","guid":{"rendered":"https:\/\/www.europesays.com\/de\/1273578\/"},"modified":"2026-09-01T10:09:12","modified_gmt":"2026-09-01T10:09:12","slug":"apple-netzteil-mit-bis-zu-60-watt-startet-in-deutschland-fuer-45-euro-leben-wissen","status":"publish","type":"post","link":"https:\/\/www.europesays.com\/de\/1273578\/","title":{"rendered":"Apple-Netzteil mit bis zu 60 Watt startet in Deutschland f\u00fcr 45 Euro | Leben &#038; Wissen"},"content":{"rendered":"<p><a class=\"skip-content skip-content--link\" href=\"#in-content-skip-link-target-v-0-0\">TTS-Player \u00fcberspringen\u21b5<\/a><a id=\"in-content-skip-link-target-v-0-0\" class=\"skip-content--target-link-hidden skip-content skip-content--target-link\" href=\"#in-content-skip-link-target-v-0-0\">Artikel weiterlesen<\/a><\/p>\n<p data-497f19fe=\"0-2264\"><b>Mit dem iPhone 17 unterst\u00fctzt erstmals ein Smartphone USB Power Delivery 3.2. Passend dazu bringt Apple sein neues Ladeger\u00e4t nun auch mit Eurostecker nach Deutschland. Das \u201e40W Dynamic Power\u201c-Netzteil kam im September 2025 zusammen mit dem iPhone 17 auf den Markt. In den USA war es sofort erh\u00e4ltlich. L\u00e4nder mit anderen Steckertypen mussten zun\u00e4chst darauf verzichten.<\/b><\/p>\n<p>Schneller laden mit USB PD 3.2<\/p>\n<p data-497f19fe=\"0-2264\">USB Power Delivery 3.2 ist die neueste Version des USB-Schnellladestandards. Neu ist AVS, kurz f\u00fcr \u201eAdjustable Voltage Supply\u201c. Damit l\u00e4sst sich die Ausgangsspannung genauer an den Bedarf des Ger\u00e4ts anpassen.<\/p>\n<p data-497f19fe=\"0-2264\">Statt nur feste Spannungsstufen zu nutzen, stimmen <a href=\"https:\/\/www.bild.de\/themen\/specials\/iphone\/digital-nachrichten-news-fotos-16853952.bild.html\" class=\"text-link\" rel=\"nofollow noopener\" target=\"_blank\">iPhone<\/a> und Netzteil die Energie\u00fcbertragung laufend ab. Das soll die Ladeleistung effizienter verteilen, die W\u00e4rmeentwicklung senken und schnelleres Laden erm\u00f6glichen.<\/p>\n<p data-497f19fe=\"0-2264\">Das Netzteil ist f\u00fcr 40 Watt ausgelegt. <a href=\"https:\/\/www.apple.com\/de\/shop\/product\/mgtu4zm\/a\/40w-dynamic-power-adapter-mit-60w-max?fnode=7330b2e92846e1d0f007a9001219a9914254caeaaacf4b02d37d18493f395c2971eef797beb88e86faeb7e02864ed95c0e5e5dce34296ecbac891c07467f03b73179d53362cd57839e3aa5e6878c9091f88962884c0f1955fece00537c3d03f2c4154ff0ac23c1124408a4711060ee32\" target=\"_blank\" rel=\"nofollow noopener\" class=\"text-link\">Laut Apple<\/a> kann es jedoch \u201edynamisch bis zu 60 Watt Leistung\u201c erreichen. Es ist das erste auf dem Markt erh\u00e4ltliche Ladeger\u00e4t, das USB PD 3.2 unterst\u00fctzt.<\/p>\n<p>Diese iPhones laden am schnellsten<\/p>\n<p data-497f19fe=\"0-2264\">iPhone 17, iPhone 17 Pro und iPhone 17 Pro Max erreichen mit dem Apple-Netzteil innerhalb von 20 Minuten einen Akkustand von 50 Prozent. Daf\u00fcr nutzen sie die erh\u00f6hte Leistung von bis zu 60 Watt.<\/p>\n<p data-497f19fe=\"0-2264\">Das iPhone Air unterst\u00fctzt dagegen nur USB PD 2.0. Trotz seines deutlich kleineren Akkus ben\u00f6tigt es 30 Minuten, um die Marke von 50 Prozent zu erreichen. Damit dauert der Vorgang zehn Minuten l\u00e4nger.<\/p>\n<p>Apple-Netzteil startet in Deutschland<\/p>\n<p data-497f19fe=\"0-2264\">In den USA kostet das Ladeger\u00e4t seit September 2025 39 US-Dollar. Zun\u00e4chst wurde es au\u00dferdem in weiteren L\u00e4ndern mit Typ-A-Stecker angeboten. Deutschland und andere europ\u00e4ische M\u00e4rkte blieben au\u00dfen vor.<\/p>\n<p data-497f19fe=\"0-2264\">Nun bietet <a href=\"https:\/\/www.bild.de\/digital\/multimedia\/apple\/apple-alle-infos-78214506.bild.html\" class=\"text-link\" rel=\"nofollow noopener\" target=\"_blank\">Apple<\/a> eine Ausf\u00fchrung mit Eurostecker an. Dieser Steckertyp wird in Deutschland und fast allen L\u00e4ndern des europ\u00e4ischen Festlands verwendet. Der offizielle Preis betr\u00e4gt hierzulande 45 Euro.<\/p>\n<p data-497f19fe=\"0-2264\">Inzwischen unterst\u00fctzen auch das Pixel Flex Dual Port mit 67 Watt, aktuelle Anker-Prime-Ger\u00e4te und Ugreen-Nexode-Pro-Modelle PD 3.2. Bei iPhones bleiben diese Alternativen jedoch auf 40 Watt begrenzt.<\/p>\n<p data-497f19fe=\"0-2264\">Nur Apples \u201e40W Dynamic Power Adapter mit 60W Max\u201c kann bei iPhone 17, 17 Pro und 17 Pro Max die Boost-Funktion mit bis zu 60 Watt nutzen.<\/p>\n","protected":false},"excerpt":{"rendered":"TTS-Player \u00fcberspringen\u21b5Artikel weiterlesen Mit dem iPhone 17 unterst\u00fctzt erstmals ein Smartphone USB Power Delivery 3.2. Passend dazu bringt&hellip;\n","protected":false},"author":2,"featured_media":1273579,"comment_status":"","ping_status":"","sticky":false,"template":"","format":"standard","meta":{"footnotes":"","_share_on_mastodon":"0"},"categories":[2],"tags":[19227,331,3924,332,3922,231,3364,29,30,13,5553,99823,149782,242405,26883,14,3923,15,3921,12,769],"class_list":["post-1273578","post","type-post","status-publish","format-standard","has-post-thumbnail","category-deutschland","tag-akku","tag-aktuelle-nachrichten","tag-aktuelle-nachrichten-aus-deutschland","tag-aktuelle-news","tag-aktuelle-news-aus-deutschland","tag-apple","tag-de","tag-deutschland","tag-germany","tag-headlines","tag-iphone","tag-ki-books","tag-ki-techbook","tag-leben-tech","tag-mobiltelefone","tag-nachrichten","tag-nachrichten-aus-deutschland","tag-news","tag-news-aus-deutschland","tag-schlagzeilen","tag-smartphone"],"share_on_mastodon":{"url":"https:\/\/pubeurope.com\/@de\/117195241413355243","error":""},"_links":{"self":[{"href":"https:\/\/www.europesays.com\/de\/wp-json\/wp\/v2\/posts\/1273578","targetHints":{"allow":["GET"]}}],"collection":[{"href":"https:\/\/www.europesays.com\/de\/wp-json\/wp\/v2\/posts"}],"about":[{"href":"https:\/\/www.europesays.com\/de\/wp-json\/wp\/v2\/types\/post"}],"author":[{"embeddable":true,"href":"https:\/\/www.europesays.com\/de\/wp-json\/wp\/v2\/users\/2"}],"replies":[{"embeddable":true,"href":"https:\/\/www.europesays.com\/de\/wp-json\/wp\/v2\/comments?post=1273578"}],"version-history":[{"count":0,"href":"https:\/\/www.europesays.com\/de\/wp-json\/wp\/v2\/posts\/1273578\/revisions"}],"wp:featuredmedia":[{"embeddable":true,"href":"https:\/\/www.europesays.com\/de\/wp-json\/wp\/v2\/media\/1273579"}],"wp:attachment":[{"href":"https:\/\/www.europesays.com\/de\/wp-json\/wp\/v2\/media?parent=1273578"}],"wp:term":[{"taxonomy":"category","embeddable":true,"href":"https:\/\/www.europesays.com\/de\/wp-json\/wp\/v2\/categories?post=1273578"},{"taxonomy":"post_tag","embeddable":true,"href":"https:\/\/www.europesays.com\/de\/wp-json\/wp\/v2\/tags?post=1273578"}],"curies":[{"name":"wp","href":"https:\/\/api.w.org\/{rel}","templated":true}]}}