{"id":1273586,"date":"2026-09-01T10:14:19","date_gmt":"2026-09-01T10:14:19","guid":{"rendered":"https:\/\/www.europesays.com\/de\/1273586\/"},"modified":"2026-09-01T10:14:19","modified_gmt":"2026-09-01T10:14:19","slug":"3-liga-msv-duisburg-und-sv-meppen-dominieren-elf-der-woche","status":"publish","type":"post","link":"https:\/\/www.europesays.com\/de\/1273586\/","title":{"rendered":"3. Liga: MSV Duisburg und SV Meppen dominieren Elf der Woche"},"content":{"rendered":"<p>Winkler h\u00e4lt mit Fortuna dagegen &#8211; Meppen stellt die Abwehr <\/p>\n<p data-start=\"772\" data-end=\"1271\">Vier Vereine haben am 3. Spieltag der 3. Liga mindestens zwei Spieler in die Elf der Woche von FuPa gebracht. Im Tor steht Lennart Winkler vom SC Fortuna K\u00f6ln. Der Aufsteiger setzte sich beim SC Verl mit 2:1 durch, obwohl die K\u00f6lner nach der Roten Karte gegen Luca Majetic ab der 43. Minute in Unterzahl spielten. Winkler absolvierte die komplette Begegnung. Fortuna K\u00f6ln wartet damit nach dem Aufstieg nicht mehr auf den ersten Sieg und steht nach drei Partien bei vier Punkten.<\/p>\n<p data-start=\"1273\" data-end=\"1596\">Die Abwehr f\u00fchrt Joshua Bitter vom MSV Duisburg an. Beim 3:0 gegen den FC W\u00fcrzburger Kickers spielte Bitter bis zur 64. Minute. Der Tabellenf\u00fchrer lie\u00df zum zweiten Mal in drei Saisonspielen kein Gegentor zu und steht als einzige Mannschaft der Liga nach drei Partien bei der maximalen Ausbeute von neun Punkten.<\/p>\n<p data-start=\"1598\" data-end=\"2030\">Gleich zwei Abwehrspieler kommen vom SV Meppen. Tobias Mi\u00dfner stand beim \u00fcberraschend klaren 3:0 bei Alemannia Aachen bis zur 56. Minute auf dem Feld. Dominique Domr\u00f6se absolvierte die gesamte Partie. Der Aufsteiger f\u00fchrte bereits nach elf Minuten mit 2:0 und brachte den Vorsprung ohne Gegentreffer \u00fcber die komplette Spielzeit. Nach der Auftaktniederlage in Duisburg hat Meppen damit zweimal nacheinander gewonnen.<\/p>\n<p> Nadj und Deters treffen &#8211; Gjasula setzt Hoffenheims Ausrufezeichen <\/p>\n<p data-start=\"2103\" data-end=\"2359\">Auch im Mittelfeld ist Meppen doppelt vertreten. Niclas Nadj sorgte in Aachen noch vor der Pause f\u00fcr klare Verh\u00e4ltnisse. In der 43. Minute traf er zum 3:0 und stellte damit bereits den sp\u00e4teren Endstand her. Nadj blieb bis zur 84. Minute auf dem Platz.<\/p>\n<p data-start=\"2361\" data-end=\"2687\">Thorben Deters hatte den Meppener Erfolg fr\u00fch auf den Weg gebracht. Schon in der 9. Minute erzielte er die 1:0-F\u00fchrung, zwei Minuten sp\u00e4ter legte Cyrill Akono den zweiten Treffer nach. Deters wurde in der 72. Minute ausgewechselt. Mit sechs Punkten aus drei Spielen ist Meppen als Aufsteiger bis auf Rang sechs geklettert.<\/p>\n<p data-start=\"2689\" data-end=\"2929\">Ebenfalls im Mittelfeld dabei ist Christian Viet vom MSV. Duisburg f\u00fchrte gegen W\u00fcrzburg bereits zur Pause mit 2:0. In der 71. Minute erzielte Viet den Treffer zum 3:0-Endstand und unterstrich damit den perfekten Saisonstart der Zebras.<\/p>\n<p data-start=\"2931\" data-end=\"3291\">Die vierte Position geht an Klaus Gjasula von der TSG 1899 Hoffenheim II. Die Hoffenheimer feierten beim 5:1 gegen den SSV Jahn Regensburg den h\u00f6chsten Sieg des Spieltags. Gjasula traf in der 69. Minute zum 4:1 und wurde in der 82. Minute ausgewechselt. Der Drittliga-Nachwuchs steht nach zwei Siegen aus drei Spielen auf dem dritten Tabellenplatz.<\/p>\n<p> Drei Doppeltorsch\u00fctzen bilden den Angriff <\/p>\n<p data-start=\"3339\" data-end=\"3754\">Auch ein weiterer Hoffenheimer spielte sich mit zwei Treffern in die Elf der Woche. Muhammed Yasin Batuhan Zor er\u00f6ffnete gegen Regensburg in der 18. Minute mit dem 1:0 den Torreigen. Nach dem zwischenzeitlichen Anschlusstreffer des Jahn schlug Zor in der 62. Minute erneut zu und erh\u00f6hte auf 3:1. In der 76. Minute war seine Partie beendet. Hoffenheim kommt nach drei Spieltagen bereits auf neun eigene Treffer.<\/p>\n<p data-start=\"3756\" data-end=\"4131\">Noch besser l\u00e4uft es f\u00fcr den MSV. Lex-Tyger Lobinger stellte gegen W\u00fcrzburg innerhalb von sechs Minuten fr\u00fch die Weichen auf den dritten Sieg. Der Angreifer erzielte in der 8. Minute das 1:0 und legte bereits in der 14. Minute das 2:0 nach. Lobinger wurde nach 64 Minuten ausgewechselt. Duisburg f\u00fchrt die Tabelle nun mit neun Punkten und einem Torverh\u00e4ltnis von 10:2 an.<\/p>\n<p data-start=\"4133\" data-end=\"4610\">Der dritte Doppeltorsch\u00fctze im Angriff ist David Otto von Viktoria K\u00f6ln. Beim 4:1 gegen Absteiger SC Preu\u00dfen M\u00fcnster traf Otto zun\u00e4chst in der 13. Minute zum 2:0. Nachdem M\u00fcnster verk\u00fcrzt hatte, stellte er kurz vor der Pause mit seinem zweiten Treffer den Zwei-Tore-Abstand wieder her und erh\u00f6hte in der 44. Minute auf 3:1. Otto absolvierte die komplette Begegnung. Die Viktoria holte damit ihren zweiten Sieg nacheinander und steht mit sechs Punkten auf Rang vier.<\/p>\n<p> Meppen stellt das gr\u00f6\u00dfte Kontingent <\/p>\n<p data-start=\"4652\" data-end=\"5041\">Der 3. Spieltag spiegelt sich deutlich in der Zusammensetzung der Elf der Woche wider. Meppen stellt mit Mi\u00dfner, Domr\u00f6se, Nadj und Deters gleich vier Spieler und damit das gr\u00f6\u00dfte Kontingent. Tabellenf\u00fchrer Duisburg ist durch Bitter, Viet und Lobinger dreimal vertreten. Hoffenheim II bringt Gjasula und Zor in die Auswahl, Fortuna K\u00f6ln ist durch Winkler und Viktoria K\u00f6ln durch Otto dabei.<\/p>\n<p>  <a href=\"https:\/\/www.whatsapp.com\/channel\/0029Vb5tatq7YSd7RQ1YRB2y\" target=\"_blank\" rel=\"noopener nofollow\">&gt;&gt;&gt; Folge der 3. Liga auf WhatsApp<\/a><\/p>\n","protected":false},"excerpt":{"rendered":"Winkler h\u00e4lt mit Fortuna dagegen &#8211; Meppen stellt die Abwehr Vier Vereine haben am 3. Spieltag der 3.&hellip;\n","protected":false},"author":2,"featured_media":1273587,"comment_status":"","ping_status":"","sticky":false,"template":"","format":"standard","meta":{"footnotes":"","_share_on_mastodon":"0"},"categories":[1838],"tags":[3729,995,999,261933,262381,3364,29,262972,3715,17501,5955,115117,3132,30,262968,6919,97267,159785,3721,262969,262970,1209,3714,5806,16376,9622,21034,16757,25243,16438,22506,67162,262971,968,27050,2915,6921],"class_list":["post-1273586","post","type-post","status-publish","format-standard","has-post-thumbnail","category-duisburg","tag-1-fc-saarbruecken","tag-3-liga","tag-alemannia-aachen","tag-christian-viet","tag-david-otto","tag-de","tag-deutschland","tag-dominique-domroese","tag-duisburg","tag-f-c-hansa-rostock","tag-fc-ingolstadt-04","tag-fc-wuerzburger-kickers","tag-fortuna-duesseldorf","tag-germany","tag-joshua-bitter","tag-klaus-gjasula","tag-lennart-winkler","tag-lex-tyger-lobinger","tag-msv-duisburg","tag-muhammed-yasin-batuhan-zor","tag-niclas-nadj","tag-nordrhein-westfalen","tag-rot-weiss-essen","tag-sc-fortuna-koeln","tag-sc-preussen-muenster","tag-sc-verl","tag-sg-sonnenhof-grossaspach","tag-ssv-jahn-regensburg","tag-sv-meppen","tag-sv-waldhof-mannheim","tag-sv-wehen-wiesbaden","tag-thorben-deters","tag-tobias-missner","tag-tsg-1899-hoffenheim","tag-tsv-havelse","tag-vfb-stuttgart","tag-viktoria-koeln"],"share_on_mastodon":{"url":"","error":"Validation failed: Text character limit of 500 exceeded"},"_links":{"self":[{"href":"https:\/\/www.europesays.com\/de\/wp-json\/wp\/v2\/posts\/1273586","targetHints":{"allow":["GET"]}}],"collection":[{"href":"https:\/\/www.europesays.com\/de\/wp-json\/wp\/v2\/posts"}],"about":[{"href":"https:\/\/www.europesays.com\/de\/wp-json\/wp\/v2\/types\/post"}],"author":[{"embeddable":true,"href":"https:\/\/www.europesays.com\/de\/wp-json\/wp\/v2\/users\/2"}],"replies":[{"embeddable":true,"href":"https:\/\/www.europesays.com\/de\/wp-json\/wp\/v2\/comments?post=1273586"}],"version-history":[{"count":0,"href":"https:\/\/www.europesays.com\/de\/wp-json\/wp\/v2\/posts\/1273586\/revisions"}],"wp:featuredmedia":[{"embeddable":true,"href":"https:\/\/www.europesays.com\/de\/wp-json\/wp\/v2\/media\/1273587"}],"wp:attachment":[{"href":"https:\/\/www.europesays.com\/de\/wp-json\/wp\/v2\/media?parent=1273586"}],"wp:term":[{"taxonomy":"category","embeddable":true,"href":"https:\/\/www.europesays.com\/de\/wp-json\/wp\/v2\/categories?post=1273586"},{"taxonomy":"post_tag","embeddable":true,"href":"https:\/\/www.europesays.com\/de\/wp-json\/wp\/v2\/tags?post=1273586"}],"curies":[{"name":"wp","href":"https:\/\/api.w.org\/{rel}","templated":true}]}}