{"id":1273588,"date":"2026-09-01T10:16:18","date_gmt":"2026-09-01T10:16:18","guid":{"rendered":"https:\/\/www.europesays.com\/de\/1273588\/"},"modified":"2026-09-01T10:16:18","modified_gmt":"2026-09-01T10:16:18","slug":"der-alltaegliche-kampf-ums-ueberleben-so-geht-es-dem-circus-barnum-in-aichach-friedberg","status":"publish","type":"post","link":"https:\/\/www.europesays.com\/de\/1273588\/","title":{"rendered":"Der allt\u00e4gliche Kampf ums \u00dcberleben: So geht es dem Circus Barnum in Aichach-Friedberg"},"content":{"rendered":"<p class=\"mb-6 text-xs-varying md:text-m lg:text-l font-serif group-[.font-sans]:font-sans \">\n    Als Markus Kaiser vor seinem Wohnwagen Platz  nimmt, wirkt der Ort f\u00fcr einen Moment weniger wie ein Zirkus als wie ein Campingplatz am Mittelmeer. Neben der T\u00fcr  stehen Kocht\u00f6pfe und ein K\u00fchlschrank, ein paar Meter weiter grasen Kamele. <a href=\"https:\/\/www.augsburger-allgemeine.de\/friedberg\/circus-barnum-kommt-ab-28-august-2026-nach-derching-bei-augsburg-115051594\" target=\"_self\" class=\"underline \" rel=\"nofollow noopener\">Bis 6. September gastiert der Zirkus in Derching.<\/a> Ist das Leben hier wirklich so ein Idyll?\n  <\/p>\n<p class=\"mb-6 text-xs-varying md:text-m lg:text-l font-serif group-[.font-sans]:font-sans \">\n    Der Zirkusdirektor ist in siebter Generation im Gesch\u00e4ft. \u201eIch bin hier geboren\u201c, sagt er. Einen anderen Beruf habe es nie gegeben. Wer einmal S\u00e4gesp\u00e4ne in den Schuhen hat, bekommt sie nicht mehr heraus.\n  <\/p>\n<p>            Circus Barnum: Der Zirkus-Tag startet um sieben Uhr morgens<\/p>\n<p class=\"mb-6 text-xs-varying md:text-m lg:text-l font-serif group-[.font-sans]:font-sans \">\n    Die Romantik beginnt allerdings erst, <a href=\"https:\/\/www.augsburger-allgemeine.de\/friedberg\/zirkus-barnum-gastiert-bis-6-september-2026-in-derching-bei-augsburg-115092564\" target=\"_self\" class=\"underline \" rel=\"nofollow noopener\">wenn die Lichter angehen.<\/a> Der Alltag startet an diesem Morgen um sieben Uhr mit einer Tasse Kaffee und einer Lagebesprechung. W\u00e4hrend eine Kolonne Fahrzeuge repariert, k\u00fcmmern sich andere um die Tiere oder verteilen Werbung. T\u00e4glich landen zwischen 5000 und 10.000 Flyer in den Briefk\u00e4sten. Sie sind auch im Internetzeitalter wichtig.\n  <\/p>\n<p>      <a href=\"https:\/\/www.augsburger-allgemeine.de\/friedberg\/zirkus-barnum-gastiert-bis-6-september-2026-in-derching-bei-augsburg-115092564\" class=\"hidden  &#010;                md:block md:mr-5 md:min-w-[140px]  aspect-photo md:aspect-tv lg:aspect-tv w-fullXXX relative self-start inline overflow-hidden\" rel=\"nofollow noopener\" target=\"_blank\"><\/p>\n<p>    <img decoding=\"async\" src=\"\" alt=\"Clown Gyula Saly spielt am Ende der Vorstellung \u201eMy Way\u201c.\" title=\"Clown Gyula Saly spielt am Ende der Vorstellung \u201eMy Way\u201c.\" loading=\"lazy\" class=\"h-full w-full object-cover\"\/><br \/>\n   <\/a><\/p>\n<p class=\"mb-6 text-xs-varying md:text-m lg:text-l font-serif group-[.font-sans]:font-sans \">\n    Nicht das Internet, sondern klassische Gro\u00dfplakate  sind nach wie vor entscheidend und machen nach Kaisers Einsch\u00e4tzung 80 Prozent der Werbung aus. Doch viele Kommunen erlauben heute nur wenige oder gar keine  Punktierung mehr. In <a href=\"https:\/\/www.augsburger-allgemeine.de\/friedberg\/ort\/friedberg\" target=\"_self\" class=\"underline \" rel=\"nofollow noopener\">Friedberg<\/a> dagegen d\u00fcrfe Barnum an privaten Gartenz\u00e4unen plakatieren, freut sich der Direktor. \u201eDer Zirkus stirbt nicht. Er bekommt zu viele Steine in den Weg gelegt\u201c, sagt er.\n  <\/p>\n<p class=\"mb-6 text-xs-varying md:text-m lg:text-l font-serif group-[.font-sans]:font-sans \">\n    Dieselbe Entwicklung erschwert die Suche nach Auftrittsorten. Weil kommunale Festpl\u00e4tze immer seltener vergeben w\u00fcrden, weicht Barnum inzwischen zu rund 80 Prozent auf private Grundst\u00fccke aus. Selbst den Friedberger Festplatz, auf dem Kaiser als Kind noch mit seinen Eltern gastierte, bespielt seit 15, 20 Jahren kein Zirkus mehr, erz\u00e4hlt er.\n  <\/p>\n<p>    <img decoding=\"async\" src=\"https:\/\/www.europesays.com\/de\/wp-content\/uploads\/2026\/09\/img1230.jpg\" alt=\"Die Romantik im Zirkus beginnt erst, wenn die Lichter angehen: Melani Donnert aus Ungarn an langen Seident\u00fcchern.\" title=\"Die Romantik im Zirkus beginnt erst, wenn die Lichter angehen: Melani Donnert aus Ungarn an langen Seident\u00fcchern.\" loading=\"lazy\" class=\"h-full w-full object-cover\"\/><\/p>\n<p>      Icon vergr\u00f6\u00dfern<\/p>\n<p>    Die Romantik im Zirkus beginnt erst, wenn die Lichter angehen: Melani Donnert aus Ungarn an langen Seident\u00fcchern.<br \/>\n    Foto: Thomas Krones<\/p>\n<p>        Schlie\u00dfen <\/p>\n<p>      Icon Schlie\u00dfen<\/p>\n<p>        Icon vergr\u00f6\u00dfern<\/p>\n<p>        Icon verkleinern<\/p>\n<p>      Icon Pfeil bewegen<\/p>\n<p>    Die Romantik im Zirkus beginnt erst, wenn die Lichter angehen: Melani Donnert aus Ungarn an langen Seident\u00fcchern.<br \/>\n    Foto: Thomas Krones<\/p>\n<p class=\"mb-6 text-xs-varying md:text-m lg:text-l font-serif group-[.font-sans]:font-sans \">\n    Der Standort im Gewerbegebiet von <a href=\"https:\/\/www.augsburger-allgemeine.de\/orte\/aa-derching\" target=\"_self\" class=\"underline \" rel=\"nofollow noopener\">Derching<\/a> sei deshalb ein Gl\u00fccksfall: gut sichtbar an der Stra\u00dfe und vom Eigent\u00fcmer kostenlos zur Verf\u00fcgung gestellt. Auch die reinen Betriebskosten schlagen zu Buche, allen voran Diesel und Heu: Ein Rundballen kostete fr\u00fcher 35 bis 40 Euro, erz\u00e4hlt Kaiser, inzwischen teilweise \u00fcber 100 Euro. Die steigenden Preise sp\u00fcren auch die Besucher. \u201eDie Leute teilen sich eine T\u00fcte Popcorn.&#8220; Gut besucht seien deshalb vorwiegend Familien- und Kindertage mit erm\u00e4\u00dfigtem Eintritt.\n  <\/p>\n<p class=\"mb-6 text-xs-varying md:text-m lg:text-l font-serif group-[.font-sans]:font-sans \">\n    Gespart werde trotzdem nicht \u00fcberall. \u201eAn den Tieren sparen wir nicht.\u201c 25 Menschen, 60 Tiere und 50 Fahrzeuge geh\u00f6ren zum reisenden Unternehmen. Anderthalb Tage gen\u00fcgen, um aus der leeren Wiese in Derching eine Zirkusstadt entstehen zu lassen. Nach der letzten Vorstellung am Sonntag, 6. September, beginnt der Abbau sofort,  am Montag werden zuerst die Tiere an den n\u00e4chsten Standort gebracht &#8211; meist steht Barnum dort bereits am Dienstagabend wieder vollst\u00e4ndig.\n  <\/p>\n<p>            Debatte um Tiere erreicht auch den Circus Barnum<\/p>\n<p class=\"mb-6 text-xs-varying md:text-m lg:text-l font-serif group-[.font-sans]:font-sans \">\n    Auch die Debatte um Tiere im Zirkus blendet Kaiser nicht aus. Das Thema wird von Tierschutzverb\u00e4nden seit Jahren kritisch begleitet, die insbesondere den Umgang mit Wildtieren infrage stellen. Kaiser h\u00e4lt dagegen: Sein Betrieb werde w\u00f6chentlich unangemeldet vom zust\u00e4ndigen Veterin\u00e4ramt kontrolliert. \u201eWir sind der am meisten \u00fcberwachte Tierbetrieb in Deutschland.\u201c Ver\u00e4ndert habe die gesellschaftliche Kritik seine Arbeit nicht, sagt er. Wohl aber sei der Rechtfertigungsdruck gestiegen.\n  <\/p>\n<p class=\"mb-6 text-xs-varying md:text-m lg:text-l font-serif group-[.font-sans]:font-sans \">\n    Finanzielle Zusch\u00fcsse fordert Kaiser keine. Sein Wunsch ist deutlich bescheidener: mehr Gastspielpl\u00e4tze und weniger H\u00fcrden f\u00fcr reisende Zirkusse. \u201eWir sind K\u00e4mpfer\u201c, sagt er. Dann  steht er auf. Es gab noch einiges zu tun.\n  <\/p>\n<p>    Der Circus Barnum<\/p>\n<p class=\"mb-6 text-xs-varying md:text-m lg:text-l font-serif group-[.font-sans]:font-sans \">\n    Circus Barnum gastiert bis einschlie\u00dflich Sonntag, 6. September, auf dem Platz an der Iglauer Stra\u00dfe in Derching. Vorstellungen sind mittwochs und donnerstags um 17 Uhr, freitags um 19.30 Uhr, samstags um 16 und um 19.30 Uhr. Sonntags findet eine Vorstellung um 11 Uhr statt.\u00a0Tickets an der Kasse oder unter <a href=\"https:\/\/www.circus-barnum.de\/\" rel=\"nofollow noopener\" target=\"_blank\" class=\"underline \">www.circus-barnum.de.<\/a>\n  <\/p>\n","protected":false},"excerpt":{"rendered":"Als Markus Kaiser vor seinem Wohnwagen Platz nimmt, wirkt der Ort f\u00fcr einen Moment weniger wie ein Zirkus&hellip;\n","protected":false},"author":2,"featured_media":1273589,"comment_status":"","ping_status":"","sticky":false,"template":"","format":"standard","meta":{"footnotes":"","_share_on_mastodon":"0"},"categories":[1837],"tags":[20107,772,3364,159260,29,186537,514,30,258681,700,3783,173220,8135,6330,203019],"class_list":["post-1273588","post","type-post","status-publish","format-standard","has-post-thumbnail","category-nuernberg","tag-circus","tag-bayern","tag-de","tag-derching","tag-deutschland","tag-dieselpreis","tag-fahrzeug","tag-germany","tag-markus-kaiser","tag-mittelmeer","tag-nuernberg","tag-tierfutter","tag-wirtschaftskrise","tag-zirkus","tag-zirkusstadt"],"share_on_mastodon":{"url":"https:\/\/pubeurope.com\/@de\/117195271304527978","error":""},"_links":{"self":[{"href":"https:\/\/www.europesays.com\/de\/wp-json\/wp\/v2\/posts\/1273588","targetHints":{"allow":["GET"]}}],"collection":[{"href":"https:\/\/www.europesays.com\/de\/wp-json\/wp\/v2\/posts"}],"about":[{"href":"https:\/\/www.europesays.com\/de\/wp-json\/wp\/v2\/types\/post"}],"author":[{"embeddable":true,"href":"https:\/\/www.europesays.com\/de\/wp-json\/wp\/v2\/users\/2"}],"replies":[{"embeddable":true,"href":"https:\/\/www.europesays.com\/de\/wp-json\/wp\/v2\/comments?post=1273588"}],"version-history":[{"count":0,"href":"https:\/\/www.europesays.com\/de\/wp-json\/wp\/v2\/posts\/1273588\/revisions"}],"wp:featuredmedia":[{"embeddable":true,"href":"https:\/\/www.europesays.com\/de\/wp-json\/wp\/v2\/media\/1273589"}],"wp:attachment":[{"href":"https:\/\/www.europesays.com\/de\/wp-json\/wp\/v2\/media?parent=1273588"}],"wp:term":[{"taxonomy":"category","embeddable":true,"href":"https:\/\/www.europesays.com\/de\/wp-json\/wp\/v2\/categories?post=1273588"},{"taxonomy":"post_tag","embeddable":true,"href":"https:\/\/www.europesays.com\/de\/wp-json\/wp\/v2\/tags?post=1273588"}],"curies":[{"name":"wp","href":"https:\/\/api.w.org\/{rel}","templated":true}]}}