{"id":1273602,"date":"2026-09-01T10:27:26","date_gmt":"2026-09-01T10:27:26","guid":{"rendered":"https:\/\/www.europesays.com\/de\/1273602\/"},"modified":"2026-09-01T10:27:26","modified_gmt":"2026-09-01T10:27:26","slug":"pol-hb-nr-0575-brandsaetze-gegen-lokal-geschleudert","status":"publish","type":"post","link":"https:\/\/www.europesays.com\/de\/1273602\/","title":{"rendered":"POL-HB: Nr.: 0575 &#8211;Brands\u00e4tze gegen Lokal geschleudert&#8211;"},"content":{"rendered":"<p class=\"date\">01.09.2026 \u2013 11:58<\/p>\n<p class=\"customer\">\n                        <a class=\"story-customer\" title=\"weiter zum newsroom von Polizei Bremen\" href=\"https:\/\/www.presseportal.de\/blaulicht\/nr\/35235\" rel=\"nofollow noopener\" target=\"_blank\">Polizei Bremen<\/a>\n                    <\/p>\n<p><a data-category=\"citylink-story-view\" data-action=\"click\" data-label=\"Citylink in Meldungsansicht\" class=\"story-city event-trigger\" href=\"https:\/\/www.presseportal.de\/regional\/Bremen\" title=\"News aus Bremen \" rel=\"nofollow noopener\" target=\"_blank\">Bremen<\/a> (ots)<\/p>\n<p>   &#8211;<\/p>\n<p>Ort: Bremen-Neustadt, OT Alte Neustadt, Friedrich-Ebert-Stra\u00dfe<br \/>\nZeit:\t01.09.2026, 04:35 Uhr<\/p>\n<p>Unbekannte warfen in der Nacht zu Dienstag zwei Beh\u00e4lter mit brennbarer Fl\u00fcssigkeit gegen die Fassade einer Bar in der Neustadt. Verletzt wurde niemand. Die Polizei sucht Zeugen.<\/p>\n<p>Gegen 04:35 Uhr wurde \u00fcber den Notruf ein Feuer vor einem Geb\u00e4ude in der Friedrich-Ebert-Stra\u00dfe an der Ecke zum Neustadtswall gemeldet. Als die Einsatzkr\u00e4fte eintrafen, war das Feuer schon von selbst ausgegangen. Es wurden R\u00fcckst\u00e4nde von zwei Brands\u00e4tzen gefunden. Niemand wurde verletzt, es entstand geringer Sachschaden. Zeugen hatten zuvor einen Knall geh\u00f6rt und hatten dann das Feuer gesehen.<\/p>\n<p>Die Kriminalpolizei hat die Ermittlungen aufgenommen. Weitere Zeugen werden gebeten, sich beim Kriminaldauerdienst der Polizei Bremen unter 0421 362-3888 zu melden.<\/p>\n<p class=\"contact-headline\">R\u00fcckfragen bitte an:<\/p>\n<p class=\"contact-text\">Pressestelle Polizei Bremen<br \/>Bastian Demann<br \/>Telefon: 0421 362-12114<br \/><a target=\"_blank\" class=\"uri-ext outbound\" rel=\"noopener nofollow\" href=\"http:\/\/www.polizei.bremen.de\">http:\/\/www.polizei.bremen.de<\/a><br \/><a target=\"_blank\" class=\"uri-ext outbound\" rel=\"noopener nofollow\" href=\"http:\/\/www.polizei-beratung.de\">http:\/\/www.polizei-beratung.de<\/a><\/p>\n<p class=\"originator\">Original-Content von: Polizei Bremen, \u00fcbermittelt durch news aktuell<\/p>\n","protected":false},"excerpt":{"rendered":"01.09.2026 \u2013 11:58 Polizei Bremen Bremen (ots) &#8211; Ort: Bremen-Neustadt, OT Alte Neustadt, Friedrich-Ebert-Stra\u00dfe Zeit: 01.09.2026, 04:35 Uhr&hellip;\n","protected":false},"author":2,"featured_media":1266941,"comment_status":"","ping_status":"","sticky":false,"template":"","format":"standard","meta":{"footnotes":"","_share_on_mastodon":"0"},"categories":[1824],"tags":[2420,3364,29,30,7309,177,5404,121,178,180,179,181],"class_list":["post-1273602","post","type-post","status-publish","format-standard","has-post-thumbnail","category-bremen","tag-bremen","tag-de","tag-deutschland","tag-germany","tag-hb","tag-kriminalitt","tag-ni","tag-polizei","tag-presse","tag-pressemeldung","tag-pressemitteilung","tag-pressemitteilungen"],"share_on_mastodon":{"url":"https:\/\/pubeurope.com\/@de\/117195311821652616","error":""},"_links":{"self":[{"href":"https:\/\/www.europesays.com\/de\/wp-json\/wp\/v2\/posts\/1273602","targetHints":{"allow":["GET"]}}],"collection":[{"href":"https:\/\/www.europesays.com\/de\/wp-json\/wp\/v2\/posts"}],"about":[{"href":"https:\/\/www.europesays.com\/de\/wp-json\/wp\/v2\/types\/post"}],"author":[{"embeddable":true,"href":"https:\/\/www.europesays.com\/de\/wp-json\/wp\/v2\/users\/2"}],"replies":[{"embeddable":true,"href":"https:\/\/www.europesays.com\/de\/wp-json\/wp\/v2\/comments?post=1273602"}],"version-history":[{"count":0,"href":"https:\/\/www.europesays.com\/de\/wp-json\/wp\/v2\/posts\/1273602\/revisions"}],"wp:featuredmedia":[{"embeddable":true,"href":"https:\/\/www.europesays.com\/de\/wp-json\/wp\/v2\/media\/1266941"}],"wp:attachment":[{"href":"https:\/\/www.europesays.com\/de\/wp-json\/wp\/v2\/media?parent=1273602"}],"wp:term":[{"taxonomy":"category","embeddable":true,"href":"https:\/\/www.europesays.com\/de\/wp-json\/wp\/v2\/categories?post=1273602"},{"taxonomy":"post_tag","embeddable":true,"href":"https:\/\/www.europesays.com\/de\/wp-json\/wp\/v2\/tags?post=1273602"}],"curies":[{"name":"wp","href":"https:\/\/api.w.org\/{rel}","templated":true}]}}