{"id":1273603,"date":"2026-09-01T10:29:32","date_gmt":"2026-09-01T10:29:32","guid":{"rendered":"https:\/\/www.europesays.com\/de\/1273603\/"},"modified":"2026-09-01T10:29:32","modified_gmt":"2026-09-01T10:29:32","slug":"kostenlose-veranstaltungen-waehrend-der-emw","status":"publish","type":"post","link":"https:\/\/www.europesays.com\/de\/1273603\/","title":{"rendered":"Kostenlose Veranstaltungen w\u00e4hrend der EMW"},"content":{"rendered":"<p>Vom 16. bis 22. September l\u00e4dt die Europ\u00e4ische Mobilit\u00e4tswoche in Essen zum Mitmachen ein. Als Mobilit\u00e4tspartner gew\u00e4hrt die Ruhrbahn spannende Einblicke hinter ihre Kulissen.\u00a0<\/p>\n<p><strong>Anmeldung f\u00fcr die folgenden Veranstaltungen bitte bei Andrea Graf, Tel. 0201 27 99 163:<\/strong><\/p>\n<p><strong>Mittwoch, 16.09.2026, 16.30\u201318.30 Uhr:<\/strong><br \/><strong>Gef\u00fchrte Spurbus-Fahrt<\/strong><br \/>Die Geschichte des Spurbusses der Ruhrbahn ist \u00e4u\u00dferst faszinierend \u2013 sie hat nicht nur europa-, sondern auch weltweit Aufmerksamkeit erregt. Fr\u00fcher reisten sogar Besuchergruppen von Verkehrsunternehmen aus China an, um die besondere Technik vor Ort zu begutachten. Die ersten Spurbusse\/Duo-Busse wurden in den 1980er-Jahren in Betrieb genommen. Einzigartig in Europa, fuhren die Busse damals auf ehemaligen Stra\u00dfenbahnstrecken der Humboldtstra\u00dfe in Essen-Fulerum, der Wittenbergstra\u00dfe in Essen-Stadtwald und \u00fcber die Autobahn A40 von Huttrop nach Kray. Mittlerweile besteht nur noch letztere \u2013 aber die hat immer noch einiges zu bieten!<\/p>\n<p><strong>Freitag, 18.09.2026, und Montag, 21.09.2026, jeweils 10.00 bis 12.00 Uhr:<\/strong><br \/><strong>Technikf\u00fchrung durch die Hauptwerkstatt der Ruhrbahn<\/strong><br \/>Viele Besucher staunen, wenn sie die gro\u00dfen Werkst\u00e4tten der Ruhrbahn von innen sehen. Hier arbeiten u.a. Elektriker, Mechaniker, Mechatroniker, Dreher, Lackierer, Sattler und Schreiner. Hier werden die Schienenfahrzeuge gewartet, umgebaut, modernisiert und z.B. nach Unfallsch\u00e4den instandgesetzt.\u00a0<\/p>\n<p><strong>Freitag, 18.09.2026, 15.00\u201317.00 Uhr:<\/strong><br \/><strong>Feierabendtour durch Essens historische City<\/strong><br \/>Klaus Falke, Initiator der KulturLinie 107, l\u00e4dt zu einer besonderen Feierabendtour durch Essens Innenstadt ein. Diese verf\u00fcgt \u00fcber imposante architektonische Zeugnisse (vornehmlich aus den Jahren 1900 bis 1930), die ein beeindruckendes historisches Stadtbild erzeugen. Die Tour ist entspannt und richtet sich ausdr\u00fccklich auch an Menschen, die nicht so gut zu Fu\u00df sind. So geht es nicht darum, im Eiltempo Sehensw\u00fcrdigkeiten abzuhaken, sondern an den Highlights der wegweisenden Baukunst.<\/p>\n<p><strong>Veranstaltungen ohne Anmeldung:\u00a0<\/strong><\/p>\n<p><strong>Sonntag, 20.09.2026<\/strong><br \/><strong>Sonderfahrten mit historischer Stra\u00dfenbahn<\/strong><br \/>Steigen Sie ein in unsere historischen Triebwagen 144 und 888 und genie\u00dfen Sie eine Fahrt (zum VRR-Tarif) auf der Linie 108 nach Katernberg.\u00a0<br \/>Von 11.00 bis 18.00 Uhr im Stunden-Takt.<br \/>Startpunkt: Neue Stra\u00dfenbahn-Haltestelle Essen HBF (oberirdisch)<\/p>\n<p><strong>Sonntag, 20.09.2026<\/strong><br \/><strong>Sonderfahrten mit historischen Bussen<\/strong><br \/>Steigen Sie ein in unseren imposanten Anderthalbdecker oder in unseren Henschel Gelenkbus \u2013 zur kostenlosen Pendelfahrt zwischen M\u00fclheim HBF und Essen HBF \u00fcber Mintard, Kettwig und Werden.<br \/>Jeweils um 10.00, 12.00, 14.00 und 16.00 Uhr ab MH HBF (Tunnelhaltestelle, Bussteig Richtung Innenstadt, Saarn\/Broich)<br \/>Jeweils um 11.00, 13.00, 15.00 und 17.00 Uhr ab Essen HBF (Touristik-Haltestelle am HDT)<\/p>\n<p><strong>Dienstag, 22.09.2026<\/strong><br \/><strong>Sharing Day auf dem Burgplatz<\/strong><br \/>Von 12.00 bis 18.00 Uhr werden zahlreiche Mobilit\u00e4tsangebote vorgestellt \u2013 von Leihr\u00e4dern \u00fcber Lastenr\u00e4der bis zu Carsharing und E-Scootern. Auch Bussi, der On-Demand-Shuttle der Ruhrbahn, ist vor Ort.<\/p>\n<p><strong>Bitte beachten Sie auch unsere bonus mobil-Challenge w\u00e4hrend der gesamten EMW:<\/strong><br \/>bonus mobil ist eine App, die Emissionseinsparungen sichtbar macht und klimafreundliche Wege mit Rabatten belohnt. Bei der bonus mobil-Challenge im Rahmen der EMW soll ein vorgegebener CO2-Wert eingespart werden. Dies gelingt, indem Sie Ihre Wege zu Fu\u00df, mit dem Rad oder mit Bus und Bahn zur\u00fccklegen. Wer das Ziel erreicht, nimmt automatisch an einer Verlosung teil. Es gibt tolle Preise zu gewinnen \u2013 lassen Sie sich \u00fcberraschen. Wer mitmachen m\u00f6chte, l\u00e4dt sich bitte die kostenlose bonus mobil-App herunter.\u00a0<\/p>\n<p>N\u00e4here Details zu den Veranstaltungen und weitere Infos zur EMW finden Sie im Programmheft:\u00a0<a href=\"https:\/\/webapps-extern.essen.de\/magazine\/emw2026\/index.html\" target=\"_blank\" rel=\"noreferrer nofollow noopener\">https:\/\/webapps-extern.essen.de\/magazine\/emw2026\/index.html<\/a><\/p>\n<p>\u00a0<\/p>\n<p>\u00a0<\/p>\n","protected":false},"excerpt":{"rendered":"Vom 16. bis 22. September l\u00e4dt die Europ\u00e4ische Mobilit\u00e4tswoche in Essen zum Mitmachen ein. Als Mobilit\u00e4tspartner gew\u00e4hrt die&hellip;\n","protected":false},"author":2,"featured_media":1273604,"comment_status":"","ping_status":"","sticky":false,"template":"","format":"standard","meta":{"footnotes":"","_share_on_mastodon":"0"},"categories":[1834],"tags":[3364,29,3688,30,1209],"class_list":["post-1273603","post","type-post","status-publish","format-standard","has-post-thumbnail","category-essen","tag-de","tag-deutschland","tag-essen","tag-germany","tag-nordrhein-westfalen"],"share_on_mastodon":{"url":"https:\/\/pubeurope.com\/@de\/117195319951664907","error":""},"_links":{"self":[{"href":"https:\/\/www.europesays.com\/de\/wp-json\/wp\/v2\/posts\/1273603","targetHints":{"allow":["GET"]}}],"collection":[{"href":"https:\/\/www.europesays.com\/de\/wp-json\/wp\/v2\/posts"}],"about":[{"href":"https:\/\/www.europesays.com\/de\/wp-json\/wp\/v2\/types\/post"}],"author":[{"embeddable":true,"href":"https:\/\/www.europesays.com\/de\/wp-json\/wp\/v2\/users\/2"}],"replies":[{"embeddable":true,"href":"https:\/\/www.europesays.com\/de\/wp-json\/wp\/v2\/comments?post=1273603"}],"version-history":[{"count":0,"href":"https:\/\/www.europesays.com\/de\/wp-json\/wp\/v2\/posts\/1273603\/revisions"}],"wp:featuredmedia":[{"embeddable":true,"href":"https:\/\/www.europesays.com\/de\/wp-json\/wp\/v2\/media\/1273604"}],"wp:attachment":[{"href":"https:\/\/www.europesays.com\/de\/wp-json\/wp\/v2\/media?parent=1273603"}],"wp:term":[{"taxonomy":"category","embeddable":true,"href":"https:\/\/www.europesays.com\/de\/wp-json\/wp\/v2\/categories?post=1273603"},{"taxonomy":"post_tag","embeddable":true,"href":"https:\/\/www.europesays.com\/de\/wp-json\/wp\/v2\/tags?post=1273603"}],"curies":[{"name":"wp","href":"https:\/\/api.w.org\/{rel}","templated":true}]}}