{"id":1273605,"date":"2026-09-01T10:31:50","date_gmt":"2026-09-01T10:31:50","guid":{"rendered":"https:\/\/www.europesays.com\/de\/1273605\/"},"modified":"2026-09-01T10:31:50","modified_gmt":"2026-09-01T10:31:50","slug":"spanisch-essen-koeln-15-tipps-fuer-tapas-bars-restaurants","status":"publish","type":"post","link":"https:\/\/www.europesays.com\/de\/1273605\/","title":{"rendered":"Spanisch Essen K\u00f6ln: 15 Tipps f\u00fcr Tapas-Bars &#038; Restaurants"},"content":{"rendered":"<p class=\"dm-paragraph leading-[1.5em] mb-8 my-8 dm-article-content-width\" index=\"0\" should-collapse-on-mobile=\"true\" has-padding=\"\" data-v-fac9d07d=\"\">Tapas geh\u00f6ren zu Spanien wie Sonne, Meer und lange Abende. Auch in K\u00f6ln gibt es zahlreiche Restaurants und Bars, in denen die kleinen Gerichte zum Teilen auf den Tisch kommen \u2013 von klassischen spanischen Tapas bis zu K\u00fcchen, die das Konzept mit anderen Einfl\u00fcssen verbinden. Mezze, franz\u00f6sische Kleinigkeiten oder s\u00fcdamerikanische Snacks haben wir f\u00fcr diese Auswahl bewusst au\u00dfen vor gelassen.<\/p>\n<p><a href=\"https:\/\/www.ksta.de\/freizeit\/restaurants\/essen-zum-teilen-in-diesen-restaurants-in-koeln-gibt-es-internationale-tapas-958072\" class=\"dm-imagefeat__imagecontainer dm-imagefeat relative\" aria-label=\"\" tabindex=\"-1\" data-v-7bdd7f3a=\"\" rel=\"nofollow noopener\" target=\"_blank\"><img decoding=\"async\" width=\"1920\" height=\"1080\" class=\"dm-imagefeat__image w-full aspect-square sm:aspect-auto aspect-video\" style=\"aspect-ratio:1;\" onerror=\"this.setAttribute('data-error', 1)\" data-nuxt-pic=\"\" alt=\"Ein kleiner Teller mit Essen in der Ouzeria in K\u00f6ln.\" loading=\"lazy\" src=\"https:\/\/www.europesays.com\/de\/wp-content\/uploads\/2026\/09\/live_1cb360b2-e8f1-4d6e-8f3a-cfeaa0326281.jpg\"  \/><\/a><\/p>\n<p class=\"dm-paragraph leading-[1.5em] mb-8 my-8 dm-article-content-width\" index=\"2\" should-collapse-on-mobile=\"true\" has-padding=\"\" data-v-fac9d07d=\"\">Stattdessen geht es hier um Restaurants, in denen Spanien auf der Speisekarte deutlich zu erkennen ist: mit Klassikern wie Patatas bravas, Pimientos de Padr\u00f3n, Gambas oder Alb\u00f3ndigas, dazu spanischem Wein, Sangria und dem passenden Urlaubsgef\u00fchl. Nicht jedes Restaurant ist dabei zu 100 Prozent spanisch, manche Karten haben auch mediterrane oder internationale Einfl\u00fcsse. Entscheidend ist: Wer Lust auf spanische Tapas hat, ist hier richtig. Wir stellen 15 Adressen in K\u00f6ln vor.<\/p>\n<p>Tapas in K\u00f6ln<\/p>\n<p class=\"dm-paragraph leading-[1.5em] mb-8 my-8 dm-article-content-width\" index=\"4\" should-collapse-on-mobile=\"true\" has-padding=\"\" data-v-fac9d07d=\"\">Hinweis: Die Reihenfolge der Liste ist willk\u00fcrlich und erhebt keinen Anspruch auf Vollst\u00e4ndigkeit. Die genannten Restaurants unterliegen einer Auswahl. Ihr spanisches Lieblingsrestaurant ist nicht dabei? Dann schreiben Sie uns gerne an <a href=\"https:\/\/www.ksta.de\/freizeit\/restaurants\/mailto:ksta-community@kstamedien.de\" rel=\"nofollow noopener\" target=\"_blank\">ksta-community@kstamedien.de<\/a>.<\/p>\n<p>El Allioli (K\u00f6ln-S\u00fcdstadt)<img decoding=\"async\" width=\"4000\" height=\"2250\" class=\"current-image dm-figure__image  dm-figure__image-loading\" loading=\"lazy\" onerror=\"this.setAttribute('data-error', 1)\" data-nuxt-pic=\"\" alt=\"Tapas y Vino im El Alli Oli ist auch ein Lieblingsort von Julia Flo\u00df.\" src=\"https:\/\/www.europesays.com\/de\/wp-content\/uploads\/2026\/09\/6ac0f780-d227-41e9-86da-51acfbaca41d.jpeg\"  \/><\/p>\n<p class=\"text-flint dark:text-white italic text-base\" data-v-42fecd8d=\"\">Tapas y Vino im El Alli Oli ist auch ein Lieblingsort von Julia Flo\u00df.<\/p>\n<p class=\"dm-figure__copyright block text-darkgrey text-sm\" data-v-42fecd8d=\"\">Copyright: Max Gr\u00f6nert<\/p>\n<p class=\"dm-paragraph leading-[1.5em] mb-8 my-8 dm-article-content-width\" index=\"7\" should-collapse-on-mobile=\"true\" has-padding=\"\" data-v-fac9d07d=\"\">Das kleine Ecklokal in Volksgartenn\u00e4he ist l\u00e4ngst kein Geheimtipp mehr f\u00fcr S\u00fcdst\u00e4dter. \u201eMerita Gashi ist die K\u00fcchenchefin im El Allioli. \u201eMit Sicherheit ist sie einer der Gr\u00fcnde, wenn nicht der ultimative Grund, warum das kleine Tapas-Restaurant seit fast zwei Jahrzehnten so beliebt ist. Was die Dame kocht, schmeckt. Punkt\u201c, schrieb unsere Restaurant-Expertin Julia Flo\u00df nach ihrem letzten Besuch hier. Die Tapas-Auswahl wechselt regelm\u00e4\u00dfig, Klassiker bleiben im Bestand. <a target=\"_blank\" rel=\"nofollow noopener\" href=\"https:\/\/www.ksta.de\/freizeit\/restaurants\/spanisches-restaurant-in-koeln-beste-tapas-im-el-allioli-261594\">Lesen Sie hier unsere Restaurantkritik \u00fcber das El Allioli.<\/a> (rei)<\/p>\n<p class=\"dm-paragraph leading-[1.5em] mb-8 my-8 dm-article-content-width\" index=\"8\" should-collapse-on-mobile=\"true\" has-padding=\"\" data-v-fac9d07d=\"\"><b>Tapas y Vino El Allioli | <\/b>Lothringer Str 1, 50677 K\u00f6ln, 0221 932 0120 <b>|<\/b> <a target=\"_blank\" rel=\"nofollow noopener\" href=\"https:\/\/www.el-alli-oli.de\/\">www.el-alli-oli.de<\/a><\/p>\n<p>Salera Tapas y mas (K\u00f6ln-Neustadt-Nord)<img decoding=\"async\" width=\"1600\" height=\"900\" class=\"current-image dm-figure__image  dm-figure__image-loading\" loading=\"lazy\" onerror=\"this.setAttribute('data-error', 1)\" data-nuxt-pic=\"\" alt=\"Das Salera, Tapas y mas im Agnesviertel von aussen.\" src=\"https:\/\/www.europesays.com\/de\/wp-content\/uploads\/2026\/09\/33173bda-c231-436e-b54c-821e2cac9525.jpeg\"  \/><\/p>\n<p class=\"text-flint dark:text-white italic text-base\" data-v-42fecd8d=\"\">Das Salera, Tapas y mas im Agnesviertel<\/p>\n<p class=\"dm-figure__copyright block text-darkgrey text-sm\" data-v-42fecd8d=\"\">Copyright: Beatrix Kayser<\/p>\n<p class=\"dm-paragraph leading-[1.5em] mb-8 my-8 dm-article-content-width\" index=\"12\" should-collapse-on-mobile=\"true\" has-padding=\"\" data-v-fac9d07d=\"\">Ein St\u00fcck Spanien im Herzen des Agnesviertels: Vor fast 10 Jahren hat Beatrix Kayser das Salera in der Balthasarstra\u00dfe er\u00f6ffnet. Heute ist das Restaurant hier nicht mehr wegzudenken. Neben einer wechselnden Tages-Tapas-Karte stehen mehr als 25 Variationen \u2013 von \u201ePatatas Bravas\u201c bis\u00a0 \u201eGambas al ajillo\u201c \u2013 auf der Speisekarte. Es gibt auch eine Auswahl vegetarischer Tapas. (rei)\u00a0 \u00a0\u00a0<\/p>\n<p class=\"dm-paragraph leading-[1.5em] mb-8 my-8 dm-article-content-width\" index=\"13\" should-collapse-on-mobile=\"true\" has-padding=\"\" data-v-fac9d07d=\"\"><b>Salera Tapas y mas |<\/b> Balthasarstr. 1, 50670 K\u00f6ln | <a target=\"_blank\" rel=\"nofollow noopener\" href=\"https:\/\/www.salera-restaurant.de\/\">www.salera-restaurant.de<\/a><\/p>\n<p>Gutierrez (K\u00f6ln-Porz)<img decoding=\"async\" width=\"3803\" height=\"2139\" class=\"current-image dm-figure__image  dm-figure__image-loading\" loading=\"lazy\" onerror=\"this.setAttribute('data-error', 1)\" data-nuxt-pic=\"\" alt=\"Inhaber des Restaurants: Simone El Gharbaoui-Guthier und Choukri El Gharbaoui.\" src=\"https:\/\/www.europesays.com\/de\/wp-content\/uploads\/2026\/09\/f8ba0f72-6d75-4d3f-9751-4ebb0ffb6c46.jpeg\"  \/><\/p>\n<p class=\"text-flint dark:text-white italic text-base\" data-v-42fecd8d=\"\">Inhaber des Restaurants: Simone El Gharbaoui-Guthier und Choukri El Gharbaoui.<\/p>\n<p class=\"dm-figure__copyright block text-darkgrey text-sm\" data-v-42fecd8d=\"\">Copyright: Ren\u00e9 Denzer<\/p>\n<p class=\"dm-paragraph leading-[1.5em] mb-8 my-8 dm-article-content-width\" index=\"17\" should-collapse-on-mobile=\"true\" has-padding=\"\" data-v-fac9d07d=\"\">In einer ehemaligen Feilenfabrik an der Steinstra\u00dfe in K\u00f6ln-Porz hat das spanische Restaurant im Juni 2021 seine Heimat gefunden. Mitten in Corona-Zeiten mussten die Betreiber sich zun\u00e4chst mit Au\u00dferhausverkauf \u00fcber Wasser halten. Inzwischen werden viele G\u00e4ste in den sch\u00f6n restaurierten Fabrikr\u00e4umen und auf der herrlichen Terrasse mit Tapas und Steak versorgt. Das Ehepaar Gharbaoui m\u00f6chte mit seinem Restaurant spanische Lebensfreude die G\u00e4ste weitergeben.  <a target=\"_blank\" href=\"https:\/\/www.ksta.de\/freizeit\/restaurants\/koeln-porz-im-gutierrez-gibt-es-spanische-tapas-und-steaks-386429\" rel=\"nofollow noopener\">Lesen Sie hier unserem vollst\u00e4ndigen Artikel \u00fcber das Gutierrez in Porz.<\/a> (rei)<\/p>\n<p class=\"dm-paragraph leading-[1.5em] mb-8 my-8 dm-article-content-width\" index=\"18\" should-collapse-on-mobile=\"true\" has-padding=\"\" data-v-fac9d07d=\"\"><b>Gutierrez, Tapas, Steak und Wein |<\/b> Steinstra\u00dfe 58, 51143 K\u00f6ln<b> |<\/b> <a target=\"_blank\" rel=\"nofollow noopener\" href=\"https:\/\/gutierrez-tapas.de\/\">www.gutierrez-tapas.de<\/a><\/p>\n<p>Jonny Turista (K\u00f6ln-Innenstadt)<img decoding=\"async\" width=\"3802\" height=\"2139\" class=\"current-image dm-figure__image  dm-figure__image-loading\" loading=\"lazy\" onerror=\"this.setAttribute('data-error', 1)\" data-nuxt-pic=\"\" alt=\"Markise \u00fcber dem Eingang mit der Aufschrift: Tapas.\" src=\"https:\/\/www.europesays.com\/de\/wp-content\/uploads\/2026\/09\/d2f21a7d-5e3e-4cb0-93e0-a1e77b29c60a.jpeg\"  \/><\/p>\n<p class=\"text-flint dark:text-white italic text-base\" data-v-42fecd8d=\"\">Tapas Bars gibt es auch in K\u00f6ln. (Symbolbild)<\/p>\n<p class=\"dm-figure__copyright block text-darkgrey text-sm\" data-v-42fecd8d=\"\">Copyright: Getty\/mikeinlondon<\/p>\n<p class=\"dm-paragraph leading-[1.5em] mb-8 my-8 dm-article-content-width\" index=\"22\" should-collapse-on-mobile=\"true\" has-padding=\"\" data-v-fac9d07d=\"\">Direkt hinter der Mauritiuskirche, unweit des trubeligen Neumarkts, befindet sich die nette kleine Tapas-Bar Jonny Turista. Hier sitzt man an langen Holztischen wie in Spanien. Man kennt sich, es ist eine Art Veedelstreff. Die Auswahl ist \u00fcbersichtlich und traditionell, neben ein paar Tapas gibt es Pinchos (Spie\u00dfe, hier mit Gambas, Pute oder Lamm) und sechs verschiedene Salate.<\/p>\n<p>K\u00f6lner Gastro-Treff auf Facebook<\/p>\n<p class=\"dm-paragraph leading-[1.5em] mb-8 mb-6\" data-v-75926fb0=\"\" data-v-fac9d07d=\"\">Aktuelle News, Geheimtipps und Deals: In unserer <a target=\"_blank\" rel=\"nofollow noopener\" href=\"https:\/\/www.facebook.com\/groups\/gastronomiekoeln\"><b>Facebook-Gruppe<\/b><\/a> zu Restaurants, Caf\u00e9s und Bars dreht sich alles um die K\u00f6lner Gastro-Szene. Jetzt <a target=\"_blank\" rel=\"nofollow noopener\" href=\"https:\/\/www.facebook.com\/groups\/gastronomiekoeln\"><b>kostenlos beitreten<\/b><\/a> und mitreden!<\/p>\n<p class=\"dm-paragraph leading-[1.5em] mb-8 my-8 dm-article-content-width\" index=\"24\" should-collapse-on-mobile=\"true\" has-padding=\"\" data-v-fac9d07d=\"\">Immerhin sind auf der Tapas-Karte auch sieben vegane Varianten aufgelistet. Das Jonny Turista gibt es seit 1998. Besonders sch\u00f6n ist es hier, wenn es w\u00e4rmer wird und Tische und St\u00fchle drau\u00dfen stehen. (rei)<\/p>\n<p class=\"dm-paragraph leading-[1.5em] mb-8 my-8 dm-article-content-width\" index=\"25\" should-collapse-on-mobile=\"true\" has-padding=\"\" data-v-fac9d07d=\"\"><b>Jonny Turista |<\/b> Mauritiussteinweg 74, 50676 K\u00f6ln | <a target=\"_blank\" rel=\"nofollow noopener\" href=\"https:\/\/jonnyturista.de\/\">www.jonnyturista.de<\/a><\/p>\n<p>Casa Pequena (K\u00f6ln-Br\u00fcck)<\/p>\n<p class=\"dm-paragraph leading-[1.5em] mb-8 my-8 dm-article-content-width\" index=\"29\" should-collapse-on-mobile=\"true\" has-padding=\"\" data-v-fac9d07d=\"\">Im rechtsrheinischen K\u00f6ln-Br\u00fcck verbindet das \u201eCasa Pequena\u201c Tapas mit einem weiteren spanisch-mediterranen Klassiker: Steak vom Grill. Auf der Karte stehen unter anderem Patatas bravas, Pimientos del Padr\u00f3n, Gambas, Chorizo und Alb\u00f3ndigas sowie Datteln im Speckmantel. Neben spanischen Klassikern finden sich auch deutsche und internationale Einfl\u00fcsse auf der Karte. Wer mehrere Kleinigkeiten probieren m\u00f6chte, kann sich verschiedene Tapas zum Teilen bestellen. Bei sch\u00f6nem Wetter wird im begr\u00fcnten Innenhof serviert \u2013 zuvor war hier das beliebte Gasthaus \u201eZur Alten Schule\u201c zu finden.<\/p>\n<p class=\"dm-paragraph leading-[1.5em] mb-8 my-8 dm-article-content-width\" index=\"30\" should-collapse-on-mobile=\"true\" has-padding=\"\" data-v-fac9d07d=\"\"><b>Casa Pequena<\/b> | Olpener Stra\u00dfe 928, 51109 K\u00f6ln | <a target=\"_blank\" href=\"https:\/\/casapequena.de\/\" rel=\"nofollow noopener\">casapequena.de<\/a><\/p>\n<p>La Patata (K\u00f6ln-S\u00fcdstadt)<img decoding=\"async\" width=\"768\" height=\"432\" class=\"current-image dm-figure__image  dm-figure__image-loading\" loading=\"lazy\" onerror=\"this.setAttribute('data-error', 1)\" data-nuxt-pic=\"\" alt=\"Tapas von dem Restaurant La Patata in der K\u00f6lner S\u00fcdstadt. Bereitgestellt von Alexandra Eul f\u00fcr eine Sammel-Geschichte \u00fcber Tapas-L\u00e4den in K\u00f6ln. Nur f\u00fcr die Verwendung in diesem Artikel.\" src=\"https:\/\/www.europesays.com\/de\/wp-content\/uploads\/2026\/09\/2e697702-e0cf-46fc-b056-9ddb1d2871b1.jpeg\"  \/><\/p>\n<p class=\"text-flint dark:text-white italic text-base\" data-v-42fecd8d=\"\">K\u00f6stliche Kleinigkeiten von\u201e La Patata\u201c in der K\u00f6lner S\u00fcdstadt.<\/p>\n<p class=\"dm-figure__copyright block text-darkgrey text-sm\" data-v-42fecd8d=\"\">Copyright: Alexandra Eul<\/p>\n<p class=\"dm-paragraph leading-[1.5em] mb-8 my-8 dm-article-content-width\" index=\"34\" should-collapse-on-mobile=\"true\" has-padding=\"\" data-v-fac9d07d=\"\">Es ist kein Zufall, dass das Restaurant in der S\u00fcdstadt so eine treue Stammkundschaft hat: <b\/>Das \u201eLa Patata\u201c besticht nicht nur durch hervorragende Tapas, die man an der Theke ausw\u00e4hlen kann. Sondern auch durch enorme Herzlichkeit. Und so sitzen die G\u00e4ste hier bis sp\u00e4t bei einem Rotwein oder einer hausgemachten Sangria und kl\u00f6nen mitunter auch gerne mal etwas l\u00e4nger mit den Macherinnen des Ladens. Sobald es w\u00e4rmer wird, zieren bunte Blumenstr\u00e4u\u00dfe den Au\u00dfenbereich, man sitzt an kleinen Tischen und das Stimmengewirr und der Geruch von gebratenem Fisch zieht durch die Kurf\u00fcrstenstra\u00dfe. Perfekt f\u00fcr einen lauen Sommerabend mit Freunden. (eul)<\/p>\n<p class=\"dm-paragraph leading-[1.5em] mb-8 my-8 dm-article-content-width\" index=\"35\" should-collapse-on-mobile=\"true\" has-padding=\"\" data-v-fac9d07d=\"\"><b>La Patata |<\/b> Kurf\u00fcrstenstr. 24, 50678 K\u00f6ln, 0221 316902<\/p>\n<p><a href=\"https:\/\/www.ksta.de\/freizeit\/restaurants\/ksta-genuss-club-weinprobe-in-entspannter-und-moderner-atmosphaere-in-koeln-1351969\" class=\"dm-imagefeat__imagecontainer dm-imagefeat relative\" aria-label=\"\" tabindex=\"-1\" data-v-7bdd7f3a=\"\" rel=\"nofollow noopener\" target=\"_blank\"><img decoding=\"async\" width=\"2668\" height=\"4000\" class=\"dm-imagefeat__image w-full aspect-square sm:aspect-auto aspect-video\" style=\"aspect-ratio:1;\" onerror=\"this.setAttribute('data-error', 1)\" data-nuxt-pic=\"\" alt=\"Fabian Lay steht mit einem Weinglas in der Hand vor einem Weinregal.\" loading=\"lazy\" src=\"https:\/\/www.europesays.com\/de\/wp-content\/uploads\/2026\/09\/c1274d5c-613d-4de9-9582-6afc5bda5544.jpeg\"  \/><\/a>Stadtwaldgarten\u00a0 (K\u00f6ln-Lindenthal)<\/p>\n<p class=\"dm-paragraph leading-[1.5em] mb-8 my-8 dm-article-content-width\" index=\"41\" should-collapse-on-mobile=\"true\" has-padding=\"\" data-v-fac9d07d=\"\">Im Stadtwaldgarten an der Aachener Stra\u00dfe geht es klassisch spanisch zu. Neben Steaks vom argentinischen Rind stehen verschiedene Tapas auf der Karte, darunter Gambas al ajillo, Serrano-Schinken, Datteln im Speckmantel, gef\u00fcllte Zucchini und Tapas-Platten. Dazu werden spanische Weine und Sangria serviert. Das Restaurant bezeichnet sich selbst als Familienbetrieb und setzt auf hausgemachte Rezepte und frisch zubereitete Speisen.<\/p>\n<p class=\"dm-paragraph leading-[1.5em] mb-8 my-8 dm-article-content-width\" index=\"42\" should-collapse-on-mobile=\"true\" has-padding=\"\" data-v-fac9d07d=\"\"><b>Stadtwaldgarten |<\/b> Aachener Str. 701, 50933 K\u00f6ln | <a target=\"_blank\" rel=\"nofollow noopener\" href=\"https:\/\/www.stadtwaldgartenkoeln.com\/\">stadtwaldgartenkoeln.com<\/a><\/p>\n<p>Meson El Cordobes (K\u00f6ln-Innenstadt)<img decoding=\"async\" width=\"1920\" height=\"1080\" class=\"current-image dm-figure__image  dm-figure__image-loading\" loading=\"lazy\" onerror=\"this.setAttribute('data-error', 1)\" data-nuxt-pic=\"\" alt=\"Blick in einen Gastraum im Meson El Cordobes\" src=\"https:\/\/www.europesays.com\/de\/wp-content\/uploads\/2026\/09\/live_3209f5b7-c886-42ec-9876-2b7e43a95e8e.jpg\"  \/><\/p>\n<p class=\"text-flint dark:text-white italic text-base\" data-v-42fecd8d=\"\">Rustikales Ambiente im Meson El Cordobes mit rau verputzten W\u00e4nden und mediterranen Kachelbildern.<\/p>\n<p class=\"dm-figure__copyright block text-darkgrey text-sm\" data-v-42fecd8d=\"\">Copyright: Christoph Hennes<\/p>\n<p class=\"dm-paragraph leading-[1.5em] mb-8 my-8 dm-article-content-width\" index=\"46\" should-collapse-on-mobile=\"true\" has-padding=\"\" data-v-fac9d07d=\"\">Hippe Restaurants kommen und gehen, das \u201eMeson El Cordobes\u201c an der Gladbacher Stra\u00dfe zwischen Mediapark und Stadtgarten bleibt genau das, was es die letzten Jahrzente war: ein rustikales, spanisches Restaurant mit einer umfangreichen Tapas-Karte. Platz ist f\u00fcr bis zu 150 Leute an langen Tischen zwischen den wei\u00df get\u00fcnchten Rauputzw\u00e4nden. Auch Familienrunden oder Freundesgruppen f\u00fchlen sich hier wohl, denn die vielen klassischen Tapas machen keinen arm. Darunter sind Klassiker wie Albondigas (Fleischb\u00e4llchen in Tomatensauce), Datteln im Speckmantel, Patatas Bravas\u00a0 oder die s\u00fc\u00dfe Crema Catalana zum Nachtisch.<\/p>\n<p class=\"dm-paragraph leading-[1.5em] mb-8 my-8 dm-article-content-width\" index=\"47\" should-collapse-on-mobile=\"true\" has-padding=\"\" data-v-fac9d07d=\"\"><b>Meson El Cordobes |<\/b> Gladbacher Stra\u00dfe 11, 50672 K\u00f6ln | <a target=\"_blank\" rel=\"nofollow noopener\" href=\"https:\/\/meson-el-cordobes.eatbu.com\/\">meson-el-cordobes.eatbu.com<\/a><\/p>\n<p>Manuelas Tapas Bar, Innenstadt<img decoding=\"async\" width=\"2119\" height=\"1192\" class=\"current-image dm-figure__image  dm-figure__image-loading\" loading=\"lazy\" onerror=\"this.setAttribute('data-error', 1)\" data-nuxt-pic=\"\" alt=\"Bunte Tapas in vielen Sch\u00e4lchen auf einem Tisch\" src=\"https:\/\/www.europesays.com\/de\/wp-content\/uploads\/2026\/09\/e62a4faf-d61a-4140-859f-1e81b2e83135.jpeg\"  \/><\/p>\n<p class=\"text-flint dark:text-white italic text-base\" data-v-42fecd8d=\"\">Tapas auf einem Tisch (Symbolbild)<\/p>\n<p class=\"dm-figure__copyright block text-darkgrey text-sm\" data-v-42fecd8d=\"\">Copyright: Getty Images\/iStockphoto<\/p>\n<p class=\"dm-paragraph leading-[1.5em] mb-8 my-8 dm-article-content-width\" index=\"51\" should-collapse-on-mobile=\"true\" has-padding=\"\" data-v-fac9d07d=\"\">So mancher Tapas-Liebhaber und so manche Tapas-Liebhaberin schw\u00f6rt auf Manuelas Tapas-Bar \u2013 und das zurecht. G\u00e4ste w\u00e4hlen ihre Wunsch-H\u00e4ppchen aus den appetitlich angerichteten, gro\u00dfen Sch\u00fcsseln an der Theke. Und sitzen dann drinnen an kleinen Tischen im gem\u00fctlichen Ambiente. Im Sommer gibt es zudem einen sehr gro\u00dfen, \u00fcberdachten Au\u00dfenbereich. Dort sitzt man an langen Tischen, gut geeignet f\u00fcr gro\u00dfe Gruppen. (eul)<\/p>\n<p class=\"dm-paragraph leading-[1.5em] mb-8 my-8 dm-article-content-width\" index=\"52\" should-collapse-on-mobile=\"true\" has-padding=\"\" data-v-fac9d07d=\"\"><b>Manuelas Tapas Bar | <\/b>Mozartstr. 9, 50674 K\u00f6ln | Mehr Infos <a target=\"_blank\" href=\"https:\/\/www.instagram.com\/tapasbarmanuela\/?hl=de\" rel=\"nofollow noopener\">hier<\/a><\/p>\n<p>La Bodega (K\u00f6ln-Innenstadt)<img decoding=\"async\" width=\"2121\" height=\"1193\" class=\"current-image dm-figure__image  dm-figure__image-loading\" loading=\"lazy\" onerror=\"this.setAttribute('data-error', 1)\" data-nuxt-pic=\"\" alt=\"Ein Tapas-Klassiker: Gambas al ajillo. (Symbolbild)\" src=\"https:\/\/www.europesays.com\/de\/wp-content\/uploads\/2026\/09\/06daeabf-045b-47a5-b58b-8451650932f6.jpeg\"  \/><\/p>\n<p class=\"text-flint dark:text-white italic text-base\" data-v-42fecd8d=\"\">Ein Tapas-Klassiker: Gambas al ajillo. (Symbolbild)<\/p>\n<p class=\"dm-figure__copyright block text-darkgrey text-sm\" data-v-42fecd8d=\"\">Copyright: Getty Images\/iStockphoto<\/p>\n<p class=\"dm-paragraph leading-[1.5em] mb-8 my-8 dm-article-content-width\" index=\"56\" should-collapse-on-mobile=\"true\" has-padding=\"\" data-v-fac9d07d=\"\">Mitten auf der Friesenstra\u00dfe liegt der Klassiker unter den spanischen Tapas-Restaurants in K\u00f6ln: das La Bodega. Drin ist es abends so wuselig, wie in einer Tapas-Bar in San Sebastian, Reservierung empfiehlt sich unbedingt, das schmale Restaurant im klassischen Dreifensterhaus ist nicht sehr gro\u00df und die Tische eng gestellt. Es gibt Tische auf zwei Etagen (oben ist es etwas luftiger) und einen Innenhof. Die Tapas-Auswahl ist gro\u00df. (jym)<\/p>\n<p class=\"dm-paragraph leading-[1.5em] mb-8 my-8 dm-article-content-width\" index=\"57\" should-collapse-on-mobile=\"true\" has-padding=\"\" data-v-fac9d07d=\"\"><b>La Bodega |<\/b> Friesenstra\u00dfe 51, 50670 K\u00f6ln, 0221 257 3610 <b>|<\/b> <a target=\"_blank\" rel=\"noreferrer noopener nofollow\" href=\"https:\/\/www.la-bodega-koeln.com\">www.la-bodega-koeln.com<\/a><\/p>\n<p>Tapeo &amp; Co (K\u00f6ln-Innenstadt)<img decoding=\"async\" width=\"2121\" height=\"1193\" class=\"current-image dm-figure__image  dm-figure__image-loading\" loading=\"lazy\" onerror=\"this.setAttribute('data-error', 1)\" data-nuxt-pic=\"\" alt=\"Viele kleine braune Schalen mit Oliven, Gambas und Boquerones.\" src=\"https:\/\/www.europesays.com\/de\/wp-content\/uploads\/2026\/09\/e7c07058-22ad-4f16-b5ba-4e11aff5c747.jpeg\"  \/><\/p>\n<p class=\"text-flint dark:text-white italic text-base\" data-v-42fecd8d=\"\">Tapas werden in kleinen Sch\u00e4lchen serviert.<\/p>\n<p class=\"dm-figure__copyright block text-darkgrey text-sm\" data-v-42fecd8d=\"\">Copyright: Getty\/Floortje<\/p>\n<p class=\"dm-paragraph leading-[1.5em] mb-8 my-8 dm-article-content-width\" index=\"61\" should-collapse-on-mobile=\"true\" has-padding=\"\" data-v-fac9d07d=\"\">Seit mehr als 10 Jahren gibt es die Tapas-Bar &#8211; fr\u00fcher in Lindenthal, heute zwischen Belgischem Viertel und Z\u00fclpicher Stra\u00dfe. Mit seinen k\u00f6stlichen Kleinigkeiten hat das Tapeo auch hier schnell zahlreiche Stammg\u00e4ste f\u00fcr sich gewinnen k\u00f6nnen. Die Tapas-Karte ist lang: Unter den mehr als 40 angebotenen Speisen fehlt kaum ein Klassiker. Besonderheit: Es gibt zehn verschiedene Sangria-Rezepte auf der Karte, darunter auch eine alkoholfreie Variante. (rei)\u00a0 \u00a0\u00a0<\/p>\n<p class=\"dm-paragraph leading-[1.5em] mb-8 my-8 dm-article-content-width\" index=\"62\" should-collapse-on-mobile=\"true\" has-padding=\"\" data-v-fac9d07d=\"\"><b>Tapeo &amp; Co |<\/b> Lindenstra\u00dfe 38, 50674 K\u00f6ln | <a target=\"_blank\" rel=\"nofollow noopener\" href=\"https:\/\/www.tapeoundco.de\/\">www.tapeoundco.de<\/a><\/p>\n<p><a href=\"https:\/\/www.ksta.de\/freizeit\/restaurants\/beste-franzoesische-restaurants-koeln-2-542295\" class=\"dm-imagefeat__imagecontainer dm-imagefeat relative\" aria-label=\"\" tabindex=\"-1\" data-v-7bdd7f3a=\"\" rel=\"nofollow noopener\" target=\"_blank\"><img decoding=\"async\" width=\"4000\" height=\"2667\" class=\"dm-imagefeat__image w-full aspect-square sm:aspect-auto aspect-video\" style=\"aspect-ratio:1;\" onerror=\"this.setAttribute('data-error', 1)\" data-nuxt-pic=\"\" alt=\"Kerzenst\u00e4nder im Restaurant Crevette Ros\u00e9 auf der Venloer Str. 437 in Ehrenfeld.\" loading=\"lazy\" src=\"https:\/\/www.europesays.com\/de\/wp-content\/uploads\/2026\/09\/f94c11b3-ba4d-4ce5-b6a3-766808f1cd1c.jpeg\"  \/><\/a>Rosendorn (K\u00f6ln-Altstadt)<img decoding=\"async\" width=\"2121\" height=\"1193\" class=\"current-image dm-figure__image  dm-figure__image-loading\" loading=\"lazy\" onerror=\"this.setAttribute('data-error', 1)\" data-nuxt-pic=\"\" alt=\"Tapas-Tafel mit Men\u00fckarte und Au\u00dfengastronomie im Hintergrund.\" src=\"https:\/\/www.europesays.com\/de\/wp-content\/uploads\/2026\/09\/fb6a2ace-1f9c-446a-9c0c-02177a4fa25a.jpeg\"  \/><\/p>\n<p class=\"text-flint dark:text-white italic text-base\" data-v-42fecd8d=\"\">Wenn das Wetter mitspielt und man drau\u00dfen sitzen kann, schmecken Tapas besonders gut. (Symbolbild)<\/p>\n<p class=\"dm-figure__copyright block text-darkgrey text-sm\" data-v-42fecd8d=\"\">Copyright: Getty Images<\/p>\n<p class=\"dm-paragraph leading-[1.5em] mb-8 my-8 dm-article-content-width\" index=\"67\" should-collapse-on-mobile=\"true\" has-padding=\"\" data-v-fac9d07d=\"\">Im Herzen der Altstadt, neben dem Heumarkt, serviert das Rosendorn-Team Tapas in allen Variationen. Im Sommer ist es hier besonders sch\u00f6n, denn der gro\u00dfe Au\u00dfenbereich an der Lintgasse auf dem Ostermannplatz erinnert (bei den richtigen Temperaturen) schon fast ein bisschen an eine Plaza in Barcelona oder Sevilla. Hier sitzt man auf jeden Fall wie im Urlaub. (rei)<\/p>\n<p class=\"dm-paragraph leading-[1.5em] mb-8 my-8 dm-article-content-width\" index=\"68\" should-collapse-on-mobile=\"true\" has-padding=\"\" data-v-fac9d07d=\"\"><b>Rosendorn |<\/b> Lintgasse 10 &#8211; 12, 50667 K\u00f6ln | <a target=\"_blank\" rel=\"nofollow noopener\" href=\"https:\/\/rosendorn.eatbu.com\/?lang=de\">rosendorn.eatbu.com<\/a><\/p>\n<p>El Cielo (Rath\/Heumar)<\/p>\n<p class=\"dm-paragraph leading-[1.5em] mb-8 my-8 dm-article-content-width\" index=\"72\" should-collapse-on-mobile=\"true\" has-padding=\"\" data-v-fac9d07d=\"\">Im \u201eEl Cielo\u201c kommt spanische K\u00fcche auf den Tisch. Die Tapas-Karte reicht von Klassikern wie Patatas bravas, Pimientos de Padr\u00f3n und Gambas bis zu verschiedenen Fleisch- und Fischgerichten. Wer sich nicht entscheiden m\u00f6chte, kann auch eine gemischte Platte mit sechs hausgemachten Vorspeisen zusammenstellen. Dazu gibt es spanische Weine, Sangria und Paella \u2013 bei sch\u00f6nem Wetter k\u00f6nnen G\u00e4ste auch auf der Terrasse sitzen.<\/p>\n<p class=\"dm-paragraph leading-[1.5em] mb-8 my-8 dm-article-content-width\" index=\"73\" should-collapse-on-mobile=\"true\" has-padding=\"\" data-v-fac9d07d=\"\"><b>El Cielo Tapas<\/b> | R\u00f6srather Stra\u00dfe 743, 51107 K\u00f6ln | <a target=\"_blank\" href=\"https:\/\/www.elcielo.de\/speisekarte.pdf\" rel=\"nofollow noopener\">www.elcielo.de<\/a><\/p>\n<p>La Esquina (K\u00f6ln-S\u00fcdstadt)<img decoding=\"async\" width=\"4000\" height=\"2250\" class=\"current-image dm-figure__image  dm-figure__image-loading\" loading=\"lazy\" onerror=\"this.setAttribute('data-error', 1)\" data-nuxt-pic=\"\" alt=\"Nubbel am spanischen Restaurant La Esquina in der S\u00fcdstadt. (Archivbild)\" src=\"https:\/\/www.europesays.com\/de\/wp-content\/uploads\/2026\/09\/1cf9a0ec-ef5b-4ddf-a373-c638a80ffd8e.jpeg\"  \/><\/p>\n<p class=\"text-flint dark:text-white italic text-base\" data-v-42fecd8d=\"\">Nubbel am spanischen Restaurant La Esquina in der S\u00fcdstadt. (Archivbild)<\/p>\n<p class=\"dm-figure__copyright block text-darkgrey text-sm\" data-v-42fecd8d=\"\">Copyright: Martina Goyert<\/p>\n<p class=\"dm-paragraph leading-[1.5em] mb-8 my-8 dm-article-content-width\" index=\"77\" should-collapse-on-mobile=\"true\" has-padding=\"\" data-v-fac9d07d=\"\">Mitten in der S\u00fcdstadt, an der Ecke Severinstra\u00dfe und Sankt Magdalenenstra\u00dfe, liegt das \u201eLa Esquina\u201c \u2013 der Name bedeutet auf Spanisch schlicht \u201edie Ecke\u201c. In dem kleinen Lokal mit maurischen Kacheln, Holztischen und warmem Licht gibt es eine gro\u00dfe Auswahl an kalten und warmen Tapas. Klassiker wie Patatas bravas, Pimientos del Padr\u00f3n, Gambas oder Alb\u00f3ndigas geh\u00f6ren ebenso dazu wie spanische Desserts. Bei sch\u00f6nem Wetter kann man auch drau\u00dfen auf der Severinstra\u00dfe sitzen.<\/p>\n<p class=\"dm-paragraph leading-[1.5em] mb-8 my-8 dm-article-content-width\" index=\"78\" should-collapse-on-mobile=\"true\" has-padding=\"\" data-v-fac9d07d=\"\"><b>La Esquina<\/b> | Severinstra\u00dfe 41, 50678 K\u00f6ln | <a target=\"_blank\" href=\"https:\/\/laesquina.de\/\" rel=\"nofollow noopener\">laesquina.de<\/a><\/p>\n<p>MIGO&#8217;S Tapas &amp; Cocktailbar (K\u00f6ln-Dellbr\u00fcck)<\/p>\n<p class=\"dm-paragraph leading-[1.5em] mb-8 my-8 dm-article-content-width\" index=\"82\" should-collapse-on-mobile=\"true\" has-padding=\"\" data-v-fac9d07d=\"\">Im rechtsrheinischen Dellbr\u00fcck verbindet das \u201eMIGO&#8217;S\u201c spanische Tapas mit Cocktails und einer modernen Bar-Atmosph\u00e4re. Auf der Karte finden sich Klassiker wie Patatas bravas, Pimientos de Padr\u00f3n und Champignons mit Knoblauch, aber auch Ziegenk\u00e4se mit Mandeln und Honig, Calamari oder \u00fcberbackener Schafsk\u00e4se. Dazu gibt es eine Auswahl an internationalen Tapas und gr\u00f6\u00dferen Gerichten sowie Cocktails, Weine und Longdrinks. Auf der Terrasse l\u00e4sst sich der Abend bei moderner Musik und lockerer Stimmung ausklingen.<\/p>\n<p class=\"dm-paragraph leading-[1.5em] mb-8 my-8 dm-article-content-width\" index=\"83\" should-collapse-on-mobile=\"true\" has-padding=\"\" data-v-fac9d07d=\"\"><b>MIGO&#8217;S Tapas &amp; Cocktailbar<\/b> | Diepeschrather Stra\u00dfe 17a, 51069 K\u00f6ln | <a target=\"_blank\" rel=\"nofollow noopener\" href=\"https:\/\/migos-tapas-bar.eatbu.com\/?lang=de\">migos-tapas-bar<\/a><\/p>\n<p><script async src=\"\/\/www.instagram.com\/embed.js\"><\/script><\/p>\n","protected":false},"excerpt":{"rendered":"Tapas geh\u00f6ren zu Spanien wie Sonne, Meer und lange Abende. Auch in K\u00f6ln gibt es zahlreiche Restaurants und&hellip;\n","protected":false},"author":2,"featured_media":1273606,"comment_status":"","ping_status":"","sticky":false,"template":"","format":"standard","meta":{"footnotes":"","_share_on_mastodon":"0"},"categories":[1834],"tags":[3364,29,3688,30,1209],"class_list":["post-1273605","post","type-post","status-publish","format-standard","has-post-thumbnail","category-essen","tag-de","tag-deutschland","tag-essen","tag-germany","tag-nordrhein-westfalen"],"share_on_mastodon":{"url":"https:\/\/pubeurope.com\/@de\/117195335754623618","error":""},"_links":{"self":[{"href":"https:\/\/www.europesays.com\/de\/wp-json\/wp\/v2\/posts\/1273605","targetHints":{"allow":["GET"]}}],"collection":[{"href":"https:\/\/www.europesays.com\/de\/wp-json\/wp\/v2\/posts"}],"about":[{"href":"https:\/\/www.europesays.com\/de\/wp-json\/wp\/v2\/types\/post"}],"author":[{"embeddable":true,"href":"https:\/\/www.europesays.com\/de\/wp-json\/wp\/v2\/users\/2"}],"replies":[{"embeddable":true,"href":"https:\/\/www.europesays.com\/de\/wp-json\/wp\/v2\/comments?post=1273605"}],"version-history":[{"count":0,"href":"https:\/\/www.europesays.com\/de\/wp-json\/wp\/v2\/posts\/1273605\/revisions"}],"wp:featuredmedia":[{"embeddable":true,"href":"https:\/\/www.europesays.com\/de\/wp-json\/wp\/v2\/media\/1273606"}],"wp:attachment":[{"href":"https:\/\/www.europesays.com\/de\/wp-json\/wp\/v2\/media?parent=1273605"}],"wp:term":[{"taxonomy":"category","embeddable":true,"href":"https:\/\/www.europesays.com\/de\/wp-json\/wp\/v2\/categories?post=1273605"},{"taxonomy":"post_tag","embeddable":true,"href":"https:\/\/www.europesays.com\/de\/wp-json\/wp\/v2\/tags?post=1273605"}],"curies":[{"name":"wp","href":"https:\/\/api.w.org\/{rel}","templated":true}]}}