{"id":1273609,"date":"2026-09-01T10:35:22","date_gmt":"2026-09-01T10:35:22","guid":{"rendered":"https:\/\/www.europesays.com\/de\/1273609\/"},"modified":"2026-09-01T10:35:22","modified_gmt":"2026-09-01T10:35:22","slug":"bvb-transfer-knallhart-aussage-von-matthaeus-mit-dem-kann-ich-gar-nichts-anfangen-fussball","status":"publish","type":"post","link":"https:\/\/www.europesays.com\/de\/1273609\/","title":{"rendered":"BVB-Transfer? Knallhart-Aussage von Matth\u00e4us! \u201eMit dem kann ich gar nichts anfangen\u201c | Fu\u00dfball"},"content":{"rendered":"<p><b>Das war ein Mega-D\u00e4mpfer f\u00fcr Dortmund. Beim ersten <\/b><a href=\"https:\/\/sportbild.bild.de\/bundesliga\/startseite\/1-bundesliga\/home-33207854.sport.html\" class=\"text-link\" rel=\"nofollow noopener\" target=\"_blank\"><b>Bundesliga<\/b><\/a><b>-Auftritt des neuen <\/b><a href=\"https:\/\/sportbild.bild.de\/bundesliga\/vereine\/borussia-dortmund\/home-33283690.sport.html\" class=\"text-link\" rel=\"nofollow noopener\" target=\"_blank\"><b>BVB<\/b><\/a><b> gegen den HSV t\u00f6nte am Samstagabend in der Halbzeit bereits Sirtaki aus den Stadionlautsprechern \u2013 und ganz Schwarz-Gelb feierte seine neuen Super-Griechen. Bis zum bitteren Moment, als Torsch\u00fctze Giannis Konstantelias (23) verletzt runtermusste. Diagnose: Kreuzbandriss. Danach ging die Dortmunder Suche auf dem Transfermarkt nach einem Ersatz wieder los. Von einem bestimmten Neuzugang r\u00e4t Lothar Matth\u00e4us (65) vor dem heutigen Deadline-Day aber dringend ab. <\/b><\/p>\n<p>Der deutsche Rekord-Nationalspieler nimmt in seiner \u201eSky\u201c-Kolumne Stellung zu den st\u00e4ndigen Ger\u00fcchten, dass Jadon Sancho (26) ein drittes Mal nach Dortmund zur\u00fcckkehren k\u00f6nnte.<\/p>\n<p>Matth\u00e4us: \u201eNat\u00fcrlich wird in Dortmund immer der Name Jadon Sancho gespielt, aber tut mir leid, wenn ich sage: Mit dem kann ich jetzt gar nichts anfangen.\u201c<\/p>\n<p><img decoding=\"async\" width=\"992\" height=\"558\" alt=\"Jadon Sancho (26) war zuletzt an Aston Villa ausgeliehen\" loading=\"lazy\" src=\"https:\/\/www.europesays.com\/de\/wp-content\/uploads\/2026\/09\/fe5a5f8f2a931c35a0c430c87992fb71,a0c89c0e.jpeg\"   class=\"landscape\"\/><\/p>\n<p class=\"fig__caption__text\">Jadon Sancho (26) war zuletzt an Aston Villa ausgeliehen<\/p>\n<p>Foto: Getty Images<\/p>\n<p>Lothar Matth\u00e4us r\u00e4t von Sancho-Transfer ab<\/p>\n<p>Dann erkl\u00e4rt er seine deutliche Aussage: \u201eSancho ist von seinen F\u00e4higkeiten her eigentlich ein Linienspieler. Diese Position gibt es im jetzigen System von Niko Kovac nicht.\u201c<\/p>\n<p>Laut Matth\u00e4us kann der BVB den Ausfall auch intern auffangen und nennt mit Marcel Sabitzer und Carney Chukwuemeka zwei Spieler, die \u201ediese Position jederzeit spielen\u201c k\u00f6nnen.<\/p>\n<p>Sancho ist nach Vertragsende bei Manchester United abl\u00f6sefrei zu haben. Von 2017 bis 2021 lief er h\u00f6chst erfolgreich f\u00fcr den BVB, 2024 gab es die R\u00fcckkehr per Leihe. Und jetzt?<\/p>\n<p>\u201eDa sind Kameras\u201c: Wie schlimm war der BVB-Flaschenwurf wirklich?<a class=\"anchor video-teaser__anchor\" href=\"https:\/\/sportbild.bild.de\/fussball\/1-bundesliga\/da-sind-kameras-wie-schlimm-war-der-bvb-flaschenwurf-wirklich-6a95584aec27d32fb526a92c\" rel=\"nofollow noopener\" target=\"_blank\"><img decoding=\"async\" width=\"992\" height=\"558\" alt=\"\" loading=\"lazy\" src=\"https:\/\/www.europesays.com\/de\/wp-content\/uploads\/2026\/09\/8a62dd8b2ade90f3f527252e4ce30eec-landscape,34751f25.jpeg\"   class=\"landscape teaser__image\"\/><\/a><\/p>\n<p>Quelle: BILD31.08.2026<\/p>\n<p>BVB-Boss Carsten Cramer (57) bei \u201eSky90\u201c auf die Ger\u00fcchte angesprochen: \u201eEs gibt kaum einen Namen, der die Menschen in Dortmund mehr elektrisiert als Jadon \u2013 das ist einfach so, das ist in der ganzen Sommerpause der Fall gewesen. Jadon hat sich auch nichts zuschulden kommen lassen, er ist ein tadelloser Junge. Aber wir handhaben das konsequent so, wir kommentieren \u00fcberhaupt keine Namen.\u201c<\/p>\n<p>BVB verpflichtet Konstantelias-Ersatz<\/p>\n<p>Mittlerweile ist aber klar: Der BVB hat nochmal auf dem Transfer-Markt zugeschlagen \u2013 und es ist nicht Sancho. <a href=\"https:\/\/sportbild.bild.de\/fussball\/internationaler-fussball\/transfer-ticker-neuer-klub-fuer-ex-bayern-stuermer-6a70519add06dd5ef2e42e0a\" class=\"text-link\" rel=\"nofollow noopener\" target=\"_blank\">\u00dcbereinstimmenden Medienberichten zufolge holt Dortmund den Offensivspieler Ethan Nwaneri (19) von England-Meister Arsenal<\/a>. Das deckt sich mit SPORT BILD-Infos. Der Youngster fliegt noch am heutigen Dienstag nach Dortmund und absolviert seinen Medizincheck. Das Transferfenster endet heute um 20 Uhr, bis dahin muss der Wechsel registriert sein.<\/p>\n","protected":false},"excerpt":{"rendered":"Das war ein Mega-D\u00e4mpfer f\u00fcr Dortmund. Beim ersten Bundesliga-Auftritt des neuen BVB gegen den HSV t\u00f6nte am Samstagabend&hellip;\n","protected":false},"author":2,"featured_media":1273610,"comment_status":"","ping_status":"","sticky":false,"template":"","format":"standard","meta":{"footnotes":"","_share_on_mastodon":"0"},"categories":[1833],"tags":[888,3364,29,217,538,30,3470,28747,1209,803,126193,62906],"class_list":["post-1273609","post","type-post","status-publish","format-standard","has-post-thumbnail","category-dortmund","tag-borussia-dortmund","tag-de","tag-deutschland","tag-dortmund","tag-erste-bundesliga","tag-germany","tag-jadon-sancho","tag-matthaeus-lothar","tag-nordrhein-westfalen","tag-spielertransfer","tag-spobi-bundesliga","tag-spobi-fussball"],"share_on_mastodon":{"url":"https:\/\/pubeurope.com\/@de\/117195347730839850","error":""},"_links":{"self":[{"href":"https:\/\/www.europesays.com\/de\/wp-json\/wp\/v2\/posts\/1273609","targetHints":{"allow":["GET"]}}],"collection":[{"href":"https:\/\/www.europesays.com\/de\/wp-json\/wp\/v2\/posts"}],"about":[{"href":"https:\/\/www.europesays.com\/de\/wp-json\/wp\/v2\/types\/post"}],"author":[{"embeddable":true,"href":"https:\/\/www.europesays.com\/de\/wp-json\/wp\/v2\/users\/2"}],"replies":[{"embeddable":true,"href":"https:\/\/www.europesays.com\/de\/wp-json\/wp\/v2\/comments?post=1273609"}],"version-history":[{"count":0,"href":"https:\/\/www.europesays.com\/de\/wp-json\/wp\/v2\/posts\/1273609\/revisions"}],"wp:featuredmedia":[{"embeddable":true,"href":"https:\/\/www.europesays.com\/de\/wp-json\/wp\/v2\/media\/1273610"}],"wp:attachment":[{"href":"https:\/\/www.europesays.com\/de\/wp-json\/wp\/v2\/media?parent=1273609"}],"wp:term":[{"taxonomy":"category","embeddable":true,"href":"https:\/\/www.europesays.com\/de\/wp-json\/wp\/v2\/categories?post=1273609"},{"taxonomy":"post_tag","embeddable":true,"href":"https:\/\/www.europesays.com\/de\/wp-json\/wp\/v2\/tags?post=1273609"}],"curies":[{"name":"wp","href":"https:\/\/api.w.org\/{rel}","templated":true}]}}