{"id":1273617,"date":"2026-09-01T10:41:12","date_gmt":"2026-09-01T10:41:12","guid":{"rendered":"https:\/\/www.europesays.com\/de\/1273617\/"},"modified":"2026-09-01T10:41:12","modified_gmt":"2026-09-01T10:41:12","slug":"duesseldorf-vollsperrung-am-werstener-kreuz-a46-droht-verkehrschaos","status":"publish","type":"post","link":"https:\/\/www.europesays.com\/de\/1273617\/","title":{"rendered":"D\u00fcsseldorf: Vollsperrung \u2013 am Werstener Kreuz &#038; A46 droht Verkehrschaos"},"content":{"rendered":"<p class=\"text_ohne_einzug richtext text-em-55 !leading-serif mx-6 desktop:mx-0\"> Autofahrer und Passagiere des \u00f6ffentlichen Nahverkehrs rund ums Werstener Kreuz im D\u00fcsseldorfer S\u00fcden brauchen ab Montag, 7. September, Geduld: Die Rheinbahn erneuert dort die Gleise und das hat Folgen f\u00fcr drei Stadtbahnlinien, sieben Buslinien und den Autoverkehr in Richtung A46. Die Arbeiten dauern bis Montag, 21. September, 4 Uhr, wie die Rheinbahn mitteilt.<\/p>\n<p class=\"richtext text-em-55 !leading-serif mx-6 desktop:mx-0\">Besonders weitreichend sind die \u00c4nderungen bei der U72: Aus Ratingen kommend, enden die Bahnen an der Haltestelle \u201eUniversit\u00e4t Nord\/Christophstra\u00dfe&#8220; und fahren \u00fcber die Strecke der Linie U73 bis zur Haltestelle \u201eUniversit\u00e4t Ost\/Botanischer Garten&#8220;, von wo aus sie wieder zur\u00fcck nach Ratingen fahren.<\/p>\n<p class=\"richtext text-em-55 !leading-serif mx-6 desktop:mx-0\">Auf dem gesperrten Abschnitt zwischen \u201eS\u00fcdpark&#8220; und \u201eBenrath, Betriebshof&#8220; \u00fcbernehmen Ersatzbusse den Betrieb. Diese halten in der Regel an den bestehenden Stadtbahn-Haltestellen oder an einer Ersatzhaltestelle am rechten Fahrbahnrand. Die Haltestellen \u201eOpladener Stra\u00dfe&#8220; und \u201eIckerswarder Stra\u00dfe&#8220; werden in Richtung Benrath an eine Ersatzhaltestelle auf der Ickerswarder Stra\u00dfe in H\u00f6he der Hausnummer 2 verlegt.<\/p>\n<p class=\"richtext text-em-55 !leading-serif mx-6 desktop:mx-0\">Bei der U76 enden die Bahnen in Richtung Holthausen bereits an der Haltestelle \u201eWerstener Dorfstra\u00dfe&#8220; und kehren von dort um. Zwischen \u201eWerstener Dorfstra\u00dfe&#8220; und \u201eHolthausen&#8220; sind ebenfalls Ersatzbusse im Einsatz. Auch hier werden die Haltestellen \u201eOpladener Stra\u00dfe&#8220; und \u201eIckerswarder Stra\u00dfe&#8220; in Richtung Holthausen an die Ersatzhaltestelle auf der Ickerswarder Stra\u00dfe in H\u00f6he der Hausnummer 2 verlegt.<\/p>\n<p class=\"richtext text-em-55 !leading-serif mx-6 desktop:mx-0\">Die U79 endet, aus Duisburg kommend, an der Haltestelle \u201eKaiserslauterner Stra\u00dfe&#8220; und f\u00e4hrt von dort wieder zur\u00fcck. Der Abschnitt bis zur Haltestelle \u201eUniversit\u00e4t Ost\/Botanischer Garten&#8220; entf\u00e4llt. Die Rheinbahn empfiehlt, alternativ die Bahnen der Linie U76 sowie die Ersatzbusse der Linie U72 zu nutzen. Wer die Haltestellen \u201eS\u00fcdpark&#8220; oder \u201eUniversit\u00e4t Ost\/Botanischer Garten&#8220; ansteuert, kann bereits ab der Haltestelle \u201eHeinrich-Heine-Allee&#8220; auf die Linien U72 und U73 umsteigen.<\/p>\n<p>Buslinien \u2013 Umleitungen in beide Richtungen      <\/p>\n<p class=\"text_ohne_einzug richtext text-em-55 !leading-serif mx-6 desktop:mx-0\">Auch mehrere Buslinien sind betroffen. Die Linien SB50, 780, 782 und 785 fahren stadtausw\u00e4rts ab der Haltestelle \u201eUni-Kliniken&#8220; eine Umleitung, stadteinw\u00e4rts gilt die Umleitung ab der Autobahnabfahrt Wersten. Die Haltestelle \u201eWerstener Dorfstra\u00dfe&#8220; entf\u00e4llt auf diesen Linien.<\/p>\n<p class=\"richtext text-em-55 !leading-serif mx-6 desktop:mx-0\">Die Linie 723 f\u00e4hrt in Richtung Eller Mitte ab der Haltestelle \u201eUni-Kliniken&#8220; eine Umleitung. Die Busse, die an der Haltestelle \u201eS\u00fcdpark\u201c starten, fahren in Richtung Eller Mitte ebenfalls eine Umleitung. Die Linie 727 f\u00e4hrt in Richtung Reisholz ab der Haltestelle \u201eS\u00fcdpark&#8220; eine Umleitung, die Haltestelle \u201eWerstener Dorfstra\u00dfe&#8220; entf\u00e4llt.<\/p>\n<p class=\"richtext text-em-55 !leading-serif mx-6 desktop:mx-0\">Die Linie 817 f\u00e4hrt in Richtung Benrath Betriebshof ab der Haltestelle \u201eWerstener Dorfstra\u00dfe&#8220; eine Umleitung. Auch hier werden die Haltestellen \u201eOpladener Stra\u00dfe&#8220; und \u201eIckerswarder Stra\u00dfe&#8220; an die Ersatzhaltestelle auf der Ickerswarder Stra\u00dfe in H\u00f6he der Hausnummer 2 verlegt.<\/p>\n<p>Einschr\u00e4nkungen auch f\u00fcr den Autoverkehr      <\/p>\n<p class=\"text_ohne_einzug richtext text-em-55 !leading-serif mx-6 desktop:mx-0\">Auch Autofahrer m\u00fcssen sich auf Einschr\u00e4nkungen einstellen. Wer vom S\u00fcdpark \u00fcber die Werstener Stra\u00dfe kommt, kann nur auf die A46 in Richtung Wuppertal auffahren, die Zufahrt zum Werstener Kreuz ist gesperrt. Von der K\u00f6lner Landstra\u00dfe aus Oberbilk kommend ist nur das Rechtsabbiegen auf die Werstener Stra\u00dfe in Richtung S\u00fcdpark m\u00f6glich. Die \u00dcberfahrt des Werstener Kreuzes in Richtung Wersten sowie das Linksabbiegen auf die A46 in Richtung Wuppertal sind nicht m\u00f6glich.<\/p>\n<p class=\"richtext text-em-55 !leading-serif mx-6 desktop:mx-0\">Von der Abfahrt Wersten\/Oberbilk der A46 in Richtung Neuss kommend ist nur das Rechtsabbiegen auf die K\u00f6lner Landstra\u00dfe in Richtung Oberbilk erlaubt. Von der A46 in Richtung Wuppertal kommend ist die Abfahrt Wersten\/Oberbilk gesperrt. Zudem sind die Fu\u00dfg\u00e4nger\u00fcberwege im Bereich der Einm\u00fcndung der Werstener Stra\u00dfe in die K\u00f6lner Landstra\u00dfe gesperrt.<\/p>\n<p class=\"richtext text-em-55 !leading-serif mx-6 desktop:mx-0\">Zus\u00e4tzlich wird der Werstener Tunnel der A46 vom Samstag, 12. September, bis Montag, 14. September, in beiden Richtungen wegen Wartungsarbeiten der Autobahn GmbH gesperrt.<\/p>\n<p class=\"richtext text-em-55 !leading-serif mx-6 desktop:mx-0\">Umleitungen sind gro\u00dfr\u00e4umig ausgeschildert. Die Rheinbahn bittet Autofahrende, die Umleitungen zu nutzen und die gesperrten Bereiche weitr\u00e4umig zu umfahren. Fahrg\u00e4ste werden an den betroffenen Haltestellen, \u00fcber elektronische Anzeigen und durch Durchsagen in den Fahrzeugen informiert. Durch den Einsatz von Bussen statt Bahnen kann es zu Wartezeiten und Verz\u00f6gerungen kommen.<\/p>\n","protected":false},"excerpt":{"rendered":"Autofahrer und Passagiere des \u00f6ffentlichen Nahverkehrs rund ums Werstener Kreuz im D\u00fcsseldorfer S\u00fcden brauchen ab Montag, 7. September,&hellip;\n","protected":false},"author":2,"featured_media":1273618,"comment_status":"","ping_status":"","sticky":false,"template":"","format":"standard","meta":{"footnotes":"","_share_on_mastodon":"0"},"categories":[1831],"tags":[97543,212404,3364,29,87423,3405,67181,30,6513,116524,22040,26507,1209,4102,14252,11238,137293,524,4073,17549],"class_list":["post-1273617","post","type-post","status-publish","format-standard","has-post-thumbnail","category-duesseldorf","tag-buslinien","tag-christophstrasse","tag-de","tag-deutschland","tag-dorfstrasse","tag-duesseldorf","tag-ersatzhaltestelle","tag-germany","tag-haltestelle","tag-ickerswarder","tag-kreuz","tag-linie","tag-nordrhein-westfalen","tag-rheinbahn","tag-richtung","tag-stadtbahn","tag-stadtbahnlinien","tag-strasse","tag-umleitung","tag-wersten"],"share_on_mastodon":{"url":"https:\/\/pubeurope.com\/@de\/117195367042440060","error":""},"_links":{"self":[{"href":"https:\/\/www.europesays.com\/de\/wp-json\/wp\/v2\/posts\/1273617","targetHints":{"allow":["GET"]}}],"collection":[{"href":"https:\/\/www.europesays.com\/de\/wp-json\/wp\/v2\/posts"}],"about":[{"href":"https:\/\/www.europesays.com\/de\/wp-json\/wp\/v2\/types\/post"}],"author":[{"embeddable":true,"href":"https:\/\/www.europesays.com\/de\/wp-json\/wp\/v2\/users\/2"}],"replies":[{"embeddable":true,"href":"https:\/\/www.europesays.com\/de\/wp-json\/wp\/v2\/comments?post=1273617"}],"version-history":[{"count":0,"href":"https:\/\/www.europesays.com\/de\/wp-json\/wp\/v2\/posts\/1273617\/revisions"}],"wp:featuredmedia":[{"embeddable":true,"href":"https:\/\/www.europesays.com\/de\/wp-json\/wp\/v2\/media\/1273618"}],"wp:attachment":[{"href":"https:\/\/www.europesays.com\/de\/wp-json\/wp\/v2\/media?parent=1273617"}],"wp:term":[{"taxonomy":"category","embeddable":true,"href":"https:\/\/www.europesays.com\/de\/wp-json\/wp\/v2\/categories?post=1273617"},{"taxonomy":"post_tag","embeddable":true,"href":"https:\/\/www.europesays.com\/de\/wp-json\/wp\/v2\/tags?post=1273617"}],"curies":[{"name":"wp","href":"https:\/\/api.w.org\/{rel}","templated":true}]}}