{"id":1273619,"date":"2026-09-01T10:42:17","date_gmt":"2026-09-01T10:42:17","guid":{"rendered":"https:\/\/www.europesays.com\/de\/1273619\/"},"modified":"2026-09-01T10:42:17","modified_gmt":"2026-09-01T10:42:17","slug":"bpoli-s-auseinandersetzung-mit-tierabwehrspray-am-bahnhof-bad-cannstatt","status":"publish","type":"post","link":"https:\/\/www.europesays.com\/de\/1273619\/","title":{"rendered":"BPOLI S: Auseinandersetzung mit Tierabwehrspray am Bahnhof Bad Cannstatt"},"content":{"rendered":"<p class=\"date\">01.09.2026 \u2013 12:07<\/p>\n<p class=\"customer\">\n                        <a class=\"story-customer\" title=\"weiter zum newsroom von Bundespolizeiinspektion Stuttgart\" href=\"https:\/\/www.presseportal.de\/blaulicht\/nr\/116091\" rel=\"nofollow noopener\" target=\"_blank\">Bundespolizeiinspektion Stuttgart<\/a>\n                    <\/p>\n<p><a data-category=\"citylink-story-view\" data-action=\"click\" data-label=\"Citylink in Meldungsansicht\" class=\"story-city event-trigger\" href=\"https:\/\/www.presseportal.de\/regional\/Stuttgart%20Bad%20Cannstatt\" title=\"News aus Stuttgart Bad Cannstatt \" rel=\"nofollow noopener\" target=\"_blank\">Stuttgart Bad Cannstatt<\/a> (ots)<\/p>\n<p>Am Montagabend (31.08.2026) kam es am Bahnhof Bad Cannstatt zu einer gef\u00e4hrlichen K\u00f6rperverletzung zum Nachteil eines 39-j\u00e4hrigen Mannes.<br \/>\nNach bisherigen Erkenntnissen ereignete sich der Vorfall gegen 22:47 Uhr am Bahnsteig 5. Dort soll es zun\u00e4chst zu einer verbalen Auseinandersetzung zwischen einem 32-j\u00e4hrigen gambischen und einem 39-j\u00e4hrigen somalischen Staatsangeh\u00f6rigen gekommen sein.<br \/>\nIm weiteren Verlauf soll der 32-J\u00e4hrige den Gesch\u00e4digten mehrfach mit einem Tierabwehrspray bespr\u00fcht haben. Anschlie\u00dfend entfernte sich der Tatverd\u00e4chtige und fuhr offenbar mit einem Zug in Richtung Stuttgart.<br \/>\nDer 39-J\u00e4hrige verst\u00e4ndigte daraufhin selbstst\u00e4ndig die Bundespolizei und meldete den Vorfall.<br \/>\nEinsatzkr\u00e4fte konnten den 32-j\u00e4hrigen Tatverd\u00e4chtigen kurze Zeit sp\u00e4ter am Bahnhof Stuttgart-Zuffenhausen antreffen. Da Hinweise vorlagen, wonach der Mann m\u00f6glicherweise ein Messer mit sich f\u00fchren k\u00f6nnte, forderten ihn die Einsatzkr\u00e4fte unter Androhung des Einsatzes eines Elektroimpulsger\u00e4tes auf, sich auf den Boden zu legen. Der Tatverd\u00e4chtige kam dieser Aufforderung nach und konnte widerstandslos vorl\u00e4ufig festgenommen werden.<br \/>\nBei der anschlie\u00dfenden Durchsuchung stellten die Einsatzkr\u00e4fte das mutma\u00dflich verwendete Tierabwehrspray sowie einen sogenannten Kubotan sicher. Ein Messer wurde nicht aufgefunden.<br \/>\nDer Beschuldigte wurde vorl\u00e4ufig festgenommen und in die Gewahrsamsr\u00e4ume der Bundespolizei verbracht. Nach Abschluss der polizeilichen Ma\u00dfnahmen konnte er seinen Weg weiter fortsetzen.<br \/>\nDie Bundespolizei hat Ermittlungen wegen des Verdachts der gef\u00e4hrlichen K\u00f6rperverletzung eingeleitet.<\/p>\n<p class=\"contact-headline\">R\u00fcckfragen bitte an:<\/p>\n<p class=\"contact-text\">Bundespolizeiinspektion Stuttgart<br \/>Pressestelle<br \/>Janna K\u00fcntzle<br \/>Telefon: 0711 \/ 55049 &#8211; 1051<br \/>E-Mail: <a href=\"https:\/\/www.presseportal.de\/blaulicht\/pm\/116091\/mailto:bpoli.stuttgart.oea@polizei.bund.de\" class=\"uri-mailto\" rel=\"nofollow noopener\" target=\"_blank\">bpoli.stuttgart.oea@polizei.bund.de<\/a><br \/><a target=\"_blank\" class=\"uri-ext outbound\" rel=\"noopener nofollow\" href=\"https:\/\/www.bundespolizei.de\">www.bundespolizei.de<\/a><br \/><a target=\"_blank\" class=\"uri-ext outbound\" rel=\"noopener nofollow\" href=\"http:\/\/www.twitter.com\/bpol_bw\">http:\/\/www.twitter.com\/bpol_bw<\/a><\/p>\n<p class=\"originator\">Original-Content von: Bundespolizeiinspektion Stuttgart, \u00fcbermittelt durch news aktuell<\/p>\n<p>            <script async src=\"https:\/\/platform.twitter.com\/widgets.js\" charset=\"utf-8\"><\/script><\/p>\n","protected":false},"excerpt":{"rendered":"01.09.2026 \u2013 12:07 Bundespolizeiinspektion Stuttgart Stuttgart Bad Cannstatt (ots) Am Montagabend (31.08.2026) kam es am Bahnhof Bad Cannstatt&hellip;\n","protected":false},"author":2,"featured_media":1266941,"comment_status":"","ping_status":"","sticky":false,"template":"","format":"standard","meta":{"footnotes":"","_share_on_mastodon":"0"},"categories":[1830],"tags":[1634,6187,3364,29,30,177,121,178,180,179,181,1441],"class_list":["post-1273619","post","type-post","status-publish","format-standard","has-post-thumbnail","category-stuttgart","tag-baden-wuerttemberg","tag-bw","tag-de","tag-deutschland","tag-germany","tag-kriminalitt","tag-polizei","tag-presse","tag-pressemeldung","tag-pressemitteilung","tag-pressemitteilungen","tag-stuttgart"],"share_on_mastodon":{"url":"https:\/\/pubeurope.com\/@de\/117195370895280848","error":""},"_links":{"self":[{"href":"https:\/\/www.europesays.com\/de\/wp-json\/wp\/v2\/posts\/1273619","targetHints":{"allow":["GET"]}}],"collection":[{"href":"https:\/\/www.europesays.com\/de\/wp-json\/wp\/v2\/posts"}],"about":[{"href":"https:\/\/www.europesays.com\/de\/wp-json\/wp\/v2\/types\/post"}],"author":[{"embeddable":true,"href":"https:\/\/www.europesays.com\/de\/wp-json\/wp\/v2\/users\/2"}],"replies":[{"embeddable":true,"href":"https:\/\/www.europesays.com\/de\/wp-json\/wp\/v2\/comments?post=1273619"}],"version-history":[{"count":0,"href":"https:\/\/www.europesays.com\/de\/wp-json\/wp\/v2\/posts\/1273619\/revisions"}],"wp:featuredmedia":[{"embeddable":true,"href":"https:\/\/www.europesays.com\/de\/wp-json\/wp\/v2\/media\/1266941"}],"wp:attachment":[{"href":"https:\/\/www.europesays.com\/de\/wp-json\/wp\/v2\/media?parent=1273619"}],"wp:term":[{"taxonomy":"category","embeddable":true,"href":"https:\/\/www.europesays.com\/de\/wp-json\/wp\/v2\/categories?post=1273619"},{"taxonomy":"post_tag","embeddable":true,"href":"https:\/\/www.europesays.com\/de\/wp-json\/wp\/v2\/tags?post=1273619"}],"curies":[{"name":"wp","href":"https:\/\/api.w.org\/{rel}","templated":true}]}}