{"id":1273653,"date":"2026-09-01T11:11:24","date_gmt":"2026-09-01T11:11:24","guid":{"rendered":"https:\/\/www.europesays.com\/de\/1273653\/"},"modified":"2026-09-01T11:11:24","modified_gmt":"2026-09-01T11:11:24","slug":"dr-nice-zdf-holt-beliebte-serie-zurueck-ins-programm","status":"publish","type":"post","link":"https:\/\/www.europesays.com\/de\/1273653\/","title":{"rendered":"&#8222;Dr. Nice&#8220;: ZDF holt beliebte Serie zur\u00fcck ins Programm"},"content":{"rendered":"<p>Nach zweij\u00e4hriger Sendepause <\/p>\n<p>ZDF holt beliebte Arztserie zur\u00fcck ins Programm<\/p>\n<p>01.09.2026 &#8211; 12:26 UhrLesedauer: 2 Min.<\/p>\n<p><a href=\"#focus-0\" class=\"transition-colors block text-current relative\" data-sctrack=\"FocusGalleryImage.Reference\"><img fetchpriority=\"high\" data-testid=\"Opener.Image\"   loading=\"eager\" src=\"https:\/\/www.europesays.com\/de\/wp-content\/uploads\/2026\/09\/dr-nice-josefine-preuss-und-patrick-kalupa-spielen-in-der-serie-zusammen-mit.jpg\" alt=\"&quot;Dr. Nice&quot;: Josefine Preu\u00df und Patrick Kalupa spielen in der Serie zusammen mit.\" title=\"&quot;Dr. Nice&quot;: Josefine Preu\u00df und Patrick Kalupa spielen in der Serie zusammen mit.\" width=\"1365\" height=\"768\" class=\"bg-[url:var(--lqipURL)] bg-cover bg-center flex h-full w-full max-w-full\" style=\"--lqipURL:url('https:\/\/images.t-online.de\/2026\/09\/CRnaJwhh7xiB\/283x88:1365x768\/fit-in\/150x0\/filters:blur(25)\/dr-nice-josefine-preuss-und-patrick-kalupa-spielen-in-der-serie-zusammen-mit.jpg')\" decoding=\"async\"\/><img loading=\"lazy\" src=\"https:\/\/www.t-online.de\/s\/paper\/_next\/static\/media\/zoom-in.f7dae02f.svg\" alt=\"Vergr\u00f6\u00dfern des Bildes\" title=\"Vergr\u00f6\u00dfern des Bildes\" class=\"block h-[calc(var(--height)_\/_16_*_1rem)] w-[calc(var(--width)_\/_16_*_1rem)] max-w-none absolute right-8 bottom-8 rounded-4 bg-snow p-8\" style=\"--width:32;--height:32\" decoding=\"async\"\/><\/a><\/p>\n<p>&#8222;Dr. Nice&#8220;: Josefine Preu\u00df und Patrick Kalupa spielen in der Serie zusammen. (Quelle: Rudolf Wernicke \/ zdf)<\/p>\n<p><img loading=\"lazy\" src=\"https:\/\/www.t-online.de\/s\/paper\/_next\/static\/media\/audio-volume.6689034c.svg\" alt=\"\" title=\"\" class=\"block h-[calc(var(--height)_\/_16_*_1rem)] w-[calc(var(--width)_\/_16_*_1rem)] max-w-none group-hover:brightness-0 group-hover:invert\" style=\"--width:16;--height:16\" decoding=\"async\"\/>Vorlesen<\/p>\n<p>Aktuelle Zeit:0:00Gesamtdauer:0:00<\/p>\n<p>1x<img loading=\"lazy\" src=\"https:\/\/www.t-online.de\/s\/paper\/_next\/static\/media\/font-sizes.32942e33.svg\" alt=\"\" title=\"\" class=\"block h-[calc(var(--height)_\/_16_*_1rem)] w-[calc(var(--width)_\/_16_*_1rem)] max-w-none group-hover:hidden group-aria-expanded:hidden\" style=\"--width:16;--height:16\" decoding=\"async\"\/><img loading=\"lazy\" src=\"https:\/\/www.t-online.de\/s\/paper\/_next\/static\/media\/font-sizes-dark-mode.e382645c.svg\" alt=\"\" title=\"\" class=\"block h-[calc(var(--height)_\/_16_*_1rem)] w-[calc(var(--width)_\/_16_*_1rem)] max-w-none hidden group-hover:block group-aria-expanded:block\" style=\"--width:16;--height:16\" decoding=\"async\"\/><img loading=\"lazy\" src=\"https:\/\/www.t-online.de\/s\/paper\/_next\/static\/media\/sharing-menu-icon.1eb71368.svg\" alt=\"\" title=\"\" class=\"block h-[calc(var(--height)_\/_16_*_1rem)] w-[calc(var(--width)_\/_16_*_1rem)] max-w-none group-hover:brightness-0 group-hover:invert\" style=\"--width:16;--height:16\" decoding=\"async\"\/>Artikel teilen<\/p>\n<p class=\"font-bold text-18 leading-17 user-text-lg:text-22 user-text-xl:text-24\">Das ZDF setzt die Arztserie &#8222;Dr. Nice&#8220; fort. Patrick Kalupa und Josefine Preu\u00df sind wieder dabei. Fans hatten schon darauf gewartet.<\/p>\n<p class=\"text-18 leading-17 user-text-lg:text-22 user-text-xl:text-24\">Im Mai 2024 wurden die vorerst letzten Folgen von &#8222;Dr. Nice&#8220; gezeigt. Jetzt wird die Arztserie fortgesetzt. Das hat das <a href=\"https:\/\/www.t-online.de\/themen\/zdf\/\" class=\"transition-colors cursor-pointer no-underline md:hover:text-magenta md:focus:text-magenta border-b border-solid border-current text-salemsfur md:hover:border-magenta\" data-tracking=\"{&quot;action&quot;:&quot;click&quot;,&quot;category&quot;:&quot;intextLink&quot;,&quot;label&quot;:&quot;\/themen\/zdf\/&quot;}\" data-sctrack=\"BodyAnchor\" rel=\"nofollow noopener\" target=\"_blank\">ZDF<\/a> mit einer Programmvorschau bekannt gegeben. Daf\u00fcr standen Patrick Kalupa und Josefine Preu\u00df erneut gemeinsam vor der Kamera.<\/p>\n<p class=\"text-18 leading-17 user-text-lg:text-22 user-text-xl:text-24\">Die neuen Episoden sind ab dem 25. September 2026 in der ZDF-Mediathek abrufbar, die Ausstrahlung im linearen Programm beginnt am 11. Oktober 2026 um 20.15 Uhr. In der neuen Staffel geraten die Figuren Dr. Moritz Neiss alias Nice und Charlotte Winkler alias Charlie nach einer r\u00e4tselhaften Nacht emotional aus dem Gleichgewicht. Gleichzeitig k\u00e4mpft eine neue Pastorin mit Beschwerden, die niemand erkl\u00e4ren kann. Je mehr sich ihr Zustand verschlechtert, desto gr\u00f6\u00dfer wird der Druck auf Dr. Nice. Den Weg zur Diagnose er\u00f6ffnen ihm schlie\u00dflich lange verdr\u00e4ngte Ereignisse aus seinem fr\u00fcheren Leben.<\/p>\n<p class=\"text-18 leading-17 user-text-lg:text-22 user-text-xl:text-24\">Das Drehbuch stammt von Simon X. Rost, Regie f\u00fchrte Holger Haase. Neben Kalupa und Preu\u00df sind au\u00dferdem Maximilian Grill, Brigitte Zeh, Maj Borchardt, Ben Ole Knobbe, Bruno F. Apitz, Hedi Kriegeskotte, Idil \u00dcner, Teresa Rizos und <a href=\"https:\/\/www.t-online.de\/themen\/hannes-jaenicke\/\" class=\"transition-colors cursor-pointer no-underline md:hover:text-magenta md:focus:text-magenta border-b border-solid border-current text-salemsfur md:hover:border-magenta\" data-tracking=\"{&quot;action&quot;:&quot;click&quot;,&quot;category&quot;:&quot;intextLink&quot;,&quot;label&quot;:&quot;\/themen\/hannes-jaenicke\/&quot;}\" data-sctrack=\"BodyAnchor\" rel=\"nofollow noopener\" target=\"_blank\">Hannes Jaenicke<\/a> zu sehen.<\/p>\n<ul class=\"text-18 leading-17 block pl-24 *:pb-16 *:before:inline-block *:before:size-8 *:before:bg-magenta *:before:mt-0 *:before:mr-12 *:before:mb-2 *:before:-ml-[20px]\">\n<li><strong class=\"font-bold\">Patrick Kalupa:<\/strong> <a href=\"https:\/\/www.t-online.de\/unterhaltung\/stars\/id_100717596\/-dr-nice-zdf-star-patrick-kalupa-spricht-ueber-ausbleibende-angebote.html\" class=\"transition-colors cursor-pointer no-underline md:hover:text-magenta md:focus:text-magenta border-b border-solid border-current text-salemsfur md:hover:border-magenta\" data-tracking=\"{&quot;action&quot;:&quot;click&quot;,&quot;category&quot;:&quot;intextLink&quot;,&quot;label&quot;:&quot;\/unterhaltung\/stars\/id_100717596\/-dr-nice-zdf-star-patrick-kalupa-spricht-ueber-ausbleibende-angebote.html&quot;}\" data-sctrack=\"BodyAnchor\" rel=\"nofollow noopener\" target=\"_blank\">&#8222;Altersunterschied zwischen Brigitte Zeh und mir spielt keine Rolle&#8220;<\/a><\/li>\n<\/ul>\n<p><img loading=\"lazy\" src=\"https:\/\/www.t-online.de\/s\/paper\/_next\/static\/media\/video-carousel-play.6f25714b.svg\" alt=\"\" title=\"\" class=\"block h-[calc(var(--height)_\/_16_*_1rem)] w-[calc(var(--width)_\/_16_*_1rem)] max-w-none undefined\" style=\"--height:12\" decoding=\"async\"\/><\/p>\n<p class=\"text-18 leading-17 user-text-lg:text-22 user-text-xl:text-24\">Erstmals war &#8222;Dr. Nice&#8220; 2023 zur Hauptsendezeit im ZDF zu sehen. Das Format wurde, wie jetzt auch, im Rahmen der Herzkino-Reihe ausgestrahlt. Die Folgen dauern jeweils rund 90 Minuten. Die Folgenanzahl pro Staffel variierte bisher stark. W\u00e4hrend die erste Staffel auf zwei Folgen kam, umfasste die dritte Staffel sechs Folgen. Auch die vierte Staffel kommt nun wieder auf sechs Episoden.<\/p>\n<p class=\"text-18 leading-17 user-text-lg:text-22 user-text-xl:text-24\">Schon Anfang Juni machte Hauptdarstellerin Josefine Preu\u00df auf die neuen Folgen aufmerksam. Sie postete ein Video von ersten Szenen der neuen Staffel. Damals wurde die Ausstrahlung nur mit &#8222;Herbst 2026&#8220; datiert. Fans beklagten daraufhin: &#8222;Noch so lange warten&#8220; und \u00c4hnliches.<\/p>\n","protected":false},"excerpt":{"rendered":"Nach zweij\u00e4hriger Sendepause ZDF holt beliebte Arztserie zur\u00fcck ins Programm 01.09.2026 &#8211; 12:26 UhrLesedauer: 2 Min. &#8222;Dr. Nice&#8220;:&hellip;\n","protected":false},"author":2,"featured_media":1273654,"comment_status":"","ping_status":"","sticky":false,"template":"","format":"standard","meta":{"footnotes":"","_share_on_mastodon":"0"},"categories":[1773],"tags":[107733,50635,29,214,30,262980,3523,50634,48140,17771,471,1780,215,1448],"class_list":["post-1273653","post","type-post","status-publish","format-standard","has-post-thumbnail","category-serien","tag-arztserie","tag-brigitte-zeh","tag-deutschland","tag-entertainment","tag-germany","tag-josefine-preuss","tag-kamera","tag-moritz-neiss","tag-patrick-kalupa","tag-sendepause","tag-serien","tag-series","tag-unterhaltung","tag-zdf"],"share_on_mastodon":{"url":"https:\/\/pubeurope.com\/@de\/117195489442031778","error":""},"_links":{"self":[{"href":"https:\/\/www.europesays.com\/de\/wp-json\/wp\/v2\/posts\/1273653","targetHints":{"allow":["GET"]}}],"collection":[{"href":"https:\/\/www.europesays.com\/de\/wp-json\/wp\/v2\/posts"}],"about":[{"href":"https:\/\/www.europesays.com\/de\/wp-json\/wp\/v2\/types\/post"}],"author":[{"embeddable":true,"href":"https:\/\/www.europesays.com\/de\/wp-json\/wp\/v2\/users\/2"}],"replies":[{"embeddable":true,"href":"https:\/\/www.europesays.com\/de\/wp-json\/wp\/v2\/comments?post=1273653"}],"version-history":[{"count":0,"href":"https:\/\/www.europesays.com\/de\/wp-json\/wp\/v2\/posts\/1273653\/revisions"}],"wp:featuredmedia":[{"embeddable":true,"href":"https:\/\/www.europesays.com\/de\/wp-json\/wp\/v2\/media\/1273654"}],"wp:attachment":[{"href":"https:\/\/www.europesays.com\/de\/wp-json\/wp\/v2\/media?parent=1273653"}],"wp:term":[{"taxonomy":"category","embeddable":true,"href":"https:\/\/www.europesays.com\/de\/wp-json\/wp\/v2\/categories?post=1273653"},{"taxonomy":"post_tag","embeddable":true,"href":"https:\/\/www.europesays.com\/de\/wp-json\/wp\/v2\/tags?post=1273653"}],"curies":[{"name":"wp","href":"https:\/\/api.w.org\/{rel}","templated":true}]}}