{"id":1273658,"date":"2026-09-01T11:15:19","date_gmt":"2026-09-01T11:15:19","guid":{"rendered":"https:\/\/www.europesays.com\/de\/1273658\/"},"modified":"2026-09-01T11:15:19","modified_gmt":"2026-09-01T11:15:19","slug":"deadline-day-transfer-ticker-hsv-verkuendet-millionen-transfer-union-feiert-rekord-verkauf-welt","status":"publish","type":"post","link":"https:\/\/www.europesays.com\/de\/1273658\/","title":{"rendered":"Deadline Day, Transfer-Ticker: HSV verk\u00fcndet Millionen-Transfer, Union feiert Rekord-Verkauf &#8211; WELT"},"content":{"rendered":"<ol>\n<li><a href=\"https:\/\/news.google.com\/rss\/articles\/CBMi9AFBVV95cUxPazFTVUdxOHlYeWtwN21VU2RLbEJZUWE5OUN3eS1mODlLdjlXTGFuaTBuTnZoZk9Yc1ZHSmNDT0RHUzBRQlpWbWZacUVNUkNyMXNSZmVFSDU0eWpjbmRlaDJoa29WTzA2WGJ6TWJwRmZhcXFBZWFoTjF3ZHNad1FWbFhaSWJWd1RYSGlOeWxXQ2t3Zkl2VkYyNVBjdjVaelpmVjRFNXd2Y0M4bWphS1AzcmZuZlhRdmhLMUR5WWtqbU9ZT0pZUG9MVmhhWWJPZEZTMDhLekMyekhxU3JIR1VRd2V6NnpMajRWNkhzTTZUUERuWXAz?oc=5\" target=\"_blank\" rel=\"nofollow noopener\">Deadline Day, Transfer-Ticker: HSV verk\u00fcndet Millionen-Transfer, Union feiert Rekord-Verkauf<\/a>&nbsp;&nbsp;WELT<\/li>\n<li><a href=\"https:\/\/news.google.com\/rss\/articles\/CBMie0FVX3lxTE15T0pkdzNjbkpKR0lxaWJ2R1VzT3dvWUdEeXkwZ0x6cVEyVXZjQWJVOUhXRFFvMEhEcGI2eE9KcFpqTnBEMDVKVndIRF9fX0FQWGs4XzYxV1VMSlJ2NmVza0tLMmo0UndVaGFQYy0yMmRsUmJJcFo1LWRUWQ?oc=5\" target=\"_blank\" rel=\"nofollow noopener\">Welcome back! Fabio Vieira kehrt zum HSV zur\u00fcck<\/a>&nbsp;&nbsp;HSV<\/li>\n<li><a href=\"https:\/\/news.google.com\/rss\/articles\/CBMingFBVV95cUxQNnVRTktUTGsycHZMR0N4NVlCS0hsS2E2bEFIYzNjZmoyM0NyV3N6MzNhdl9waWk1UEFFQWlsWGlYbGZwdGdYUEtwM3dtSzdFNXpTU1AxQm9UX2l0d2JFM1V3ZTg4VDhHcHRzak9rczQ4VFFFSkRVWUFXYmNZSkNwYnNPbjFRZUVDeVJNeXFMbEZHbS1KcUR1eXBNcTN4QQ?oc=5\" target=\"_blank\" rel=\"nofollow noopener\">F\u00fcr rund neun Millionen Euro: HSV holt Fabio Vieira zur\u00fcck<\/a>&nbsp;&nbsp;Kicker<\/li>\n<li><a href=\"https:\/\/news.google.com\/rss\/articles\/CBMirgFBVV95cUxOeXlPazA2WFhLZHhJVDZxWWZ5NkVkMm9CR05mMXJhbEVXQVZoNkw5aVpZTXlUcFZpckJ0cHB5X3dFdmNtZmlwaUpGdUNUNXlacElFRURhTmJpV1ItWDQ4eWdaYWo2R082NHQwakJCV1lCNVVfcU5MMzNOdHI2cVBZYnZDNkdOLThjd3kwNzdQM1ZFRlZLREJ0QXNOX0tRRnBIWVBrX0luYXlrblRHR2c?oc=5\" target=\"_blank\" rel=\"nofollow noopener\">HSV zahlt Vieira und El Ouahdi vom Festgeld-Konto<\/a>&nbsp;&nbsp;BILD<\/li>\n<li><a href=\"https:\/\/news.google.com\/rss\/articles\/CBMi0AFBVV95cUxOMTkyYmxrU0N2S1pmLXZXNXlPQ3E4WXJGUkE5MmJ4UWFVUEEwWUl2eTNkbE5lM0l6U2c1cWx3VTBVd29MeGhxM3dZR1FESXY0YWFsYXJBb1lyLTJVanlBNVpuRVF2bkpJNFRCd2VGSVU1NnplMjFQdXozZVF3R3BwUmNpUUVlRGd0RFZXWVpzWjBMX0xLRS1ZSGdRYlUtRFlhc2tjb0tNdk1udkQwb2kxdFprY0pvcnJfVTVIYlA3cF9iZkpfbmhtdW1Vc29ZZG9V?oc=5\" target=\"_blank\" rel=\"nofollow noopener\">Teuerster Transfer seit 10 Jahren: HSV kauft El Ouahdi von Genk \u2013 Abl\u00f6se kann weiter steigen<\/a>&nbsp;&nbsp;Transfermarkt<\/li>\n<\/ol>\n","protected":false},"excerpt":{"rendered":"Deadline Day, Transfer-Ticker: HSV verk\u00fcndet Millionen-Transfer, Union feiert Rekord-Verkauf&nbsp;&nbsp;WELT Welcome back! Fabio Vieira kehrt zum HSV zur\u00fcck&nbsp;&nbsp;HSV F\u00fcr&hellip;\n","protected":false},"author":2,"featured_media":1273659,"comment_status":"","ping_status":"","sticky":false,"template":"","format":"standard","meta":{"footnotes":"","_share_on_mastodon":"0"},"categories":[136],"tags":[29,3695,30,188,265,45,1288,251640],"class_list":["post-1273658","post","type-post","status-publish","format-standard","has-post-thumbnail","category-sport","tag-deutschland","tag-erste-liga","tag-germany","tag-liveticker","tag-sport","tag-texttospeech","tag-transfers","tag-transfersummen-ks"],"share_on_mastodon":{"url":"https:\/\/pubeurope.com\/@de\/117195500600284342","error":""},"_links":{"self":[{"href":"https:\/\/www.europesays.com\/de\/wp-json\/wp\/v2\/posts\/1273658","targetHints":{"allow":["GET"]}}],"collection":[{"href":"https:\/\/www.europesays.com\/de\/wp-json\/wp\/v2\/posts"}],"about":[{"href":"https:\/\/www.europesays.com\/de\/wp-json\/wp\/v2\/types\/post"}],"author":[{"embeddable":true,"href":"https:\/\/www.europesays.com\/de\/wp-json\/wp\/v2\/users\/2"}],"replies":[{"embeddable":true,"href":"https:\/\/www.europesays.com\/de\/wp-json\/wp\/v2\/comments?post=1273658"}],"version-history":[{"count":0,"href":"https:\/\/www.europesays.com\/de\/wp-json\/wp\/v2\/posts\/1273658\/revisions"}],"wp:featuredmedia":[{"embeddable":true,"href":"https:\/\/www.europesays.com\/de\/wp-json\/wp\/v2\/media\/1273659"}],"wp:attachment":[{"href":"https:\/\/www.europesays.com\/de\/wp-json\/wp\/v2\/media?parent=1273658"}],"wp:term":[{"taxonomy":"category","embeddable":true,"href":"https:\/\/www.europesays.com\/de\/wp-json\/wp\/v2\/categories?post=1273658"},{"taxonomy":"post_tag","embeddable":true,"href":"https:\/\/www.europesays.com\/de\/wp-json\/wp\/v2\/tags?post=1273658"}],"curies":[{"name":"wp","href":"https:\/\/api.w.org\/{rel}","templated":true}]}}