{"id":1273662,"date":"2026-09-01T11:19:18","date_gmt":"2026-09-01T11:19:18","guid":{"rendered":"https:\/\/www.europesays.com\/de\/1273662\/"},"modified":"2026-09-01T11:19:18","modified_gmt":"2026-09-01T11:19:18","slug":"apple-watch-neue-details-zu-series-12-und-ultra-4","status":"publish","type":"post","link":"https:\/\/www.europesays.com\/de\/1273662\/","title":{"rendered":"Apple Watch: Neue Details zu Series 12 und Ultra 4"},"content":{"rendered":"<p>Neben den <a href=\"https:\/\/www.heise.de\/news\/Faltbares-iPhone-Bericht-zitiert-zufriedene-Apple-Mitarbeiter-11424159.html\" rel=\"nofollow noopener\" target=\"_blank\">neuen iPhones<\/a> wird Apple <a href=\"https:\/\/www.heise.de\/news\/iPhone-Keynote-mit-Foldable-und-mehr-9-September-ist-gesetzt-11427103.html\" rel=\"nofollow noopener\" target=\"_blank\">in der kommenden Woche auf seiner Keynote<\/a> mit gro\u00dfer Wahrscheinlichkeit auch neue Computeruhren zeigen. Die bislang zu <a href=\"https:\/\/www.heise.de\/news\/Apple-Watch-Series-12-und-Ultra-4-Was-Apple-plant-11379660.html\" rel=\"nofollow noopener\" target=\"_blank\">Apple Watch Series 12 und Ultra 4<\/a> bekannten Informationen sprechen nicht davon, dass es in diesem Jahr besonders revolution\u00e4r wird. Nun hat sich auch der bekannte Bloomberg-Journalist Mark Gurman mit eigenen Infos gemeldet. Seinen Quellen zufolge k\u00f6nnte es zumindest die eine oder andere \u00dcberraschung geben.<\/p>\n<p>        Weiterlesen nach der Anzeige<\/p>\n<p>SE 4 nicht in Planung, daf\u00fcr Keramik<\/p>\n<p>Zun\u00e4chst scheint schon festzustehen, dass es in diesem Jahr kein neues Einsteigermodell gibt: Die meisten Ger\u00fcchtek\u00f6che gehen davon aus, dass eine SE 4 als Nachfolger der <a class=\"heiseplus-lnk\" href=\"https:\/\/www.heise.de\/tests\/Apple-Watch-Ultra-3-Series-11-und-SE-3-im-Test-Schneller-smarter-Satellit-10666298.html\" rel=\"nofollow noopener\" target=\"_blank\">SE 3<\/a> erst sp\u00e4ter erscheint. Gurman selbst <a href=\"https:\/\/www.bloomberg.com\/news\/newsletters\/2026-08-30\/john-ternus-management-team-apple-watch-series-12-foldable-iphone-apple-pencil-mtfvmdyu\" rel=\"external noopener nofollow\" target=\"_blank\">erw\u00e4hnt die kosteng\u00fcnstige Uhr<\/a> in seinem Bericht gar nicht. Es d\u00fcrfte also bei zwei Modellen bleiben \u2013 besagte Series 12 als Nachfolgerin der Series 11 mit zwei Gr\u00f6\u00dfen, plus eine Ultra 4.<\/p>\n<p>Hauptneuerung sollen schnellere Chips sein, die, zumindest bei der Series 12, auf eine neue Geh\u00e4useform sto\u00dfen, die es gegen Aufpreis gibt: Apple bringt angeblich <a href=\"https:\/\/www.heise.de\/news\/Geruechte-Roundup-Echter-Name-der-Vision-Pro-Watch-Keramik-Comeback-iMac-M6-11422843.html\" rel=\"nofollow noopener\" target=\"_blank\">die Keramik-Watch zur\u00fcck<\/a>. Gurman zufolge soll Apple wei\u00dfe und dunkelgraue Farbkonfigurationen getestet haben, die intern \u201eiceman\u201c genannt werden. Dazu passend soll es auch neue Armb\u00e4nder geben \u2013 unter anderem mit neuen Farben. Apple hat laut Gurman zudem eine Verbesserung der Herzfrequenzmessung untersucht. Dabei soll die Apple Watch kontinuierlich den Puls erfassen und nicht nur alle paar Minuten, wie das au\u00dferhalb von Sportsitzungen derzeit der Fall ist. Dies soll das Tracking \u00fcber den Tag und die Nacht hinaus genauer machen, da an der Herzfrequenz diverse Algorithmen h\u00e4ngen.<\/p>\n<p>Umbauma\u00dfnahmen bei der Software<\/p>\n<p>Gurman will zudem vernommen haben, dass Apple an einem Umbau seiner Fitness- und Gesundheits-App arbeitet, die mehr \u201emit Wellness zusammenh\u00e4ngende Daten\u201c liefern soll, wie das Konkurrenten wie Whoop oder Oura tun. Wann diese Verbesserungen kommen, ist aber noch unklar. Schlie\u00dflich soll Apple weiter an einem gr\u00f6\u00dferen Redesign seiner Computeruhren basteln, deren Standardformfaktor sich seit Einf\u00fchrung im Jahr 2015 quasi nicht ver\u00e4ndert hat. Damit ist aber nicht vor dem kommenden Jahr zu rechnen.<\/p>\n<p>Zus\u00e4tzlich k\u00f6nnte Apple auch einen <a href=\"https:\/\/www.heise.de\/news\/Apple-Watch-Umbau-Neues-Design-und-ein-Tracker-ohne-Bildschirm-11405895.html\" rel=\"nofollow noopener\" target=\"_blank\">Tracker ohne Display<\/a> offerieren, wie er zunehmend beliebt ist. Google hatte hier mit dem <a href=\"https:\/\/www.heise.de\/news\/Fitnessarmband-Fitbit-Air-Googles-Whoop-Konkurrent-11284651.html\" rel=\"nofollow noopener\" target=\"_blank\">Fitbit Air<\/a> zuletzt ein (zun\u00e4chst) Abo-loses Ger\u00e4t vorgelegt. Apples Keynote startet am 9. September (Mittwoch) um 19 Uhr deutscher Zeit. Mac &amp; i und heise online bieten wie \u00fcblich einen Liveticker.<\/p>\n<p>        Weiterlesen nach der Anzeige<\/p>\n<p>      Empfohlener redaktioneller Inhalt<\/p>\n<p class=\"opt-in__description\">\n    Mit Ihrer Zustimmung wird hier ein externer Preisvergleich (heise Preisvergleich) geladen.\n  <\/p>\n<p>        Preisvergleich jetzt laden\n      <\/p>\n<p>(<a class=\"redakteurskuerzel__link\" href=\"https:\/\/www.heise.de\/news\/mailto:bsc@heise.de\" title=\"Ben Schwan\" rel=\"nofollow noopener\" target=\"_blank\">bsc<\/a>)<\/p>\n<p>\n      Dieser Link ist leider nicht mehr g\u00fcltig.\n    <\/p>\n<p>Links zu verschenkten Artikeln werden ung\u00fcltig,<br \/>\n      wenn diese \u00e4lter als 7\u00a0Tage sind oder zu oft aufgerufen wurden.\n    <\/p>\n<p><strong>Sie ben\u00f6tigen ein heise+ Paket, um diesen Artikel zu lesen. Jetzt eine Woche unverbindlich testen \u2013 ohne Verpflichtung!<\/strong><\/p>\n","protected":false},"excerpt":{"rendered":"Neben den neuen iPhones wird Apple in der kommenden Woche auf seiner Keynote mit gro\u00dfer Wahrscheinlichkeit auch neue&hellip;\n","protected":false},"author":2,"featured_media":1273663,"comment_status":"","ping_status":"","sticky":false,"template":"","format":"standard","meta":{"footnotes":"","_share_on_mastodon":"0"},"categories":[135],"tags":[32395,261017,261018,58281,29,30,22045,1273,190,189,42957,194,191,193,192,27380],"class_list":["post-1273662","post","type-post","status-publish","format-standard","has-post-thumbnail","category-wissenschaft-technik","tag-apple-watch","tag-apple-watch-series-12","tag-apple-watch-ultra-4","tag-computeruhr","tag-deutschland","tag-germany","tag-geruechte","tag-mobiles","tag-science","tag-science-technology","tag-smartwatch","tag-technik","tag-technology","tag-wissenschaft","tag-wissenschaft-technik","tag-zubehoer"],"share_on_mastodon":{"url":"","error":""},"_links":{"self":[{"href":"https:\/\/www.europesays.com\/de\/wp-json\/wp\/v2\/posts\/1273662","targetHints":{"allow":["GET"]}}],"collection":[{"href":"https:\/\/www.europesays.com\/de\/wp-json\/wp\/v2\/posts"}],"about":[{"href":"https:\/\/www.europesays.com\/de\/wp-json\/wp\/v2\/types\/post"}],"author":[{"embeddable":true,"href":"https:\/\/www.europesays.com\/de\/wp-json\/wp\/v2\/users\/2"}],"replies":[{"embeddable":true,"href":"https:\/\/www.europesays.com\/de\/wp-json\/wp\/v2\/comments?post=1273662"}],"version-history":[{"count":0,"href":"https:\/\/www.europesays.com\/de\/wp-json\/wp\/v2\/posts\/1273662\/revisions"}],"wp:featuredmedia":[{"embeddable":true,"href":"https:\/\/www.europesays.com\/de\/wp-json\/wp\/v2\/media\/1273663"}],"wp:attachment":[{"href":"https:\/\/www.europesays.com\/de\/wp-json\/wp\/v2\/media?parent=1273662"}],"wp:term":[{"taxonomy":"category","embeddable":true,"href":"https:\/\/www.europesays.com\/de\/wp-json\/wp\/v2\/categories?post=1273662"},{"taxonomy":"post_tag","embeddable":true,"href":"https:\/\/www.europesays.com\/de\/wp-json\/wp\/v2\/tags?post=1273662"}],"curies":[{"name":"wp","href":"https:\/\/api.w.org\/{rel}","templated":true}]}}