{"id":1273668,"date":"2026-09-01T11:22:24","date_gmt":"2026-09-01T11:22:24","guid":{"rendered":"https:\/\/www.europesays.com\/de\/1273668\/"},"modified":"2026-09-01T11:22:24","modified_gmt":"2026-09-01T11:22:24","slug":"fall-fabian-gina-h-glaubt-angeblich-an-schuldspruch","status":"publish","type":"post","link":"https:\/\/www.europesays.com\/de\/1273668\/","title":{"rendered":"Fall Fabian &#8211; Gina H. glaubt angeblich an Schuldspruch"},"content":{"rendered":"<p>        <img decoding=\"async\" src=\"https:\/\/www.europesays.com\/de\/wp-content\/uploads\/2026\/09\/fabian-238.webp\" alt=\"Gina H. steht im Gericht neben ihren Verteidigern und h\u00e4lt einen Aktendeckel vors Gesicht.\" title=\"Gina H. steht im Gericht neben ihren Verteidigern und h\u00e4lt einen Aktendeckel vors Gesicht. | Andreas Frost\" class=\"responsive\"\/><\/p>\n<p>AUDIO: Fall Fabian &#8211; Gespr\u00e4che der Gef\u00e4ngnis-Psychologin mit Gina H. (1 Min)<\/p>\n<p>\n                Stand: 01.09.2026 12:50 Uhr<\/p>\n<p class=\"preface\">Mit der Vernehmung einer Gef\u00e4ngnis-Psychologin ist in Rostock der Prozess zum Mord an dem achtj\u00e4hrigen Fabian aus G\u00fcstrow fortgesetzt worden. Vor Gericht sollen au\u00dferdem weitere Sprachnachrichten der Angeklagten vorgespielt werden.<\/p>\n<p class=\"\">Am Rostocker Landgericht findet heute der 25. Verhandlungstag im Mordprozess zum Fall Fabian statt. Zu Beginn k\u00fcndigte Verteidiger Thomas L\u00f6cker \u00fcberraschend an, dass die angeklagte Gina H. in der kommenden Woche auf Fragen der Richter und der Staatsanw\u00e4lte zu ihrer langen Aussage Ende August beantworten wird. Zun\u00e4chst hatte es gehei\u00dfen, sie sei dazu psychisch nicht in der Lage.<\/p>\n<p>    Psychologin: Gina H. geht von Schuldspruch aus<\/p>\n<p class=\"\">Als Zeugin berichtete die Gef\u00e4ngnis-Psychologin der Justizvollzugsanstalt B\u00fctzow, Gina H. habe sich ihr gegen\u00fcber mehrfach als unschuldig bezeichnet. Die Angeklagte gehe gleichwohl davon aus, verurteilt zu werden. Die Psychologin hat mehrere Gespr\u00e4che mit der Angeklagten gef\u00fchrt, nachdem diese am 7. November vergangenen Jahres in B\u00fctzow in Untersuchungshaft genommen wurde. Gina H. hatte schon vor ihrer Verhaftung in Sprachnachrichten an einen Bekannten gesagt, sie f\u00fcrchte, ihr solle etwas angeh\u00e4ngt werden. Die Psychologin gab zudem an, Gina H. habe in der Haft nur wenig engere Kontakte gekn\u00fcpt. Die Mehrheit der Mitgefangenen w\u00fcrden zu ihr auf Distanz gehen oder sie sogar zum Teil sehr heftig anfeinden.<\/p>\n<p>    Gina H. bezieht Erwerbsminderungsrente<\/p>\n<p class=\"\">Das Gericht befragte die Psychologin auch zu psychischen Erkrankungen der Angeklagten. Dazu hat die Zeugin allerdings keine eigene Diagnose erstellt. Gina H. bezieht seit mehreren Jahren eine Erwerbsminderungsrente, weil sie laut fr\u00fcherer Einsch\u00e4tzungen wegen psychischer Probleme nicht in der Lage ist, regelm\u00e4\u00dfig zu arbeiten. Vor ihrer Verhaftung hatte sie regelm\u00e4\u00dfig Therapie-Termine bei einem Psychiater. Am Nachmittag sollen weitere Sprachnachrichten im Gerichtssaal vorgespielt werden, die auf dem Handy der Angeklagten und jenen ihrer Freunde und Bekannten sichergestellt wurden.<\/p>\n<p>        <img decoding=\"async\" src=\"https:\/\/www.europesays.com\/de\/wp-content\/uploads\/2026\/09\/mvfcover-258.webp\" alt=\"Die Angeklagte im Fall Fabian im Landgericht Rostock\" title=\"Die Angeklagte im Fall Fabian im Landgericht Rostock | NDR, Andreas Frost\" class=\"responsive\" loading=\"lazy\"\/><\/p>\n<p>Die Verteidigung brachte einen Social Media-Aufruf ins Gericht. Die Anw\u00e4ltin von Fabians Mutter bezweifelt die Echtheit.<\/p>\n<p>    Video sorgt f\u00fcr Differenzen<\/p>\n<p class=\"\"><a href=\"https:\/\/www.ndr.de\/nachrichten\/mecklenburg-vorpommern\/mordprozess-fabian-differenzen-um-ein-online-video,fabian-234.html\" title=\"Mordprozess Fabian: Differenzen \u00fcber ein Online-Video\" rel=\"nofollow noopener\" target=\"_blank\">Zuletzt hatte am vorigen Verhandlungstag ein Video aus den Sozialen Medien f\u00fcr Differenzen zwischen der Verteidigung und der Nebenkl\u00e4gerin gesorgt.<\/a> Darin ruft eine Freundin von Fabians Mutter ihre Zuschauer auf, sich zu melden, falls sie seit dem Verschwinden des achtj\u00e4hrigen Jungen aus G\u00fcstrow am 10. Oktober 2025 etwas Wichtiges beobachtet haben, zum Beispiel in Klein Upahl (Landkreis Rostock). Nach Ansicht der Verteidigung k\u00f6nnte das Video die Angeklagte entlasten. Es sei im Internet zu sehen gewesen, als noch nach Fabian gesucht wurde, also Gina H. durch das Video die Idee bekommen habe, am 13. Oktober sp\u00e4t abends zusammen mit einem Bekannten ausgerechnet bei Klein Upahl nach Fabian zu suchen. Nach Angaben der Nebenkl\u00e4gerin soll der Clip nachtr\u00e4glich von einem &#8222;Hobbyermittler&#8220; aus Ausschnitten des Originalvideos zusammengeschnitten worden sein. Das Original sei erst vier Tage, nachdem Fabian gefunden wurde, ver\u00f6ffentlicht worden.<\/p>\n<p>    Fabian wurde erstochen<\/p>\n<p class=\"\">Der achtj\u00e4hrige Fabian war der Sohn des damaligen Ex-Freundes der Angeklagten, der sich im August 2025 von ihr getrennt hatte. Die Staatsanwaltschaft wirft Gina H. vor, das Kind aus der Wohnung seiner Mutter in G\u00fcstrow gelockt und an einem T\u00fcmpel bei Klein Upahl erstochen zu haben. Sp\u00e4ter soll sie dorthin zur\u00fcckgekehrt sein, um den Leichnam anzuz\u00fcnden. Die Staatsanwaltschaft unterstellt in ihrer Anklage, Gina H. habe geglaubt, Fabian sei bei ihrem Bestreben im Weg gewesen, die Beziehung mit Fabians Vater wieder aufnehmen zu k\u00f6nnen.<\/p>\n<p>        <img decoding=\"async\" src=\"https:\/\/www.europesays.com\/de\/wp-content\/uploads\/2026\/09\/mvfoto-8020.webp\" alt=\"Die Angeklagte Gina H. h\u00e4lt sich einen Aktenordner vor das Gesicht und steht zwischen ihren Anw\u00e4lten.\" title=\"Die Angeklagte Gina H. h\u00e4lt sich einen Aktenordner vor das Gesicht und steht zwischen ihren Anw\u00e4lten. | Andreas Frost, NDR\" class=\"responsive\" loading=\"lazy\"\/><\/p>\n<p>Die Verteidigung glaubt, es k\u00f6nnte die Angeklagte im Prozess am Landgericht Rostock entlasten. Die Nebenkl\u00e4gerin bezweifelt das.<\/p>\n<p class=\"\">Fall Fabian &#8211; Alle Podcast-Folgen<\/p>\n<p>        <img decoding=\"async\" src=\"https:\/\/www.europesays.com\/de\/wp-content\/uploads\/2026\/05\/google-392.webp\" alt=\"Ein Mann sitzt mit aufgesetzten Kopfh\u00f6rern vor einem Laptop, der die Website von Google zeigt\" title=\"Ein Mann sitzt mit aufgesetzten Kopfh\u00f6rern vor einem Laptop, der die Website von Google zeigt | Colourbox\" class=\"responsive\" loading=\"lazy\"\/><\/p>\n<p>Sie w\u00fcnschen sich Informationen aus einer seri\u00f6sen Quelle? Dann legen Sie NDR.de bei Google als bevorzugte Nachrichten-Quelle fest.<\/p>\n","protected":false},"excerpt":{"rendered":"AUDIO: Fall Fabian &#8211; Gespr\u00e4che der Gef\u00e4ngnis-Psychologin mit Gina H. (1 Min) Stand: 01.09.2026 12:50 Uhr Mit der&hellip;\n","protected":false},"author":2,"featured_media":1273669,"comment_status":"","ping_status":"","sticky":false,"template":"","format":"standard","meta":{"footnotes":"","_share_on_mastodon":"0"},"categories":[2],"tags":[29,206364,30,13,84179,1351,14,15,583,12,10,8,9,11],"class_list":["post-1273668","post","type-post","status-publish","format-standard","has-post-thumbnail","category-deutschland","tag-deutschland","tag-fall-fabian","tag-germany","tag-headlines","tag-landkreis-rostock","tag-mecklenburg-vorpommern","tag-nachrichten","tag-news","tag-rostock","tag-schlagzeilen","tag-top-news","tag-top-meldungen","tag-topmeldungen","tag-topnews"],"share_on_mastodon":{"url":"https:\/\/pubeurope.com\/@de\/117195531679137658","error":""},"_links":{"self":[{"href":"https:\/\/www.europesays.com\/de\/wp-json\/wp\/v2\/posts\/1273668","targetHints":{"allow":["GET"]}}],"collection":[{"href":"https:\/\/www.europesays.com\/de\/wp-json\/wp\/v2\/posts"}],"about":[{"href":"https:\/\/www.europesays.com\/de\/wp-json\/wp\/v2\/types\/post"}],"author":[{"embeddable":true,"href":"https:\/\/www.europesays.com\/de\/wp-json\/wp\/v2\/users\/2"}],"replies":[{"embeddable":true,"href":"https:\/\/www.europesays.com\/de\/wp-json\/wp\/v2\/comments?post=1273668"}],"version-history":[{"count":0,"href":"https:\/\/www.europesays.com\/de\/wp-json\/wp\/v2\/posts\/1273668\/revisions"}],"wp:featuredmedia":[{"embeddable":true,"href":"https:\/\/www.europesays.com\/de\/wp-json\/wp\/v2\/media\/1273669"}],"wp:attachment":[{"href":"https:\/\/www.europesays.com\/de\/wp-json\/wp\/v2\/media?parent=1273668"}],"wp:term":[{"taxonomy":"category","embeddable":true,"href":"https:\/\/www.europesays.com\/de\/wp-json\/wp\/v2\/categories?post=1273668"},{"taxonomy":"post_tag","embeddable":true,"href":"https:\/\/www.europesays.com\/de\/wp-json\/wp\/v2\/tags?post=1273668"}],"curies":[{"name":"wp","href":"https:\/\/api.w.org\/{rel}","templated":true}]}}