{"id":1273675,"date":"2026-09-01T11:28:25","date_gmt":"2026-09-01T11:28:25","guid":{"rendered":"https:\/\/www.europesays.com\/de\/1273675\/"},"modified":"2026-09-01T11:28:25","modified_gmt":"2026-09-01T11:28:25","slug":"mfg-5-gelaende-enteignung-kiels-fuer-bundeswehr-auf-dem-pruefstand","status":"publish","type":"post","link":"https:\/\/www.europesays.com\/de\/1273675\/","title":{"rendered":"MFG-5-Gel\u00e4nde: Enteignung Kiels f\u00fcr Bundeswehr auf dem Pr\u00fcfstand"},"content":{"rendered":"<p>        <img decoding=\"async\" src=\"https:\/\/www.europesays.com\/de\/wp-content\/uploads\/2026\/09\/schleusenpark-118.webp\" alt=\"Das MFG-5-Gel\u00e4nde in Kiel-Holtenau.\" title=\"Das MFG-5-Gel\u00e4nde in Kiel-Holtenau. | NDR, Thomas Viet Dang\" class=\"responsive\"\/><\/p>\n<p>AUDIO: Nachrichten aus dem Studio Kiel 9:30 Uhr &#8211; 01.09.2026 (2 Min)<\/p>\n<p>\n                Stand: 01.09.2026 12:11 Uhr<\/p>\n<p class=\"preface\">Die Bundeswehr will das MFG-5-Gel\u00e4nde in Kiel zur\u00fcck. Daf\u00fcr soll die Stadt Ausweichfl\u00e4chen bekommen. Sollten sich beide Seiten nicht einigen, w\u00e4re eine Enteignung nicht automatisch m\u00f6glich &#8211; zeigt jetzt ein Rechtsgutachten.<\/p>\n<p class=\"\">Wie realistisch ist es, dass die Stadt <a href=\"https:\/\/www.ndr.de\/nachrichten\/schleswig-holstein\/Kiel-Aktuelle-Nachrichten-News-und-Videos,kiel7262.html\" title=\"Kiel - Aktuelle Nachrichten und Videos\" rel=\"nofollow noopener\" target=\"_blank\">Kiel<\/a> vom Bund enteignet wird, wenn sie das ehemalige MFG-5-Gel\u00e4nde und weitere Fl\u00e4chen im Norden der Stadt nicht an die Bundeswehr verkaufen will? Zu dieser Frage liefert ein Rechtsgutachten des Wissenschaftlichen Dienstes des Deutschen Bundestages jetzt eine rechtliche Einsch\u00e4tzung. Die<a href=\"https:\/\/www.ndr.de\/nachrichten\/info\/Die-Linke,dielinke131.html\" title=\"Die Linke\" rel=\"nofollow noopener\" target=\"_blank\"> Linkspartei <\/a>hatte es in Auftrag gegeben.<\/p>\n<p>    Milit\u00e4rische Interessen gegen Wohnraumbedarf<\/p>\n<p class=\"\">Demnach w\u00e4re eine Enteignung nicht automatisch m\u00f6glich. Es m\u00fcssten milit\u00e4rische Interessen und der Bedarf an Wohnraum gegeneinander abgewogen werden. Entscheidend sei also der Einzelfall. Vor dem Hintergrund des angespannten Wohnungsmarktes in Kiel w\u00e4re offen, wie ein Gericht diese unterschiedlichen Interessen gewichten w\u00fcrde.<\/p>\n<p>    Weltpolitische Lage: Bundeswehr muss sich vergr\u00f6\u00dfern<\/p>\n<p class=\"\">Die Bundeswehr will viele ihrer alten Liegenschaften zur\u00fcck, denn aufgrund der sicherheitspolitischen Lage soll sie sich wieder vergr\u00f6\u00dfern. In Kiel geht es da unter anderem um das alte MFG5-Gel\u00e4nde in Holtenau und weitere Fl\u00e4chen im Stadtteil Wik.<\/p>\n<p class=\"\">Daf\u00fcr soll die Stadt Ausweichfl\u00e4chen f\u00fcr den Wohnungsbau und Gewerbeansiedlungen erhalten. Sollten sich beide Parteien nicht einigen, steht im Raum, dass die Bundeswehr die ben\u00f6tigten Fl\u00e4chen notfalls auch durch eine Enteignung bekommen k\u00f6nnte.<\/p>\n<p>        <img decoding=\"async\" src=\"https:\/\/www.europesays.com\/de\/wp-content\/uploads\/2026\/04\/mfg-100.webp.webp\" alt=\"MFG5-Gel\u00e4nde Kiel.\" title=\"MFG5-Gel\u00e4nde Kiel. | IMAGO \/ penofoto\" class=\"responsive\" loading=\"lazy\"\/><\/p>\n<p>Die Stadt hatte auf dem ehemaligen Milit\u00e4rgel\u00e4nde eigentlich Wohnungen geplant. Auch eine Fl\u00e4che im Stadtteil Wik soll an den Bund gehen. <\/p>\n<p class=\"\">Im Juni hatte die Kieler Ratsversammlung weiteren Verhandlungen \u00fcber die ehemaligen Milit\u00e4rfl\u00e4chen zugestimmt.<\/p>\n<p>    Gerichtsverfahren: Fronten k\u00f6nnten sich verh\u00e4rten<\/p>\n<p class=\"\">Das jetzt vorliegende Rechtsgutachten bedeutet f\u00fcr die laufenden Verhandlungen und k\u00fcnftigen Entscheidungen der Ratsversammlung wohl relativ wenig, da ein Gerichtsverfahren sehr lange dauern w\u00fcrde. Gerade die Bundeswehr h\u00e4tte daran kein Interesse, weil sie die Fl\u00e4chen m\u00f6glichst schnell ben\u00f6tigt, wie sie in der Vergangenheit betonte.<\/p>\n<p>        <img decoding=\"async\" src=\"https:\/\/www.europesays.com\/de\/wp-content\/uploads\/2026\/06\/1781206702_187_schleusenpark-104.webp\" alt=\"Der Marinehafen in Kiel-Wik.\" title=\"Der Marinehafen in Kiel-Wik. | NDR, Thomas Viet Dang\" class=\"responsive\" loading=\"lazy\"\/><\/p>\n<p>Wegweisende Entscheidung: Mit breiter Mehrheit hat die Ratsversammlung einer Absichtserkl\u00e4rung zwischen Stadt, Land und Bundeswehr zugestimmt.<\/p>\n<p>        <img decoding=\"async\" src=\"https:\/\/www.europesays.com\/de\/wp-content\/uploads\/2026\/06\/hintergrundbilder14254.webp\" alt=\"Das Kieler Rathaus spiegelt sich im kleinen Kiel.\" title=\"Dieses tolle Foto des Kieler Rathauses gelingt Brigitte Sibbe aus Kronshagen (Kreis Rendsburg-Eckernf\u00f6rde) in der Morgensonne am kleinen Kiel. | Brigitte Sibbe, Brigitte Sibbe\" class=\"responsive\" loading=\"lazy\"\/><\/p>\n<p>In der Kieler Ratsversammlung haben B\u00fcrger Kritik an den geplanten Fl\u00e4chenverk\u00e4ufen in der Wik an die Bundeswehr ge\u00e4u\u00dfert.<\/p>\n<p>        <img decoding=\"async\" src=\"https:\/\/www.europesays.com\/de\/wp-content\/uploads\/2026\/05\/schleusenpark-100.webp\" alt=\"Der Schleusenpark in Kiel.\" title=\"Der Schleusenpark in Kiel. | NDR, Moritz Mayer\" class=\"responsive\" loading=\"lazy\"\/><\/p>\n<p>Die Initiative wehrt sich dagegen, dass mehrere Fl\u00e4chen im Stadtteil Wik an die Bundeswehr gehen sollen.<\/p>\n","protected":false},"excerpt":{"rendered":"AUDIO: Nachrichten aus dem Studio Kiel 9:30 Uhr &#8211; 01.09.2026 (2 Min) Stand: 01.09.2026 12:11 Uhr Die Bundeswehr&hellip;\n","protected":false},"author":2,"featured_media":1273676,"comment_status":"","ping_status":"","sticky":false,"template":"","format":"standard","meta":{"footnotes":"","_share_on_mastodon":"0"},"categories":[1852],"tags":[33823,6399,685,3364,29,37483,548,663,3934,30,13,4949,2180,29955,262981,14,15,12,1971,3041,5337,5728],"class_list":["post-1273675","post","type-post","status-publish","format-standard","has-post-thumbnail","category-kiel","tag-gutachten","tag-bau","tag-bundeswehr","tag-de","tag-deutschland","tag-enteignung","tag-eu","tag-europa","tag-europe","tag-germany","tag-headlines","tag-kiel","tag-linke","tag-marine","tag-mfg5-bundeswehr","tag-nachrichten","tag-news","tag-schlagzeilen","tag-schleswig-holstein","tag-stadt","tag-wohnungen","tag-wohnungsmarkt"],"share_on_mastodon":{"url":"","error":""},"_links":{"self":[{"href":"https:\/\/www.europesays.com\/de\/wp-json\/wp\/v2\/posts\/1273675","targetHints":{"allow":["GET"]}}],"collection":[{"href":"https:\/\/www.europesays.com\/de\/wp-json\/wp\/v2\/posts"}],"about":[{"href":"https:\/\/www.europesays.com\/de\/wp-json\/wp\/v2\/types\/post"}],"author":[{"embeddable":true,"href":"https:\/\/www.europesays.com\/de\/wp-json\/wp\/v2\/users\/2"}],"replies":[{"embeddable":true,"href":"https:\/\/www.europesays.com\/de\/wp-json\/wp\/v2\/comments?post=1273675"}],"version-history":[{"count":0,"href":"https:\/\/www.europesays.com\/de\/wp-json\/wp\/v2\/posts\/1273675\/revisions"}],"wp:featuredmedia":[{"embeddable":true,"href":"https:\/\/www.europesays.com\/de\/wp-json\/wp\/v2\/media\/1273676"}],"wp:attachment":[{"href":"https:\/\/www.europesays.com\/de\/wp-json\/wp\/v2\/media?parent=1273675"}],"wp:term":[{"taxonomy":"category","embeddable":true,"href":"https:\/\/www.europesays.com\/de\/wp-json\/wp\/v2\/categories?post=1273675"},{"taxonomy":"post_tag","embeddable":true,"href":"https:\/\/www.europesays.com\/de\/wp-json\/wp\/v2\/tags?post=1273675"}],"curies":[{"name":"wp","href":"https:\/\/api.w.org\/{rel}","templated":true}]}}