{"id":1273677,"date":"2026-09-01T11:30:13","date_gmt":"2026-09-01T11:30:13","guid":{"rendered":"https:\/\/www.europesays.com\/de\/1273677\/"},"modified":"2026-09-01T11:30:13","modified_gmt":"2026-09-01T11:30:13","slug":"was-laeuft-eigentlich-mit-dieser-jugend-in-sachsen-falsch","status":"publish","type":"post","link":"https:\/\/www.europesays.com\/de\/1273677\/","title":{"rendered":"Was l\u00e4uft eigentlich mit dieser Jugend in Sachsen falsch?"},"content":{"rendered":"<p class=\"text text--s\">\n\t\t\t\tFreie Presse bei Google bevorzugen\n\t\t\t<\/p>\n<p class=\"bold\">\n\t\t\t\t\t\t\t\t\t\tW\u00e4hrend sich unsere Autorin nach dem Kosmos an ihre eigene verschwendete Zeit erinnert, presst die Gesellschaft die junge Generation in Sachsen heute fr\u00fch in die Arbeitswelt. Wann wurden wir so hart?\t\t\t\t<\/p>\n<p>\t\t\t\t Seit dem Kosmos-Festival bin ich mir sicher: Es l\u00e4uft viel falsch mit der Jugend.Als ich auf der Autofahrt von Chemnitz zur\u00fcck nach Hause der Frage nachhing, warum sich junge und \u00e4ltere Menschen so oft missverstehen, Werte und Welten aufeinander knallen, stimmte Judith Holofernes von \u201eWir sind Helden\u201c den Song \u201eVon hier an blind\u201c an. <\/p>\n<p>\t\t<img decoding=\"async\" loading=\"lazy\" class=\"fp-plus-logo\" src=\"https:\/\/www.freiepresse.de\/img\/fpplus.svg\" alt=\"Freie Presse plus Logo\"\/><\/p>\n<p>6 Wochen gratis lesen.<\/p>\n<p> Alle Artikel im Web und in der App frei<\/p>\n<p> Zugriff auf die digitale Zeitung<\/p>\n<p> T\u00e4glicher Newsletter f\u00fcr Ihre Region<\/p>\n<p>Sie haben bereits ein Digitalabo?<\/p>\n","protected":false},"excerpt":{"rendered":"Freie Presse bei Google bevorzugen W\u00e4hrend sich unsere Autorin nach dem Kosmos an ihre eigene verschwendete Zeit erinnert,&hellip;\n","protected":false},"author":2,"featured_media":1273678,"comment_status":"","ping_status":"","sticky":false,"template":"","format":"standard","meta":{"footnotes":"","_share_on_mastodon":"0"},"categories":[1851],"tags":[4568,2770,3364,29,548,663,3934,30,13,14,15,859,12],"class_list":["post-1273677","post","type-post","status-publish","format-standard","has-post-thumbnail","category-chemnitz","tag-schulen","tag-chemnitz","tag-de","tag-deutschland","tag-eu","tag-europa","tag-europe","tag-germany","tag-headlines","tag-nachrichten","tag-news","tag-sachsen","tag-schlagzeilen"],"share_on_mastodon":{"url":"https:\/\/pubeurope.com\/@de\/117195562009856675","error":""},"_links":{"self":[{"href":"https:\/\/www.europesays.com\/de\/wp-json\/wp\/v2\/posts\/1273677","targetHints":{"allow":["GET"]}}],"collection":[{"href":"https:\/\/www.europesays.com\/de\/wp-json\/wp\/v2\/posts"}],"about":[{"href":"https:\/\/www.europesays.com\/de\/wp-json\/wp\/v2\/types\/post"}],"author":[{"embeddable":true,"href":"https:\/\/www.europesays.com\/de\/wp-json\/wp\/v2\/users\/2"}],"replies":[{"embeddable":true,"href":"https:\/\/www.europesays.com\/de\/wp-json\/wp\/v2\/comments?post=1273677"}],"version-history":[{"count":0,"href":"https:\/\/www.europesays.com\/de\/wp-json\/wp\/v2\/posts\/1273677\/revisions"}],"wp:featuredmedia":[{"embeddable":true,"href":"https:\/\/www.europesays.com\/de\/wp-json\/wp\/v2\/media\/1273678"}],"wp:attachment":[{"href":"https:\/\/www.europesays.com\/de\/wp-json\/wp\/v2\/media?parent=1273677"}],"wp:term":[{"taxonomy":"category","embeddable":true,"href":"https:\/\/www.europesays.com\/de\/wp-json\/wp\/v2\/categories?post=1273677"},{"taxonomy":"post_tag","embeddable":true,"href":"https:\/\/www.europesays.com\/de\/wp-json\/wp\/v2\/tags?post=1273677"}],"curies":[{"name":"wp","href":"https:\/\/api.w.org\/{rel}","templated":true}]}}