{"id":1273685,"date":"2026-09-01T11:38:24","date_gmt":"2026-09-01T11:38:24","guid":{"rendered":"https:\/\/www.europesays.com\/de\/1273685\/"},"modified":"2026-09-01T11:38:24","modified_gmt":"2026-09-01T11:38:24","slug":"augsburg-baustellen-im-september-machen-zahlreiche-strassen-zum-nadeloehr","status":"publish","type":"post","link":"https:\/\/www.europesays.com\/de\/1273685\/","title":{"rendered":"Augsburg: Baustellen im September machen zahlreiche Stra\u00dfen zum Nadel\u00f6hr"},"content":{"rendered":"<p class=\"mb-6 text-xs-varying md:text-m lg:text-l font-serif group-[.font-sans]:font-sans \">\n    Die Sommerferien gehen in die entscheidende Phase \u2013 und f\u00fcr Autofahrer bedeutet das in Augsburg weiterhin Geduld. <strong class=\"font-bold\"><a href=\"https:\/\/www.augsburg-journal.de\/wirtschaft-mobilitaet\/herbstplaerrer-augsburg-verkehrsprobleme-auf-friedberger-strasse-und-man-bruecke-5-115068118\" target=\"_self\" class=\"underline \" rel=\"nofollow noopener\">Mehrere gr\u00f6\u00dfere Baustellen laufen gleichzeitig bis weit in den September hinein<\/a>.<\/strong> Besonders auf der Haunstetter Stra\u00dfe, der B\u00fcrgermeister-Ackermann-Stra\u00dfe, in Pfersee sowie rund um den Alten Postweg m\u00fcssen Verkehrsteilnehmer mit Einschr\u00e4nkungen rechnen.\n  <\/p>\n<p class=\"mb-6 text-xs-varying md:text-m lg:text-l font-serif group-[.font-sans]:font-sans \">\n    Die Stadt nutzt die verkehrs\u00e4rmere Ferienzeit traditionell f\u00fcr Sanierungen an Stra\u00dfen, Leitungen und Gleisen. 2026 f\u00e4llt die Liste besonders umfangreich aus.\n  <\/p>\n<p>            Haunstetter Stra\u00dfe: Eine Fahrspur f\u00e4llt weg<\/p>\n<p class=\"mb-6 text-xs-varying md:text-m lg:text-l font-serif group-[.font-sans]:font-sans \">\n    Neu hinzugekommen ist die Baustelle an der <strong class=\"font-bold\">Haunstetter Stra\u00dfe auf H\u00f6he Tiergartenweg und Haltestelle Berufsschule<\/strong>. Dort wird seit 31. August der Fahrbahnrand am \u00dcberweg saniert.\n  <\/p>\n<p class=\"mb-6 text-xs-varying md:text-m lg:text-l font-serif group-[.font-sans]:font-sans \">\n    Stadtausw\u00e4rts entf\u00e4llt deshalb der rechte Fahrstreifen. Der \u00dcberweg zum Tiergartenweg bleibt eingeschr\u00e4nkt nutzbar. Nach aktuellem Zeitplan dauern die Arbeiten bis <strong class=\"font-bold\">Mitte September<\/strong>.\n  <\/p>\n<p class=\"mb-6 text-xs-varying md:text-m lg:text-l font-serif group-[.font-sans]:font-sans \">\n    Auf einer der wichtigsten Nord-S\u00fcd-Verbindungen Augsburgs kann es deshalb vor allem zu den Hauptverkehrszeiten eng werden.\n  <\/p>\n<p>            B\u00fcrgermeister-Ackermann-Stra\u00dfe bleibt eingeschr\u00e4nkt<\/p>\n<p class=\"mb-6 text-xs-varying md:text-m lg:text-l font-serif group-[.font-sans]:font-sans \">\n    Auch auf der <strong class=\"font-bold\">B\u00fcrgermeister-Ackermann-Stra\u00dfe<\/strong> laufen weiterhin Leitungsarbeiten der Stadtwerke. Zwischen Hagenm\u00e4hderstra\u00dfe und Luther-King-Stra\u00dfe entf\u00e4llt punktuell der rechte stadteinw\u00e4rtige Fahrstreifen.\n  <\/p>\n<p class=\"mb-6 text-xs-varying md:text-m lg:text-l font-serif group-[.font-sans]:font-sans \">\n    Die Arbeiten an Wasser- und Stromleitungen sollen bis <strong class=\"font-bold\">11. September<\/strong> dauern.\n  <\/p>\n<p class=\"mb-6 text-xs-varying md:text-m lg:text-l font-serif group-[.font-sans]:font-sans \">\n    Zus\u00e4tzlich wird an der Kreuzung B\u00fcrgermeister-Ackermann-Stra\u00dfe\/Kriegshaberstra\u00dfe die Ampelanlage erneuert. W\u00e4hrend der Arbeiten ersetzt eine provisorische Anlage die bisherigen Ampeln; zeitweise k\u00f6nnen Fahrspuren und einzelne Fahrbeziehungen entfallen. Hier ist der Abschluss f\u00fcr den <strong class=\"font-bold\">14. September<\/strong> vorgesehen.\n  <\/p>\n<p class=\"mb-6 text-xs-varying md:text-m lg:text-l font-serif group-[.font-sans]:font-sans \">\n    Damit bleibt die westliche Einfallachse gleich an zwei Stellen st\u00f6ranf\u00e4llig.\n  <\/p>\n<p>            Pfersee: Eberlestra\u00dfe f\u00fcr sechs Wochen dicht<\/p>\n<p class=\"mb-6 text-xs-varying md:text-m lg:text-l font-serif group-[.font-sans]:font-sans \">\n    Deutlich l\u00e4nger m\u00fcssen sich Verkehrsteilnehmer in Pfersee umstellen. Seit dem <strong class=\"font-bold\">31. August<\/strong> ist die Eberlestra\u00dfe zwischen Kazb\u00f6ckstra\u00dfe und Augsburger Stra\u00dfe voll gesperrt.\n  <\/p>\n<p class=\"mb-6 text-xs-varying md:text-m lg:text-l font-serif group-[.font-sans]:font-sans \">\n    Grund ist die Sanierung der Bushaltestelle \u201eEberlestra\u00dfe\u201c. Die Arbeiten sollen rund sechs Wochen dauern \u2013 also voraussichtlich bis <strong class=\"font-bold\">Mitte Oktober<\/strong>. Die Umleitung f\u00fchrt \u00fcber die Deutschenbaurstra\u00dfe.\n  <\/p>\n<p class=\"mb-6 text-xs-varying md:text-m lg:text-l font-serif group-[.font-sans]:font-sans \">\n    Damit bleibt Pfersee auch nach Ende der Sommerferien von einer gr\u00f6\u00dferen Stra\u00dfensperrung betroffen.\n  <\/p>\n<p>            Alter Postweg: Gleisarbeiten bis Mitte September<\/p>\n<p class=\"mb-6 text-xs-varying md:text-m lg:text-l font-serif group-[.font-sans]:font-sans \">\n    Im S\u00fcden l\u00e4uft ebenfalls eine umfangreiche Ma\u00dfnahme weiter. Der <strong class=\"font-bold\">Alte Postweg<\/strong> ist zwischen Werner-von-Siemens-Stra\u00dfe und Piccardstra\u00dfe wegen Gleis- und Wasserarbeiten gesperrt.\n  <\/p>\n<p class=\"mb-6 text-xs-varying md:text-m lg:text-l font-serif group-[.font-sans]:font-sans \">\n    Dabei werden unter anderem Weichen ausgetauscht und Wasserleitungen saniert. Die Werner-von-Siemens-Stra\u00dfe ist w\u00e4hrenddessen zur Sackgasse geworden und nur von der Haunstetter Stra\u00dfe aus erreichbar. F\u00fcr Autofahrer f\u00fchrt die Umleitung \u00fcber Rumplerstra\u00dfe, Haunstetter Stra\u00dfe und Schertlinstra\u00dfe.\n  <\/p>\n<p class=\"mb-6 text-xs-varying md:text-m lg:text-l font-serif group-[.font-sans]:font-sans \">\n    Die Arbeiten sollen bis <strong class=\"font-bold\">15. September<\/strong> dauern. Auch der \u00d6PNV ist betroffen: Die Stra\u00dfenbahn wird dort zeitweise durch Busse ersetzt.\n  <\/p>\n<p>            K\u00f6nigsplatz: Baustelle mitten in der Innenstadt<\/p>\n<p class=\"mb-6 text-xs-varying md:text-m lg:text-l font-serif group-[.font-sans]:font-sans \">\n    Wer zu Fu\u00df durch die Innenstadt unterwegs ist, bekommt die Arbeiten am <strong class=\"font-bold\">K\u00f6nigsplatz und in der B\u00fcrgermeister-Fischer-Stra\u00dfe<\/strong> zu sp\u00fcren.\n  <\/p>\n<p class=\"mb-6 text-xs-varying md:text-m lg:text-l font-serif group-[.font-sans]:font-sans \">\n    Dort saniert die swa das Pflaster beziehungsweise Bereiche rund um die Gleise. Die Fu\u00dfg\u00e4ngerzone bleibt passierbar, auch Busse und Stra\u00dfenbahnen fahren nach Angaben der Stadt regul\u00e4r. Dennoch bleiben bis <strong class=\"font-bold\">14. beziehungsweise 15. September<\/strong> mehrere Baufelder bestehen.\n  <\/p>\n<p class=\"mb-6 text-xs-varying md:text-m lg:text-l font-serif group-[.font-sans]:font-sans \">\n    F\u00fcr Autofahrer ist diese Baustelle zwar weniger relevant, im zentralen Innenstadtbereich bleibt sie aber deutlich sichtbar.\n  <\/p>\n<p>            Rosenaustra\u00dfe bleibt bis Jahresende gesperrt<\/p>\n<p class=\"mb-6 text-xs-varying md:text-m lg:text-l font-serif group-[.font-sans]:font-sans \">\n    Die gr\u00f6\u00dfte Dauerbaustelle endet dagegen noch lange nicht im September. Die <strong class=\"font-bold\">Rosenaustra\u00dfe ist zwischen Schlettererstra\u00dfe und Schie\u00dfst\u00e4ttenstra\u00dfe bereits seit Mai f\u00fcr den Durchgangsverkehr komplett gesperrt<\/strong>. Hintergrund ist der sogenannte \u201eL\u00fcckenschluss plus\u201c. Neben Gleisarbeiten werden dort Fahrbahn und Kreuzungen erneuert, neue Radstreifen vorbereitet, Bushaltestellen barrierefrei umgebaut und Versorgungsleitungen ersetzt.\n  <\/p>\n<p class=\"mb-6 text-xs-varying md:text-m lg:text-l font-serif group-[.font-sans]:font-sans \">\n    Die Vollsperrung soll bis <strong class=\"font-bold\">Ende Dezember 2026<\/strong> bestehen bleiben.\n  <\/p>\n<p class=\"mb-6 text-xs-varying md:text-m lg:text-l font-serif group-[.font-sans]:font-sans \">\n    Dass dort derzeit intensiv gearbeitet wird, zeigte sich zuletzt auf ungew\u00f6hnliche Weise: Am Montag wurde bei Bauarbeiten eine <strong class=\"font-bold\">500 Kilogramm schwere amerikanische Fliegerbombe<\/strong> entdeckt. Rosenau- und Schie\u00dfst\u00e4ttenstra\u00dfe mussten vor\u00fcbergehend zus\u00e4tzlich gesperrt und rund 200 Menschen vorsorglich evakuiert werden. Der Einsatz war noch am Mittag beendet.\n  <\/p>\n<p>            Auch kleinere Ma\u00dfnahmen summieren sich<\/p>\n<p class=\"mb-6 text-xs-varying md:text-m lg:text-l font-serif group-[.font-sans]:font-sans \">\n    Hinzu kommen mehrere Baustellen, die einzeln keine Hauptverkehrsachse lahmlegen, sich aber in der Summe bemerkbar machen.\n  <\/p>\n<p class=\"mb-6 text-xs-varying md:text-m lg:text-l font-serif group-[.font-sans]:font-sans \">\n    In der <strong class=\"font-bold\">Ilsungstra\u00dfe<\/strong> werden Anfang September die Gehwege zwischen Sportanlage S\u00fcd und Stempflesee saniert. Jeweils eine Stra\u00dfenseite wird gesperrt, die Arbeiten sollen etwa zwei Wochen dauern.\n  <\/p>\n<p class=\"mb-6 text-xs-varying md:text-m lg:text-l font-serif group-[.font-sans]:font-sans \">\n    In der <strong class=\"font-bold\">Eichleitnerstra\u00dfe<\/strong> stehen wegen Fernw\u00e4rmearbeiten bis 12. September in beiden Richtungen jeweils nur eingeschr\u00e4nkte Fahrspuren zur Verf\u00fcgung. Auch in der Meraner Stra\u00dfe laufen Arbeiten an einer Fernw\u00e4rmeleitung.\n  <\/p>\n<p class=\"mb-6 text-xs-varying md:text-m lg:text-l font-serif group-[.font-sans]:font-sans \">\n    Noch l\u00e4nger dauert die Baustelle in der <strong class=\"font-bold\">Schillstra\u00dfe<\/strong>: Dort wird eine neue Fernw\u00e4rmeleitung verlegt, die Arbeiten sind bis Ende Oktober vorgesehen. Teile der Stra\u00dfe werden einspurig gef\u00fchrt.\n  <\/p>\n<p>            Mitte September k\u00f6nnte sich die Lage etwas entspannen<\/p>\n<p class=\"mb-6 text-xs-varying md:text-m lg:text-l font-serif group-[.font-sans]:font-sans \">\n    F\u00fcr Augsburgs Autofahrer gibt es zumindest einen Lichtblick: <strong class=\"font-bold\">Mehrere der Ferienbaustellen sollen rund um den <a href=\"https:\/\/www.augsburg.de\/buergerservice-rathaus\/baustellen\/baustellen-in-den-sommerferien?utm_source=chatgpt.com\" rel=\"nofollow noopener\" target=\"_blank\" class=\"underline \">11. bis 15. September gleichzeitig enden<\/a>.<\/strong>\n  <\/p>\n<p class=\"mb-6 text-xs-varying md:text-m lg:text-l font-serif group-[.font-sans]:font-sans \">\n    Dann sollen unter anderem die Arbeiten an der B\u00fcrgermeister-Ackermann-Stra\u00dfe, der Kreuzung zur Kriegshaberstra\u00dfe, auf der Haunstetter Stra\u00dfe und am Alten Postweg abgeschlossen sein.\n  <\/p>\n<p class=\"mb-6 text-xs-varying md:text-m lg:text-l font-serif group-[.font-sans]:font-sans \">\n    Bis dahin gilt jedoch: Wer morgens oder am sp\u00e4ten Nachmittag unterwegs ist, sollte insbesondere <strong class=\"font-bold\">Haunstetter Stra\u00dfe, B\u00fcrgermeister-Ackermann-Stra\u00dfe und die Bereiche in Pfersee<\/strong> mit zus\u00e4tzlicher Zeit einplanen.\n  <\/p>\n<p class=\"mb-6 text-xs-varying md:text-m lg:text-l font-serif group-[.font-sans]:font-sans \">\n    Die eigentliche Herausforderung liegt dabei weniger in einer einzelnen Gro\u00dfbaustelle. <strong class=\"font-bold\">Im September greifen in Augsburg mehrere kleinere und gr\u00f6\u00dfere Ma\u00dfnahmen gleichzeitig ineinander \u2013 und machen Ausweichrouten teilweise selbst zum n\u00e4chsten Nadel\u00f6hr.<\/strong>\n  <\/p>\n","protected":false},"excerpt":{"rendered":"Die Sommerferien gehen in die entscheidende Phase \u2013 und f\u00fcr Autofahrer bedeutet das in Augsburg weiterhin Geduld. Mehrere&hellip;\n","protected":false},"author":2,"featured_media":1261080,"comment_status":"","ping_status":"","sticky":false,"template":"","format":"standard","meta":{"footnotes":"","_share_on_mastodon":"0"},"categories":[1846],"tags":[680,153086,2461,772,202067,3364,29,548,663,3934,31031,30,13,262988,14,15,141371,12,11290,19386,262987],"class_list":["post-1273685","post","type-post","status-publish","format-standard","has-post-thumbnail","category-augsburg","tag-augsburg","tag-augsburger-strasse","tag-baustelle","tag-bayern","tag-buergermeister-ackermann-strasse","tag-de","tag-deutschland","tag-eu","tag-europa","tag-europe","tag-fahrstreifen","tag-germany","tag-headlines","tag-luther-king-strasse","tag-nachrichten","tag-news","tag-pfersee","tag-schlagzeilen","tag-sommerferien","tag-stadtverkehr","tag-werner-von-siemens-strasse"],"share_on_mastodon":{"url":"https:\/\/pubeurope.com\/@de\/117195591213172423","error":""},"_links":{"self":[{"href":"https:\/\/www.europesays.com\/de\/wp-json\/wp\/v2\/posts\/1273685","targetHints":{"allow":["GET"]}}],"collection":[{"href":"https:\/\/www.europesays.com\/de\/wp-json\/wp\/v2\/posts"}],"about":[{"href":"https:\/\/www.europesays.com\/de\/wp-json\/wp\/v2\/types\/post"}],"author":[{"embeddable":true,"href":"https:\/\/www.europesays.com\/de\/wp-json\/wp\/v2\/users\/2"}],"replies":[{"embeddable":true,"href":"https:\/\/www.europesays.com\/de\/wp-json\/wp\/v2\/comments?post=1273685"}],"version-history":[{"count":0,"href":"https:\/\/www.europesays.com\/de\/wp-json\/wp\/v2\/posts\/1273685\/revisions"}],"wp:featuredmedia":[{"embeddable":true,"href":"https:\/\/www.europesays.com\/de\/wp-json\/wp\/v2\/media\/1261080"}],"wp:attachment":[{"href":"https:\/\/www.europesays.com\/de\/wp-json\/wp\/v2\/media?parent=1273685"}],"wp:term":[{"taxonomy":"category","embeddable":true,"href":"https:\/\/www.europesays.com\/de\/wp-json\/wp\/v2\/categories?post=1273685"},{"taxonomy":"post_tag","embeddable":true,"href":"https:\/\/www.europesays.com\/de\/wp-json\/wp\/v2\/tags?post=1273685"}],"curies":[{"name":"wp","href":"https:\/\/api.w.org\/{rel}","templated":true}]}}