{"id":1273690,"date":"2026-09-01T11:44:13","date_gmt":"2026-09-01T11:44:13","guid":{"rendered":"https:\/\/www.europesays.com\/de\/1273690\/"},"modified":"2026-09-01T11:44:13","modified_gmt":"2026-09-01T11:44:13","slug":"handtaschenraub-karlsruhe-gescheitert-taeter-fluechten-nach-ueberfall-aus-eisdiele","status":"publish","type":"post","link":"https:\/\/www.europesays.com\/de\/1273690\/","title":{"rendered":"Handtaschenraub Karlsruhe: Gescheitert T\u00e4ter fl\u00fcchten nach \u00dcberfall aus Eisdiele"},"content":{"rendered":"<p class=\"mb-6 text-xs-varying md:text-m lg:text-l font-serif group-[.font-sans]:font-sans \">\n    Zwei bislang unbekannte M\u00e4nner versuchten am Montagnachmittag, dem 31. August 2026, in der Karlsruher Innenstadt <strong class=\"font-bold\">einem 52-J\u00e4hrigen gewaltsam die Handtasche zu entrei\u00dfen.<\/strong> Laut Polizeibericht blieb der Raub erfolglos. Die Kriminalpolizei hat die Ermittlungen aufgenommen und sucht Zeugen.\n  <\/p>\n<p>            Tatgeschehen in der Karlsruher Kaiserstra\u00dfe<\/p>\n<p class=\"mb-6 text-xs-varying md:text-m lg:text-l font-serif group-[.font-sans]:font-sans \">\n    Nach derzeitigem Kenntnisstand hielt sich der 52-J\u00e4hrige gegen 16.25 Uhr in einer Eisdiele in der Kaiserstra\u00dfe in der N\u00e4he des Marktplatzes auf. Ein bislang unbekannter Mann trat auf ihn zu, begr\u00fc\u00dfte ihn per Handschlag und verwickelte ihn in ein Gespr\u00e4ch. W\u00e4hrend dieser Ablenkung n\u00e4herte sich ein zweiter Unbekannter und versuchte, die Herrenhandtasche des Mannes unbemerkt zu \u00f6ffnen.\n  <\/p>\n<p class=\"mb-6 text-xs-varying md:text-m lg:text-l font-serif group-[.font-sans]:font-sans \">\n    <strong class=\"font-bold\">Als der 52-J\u00e4hrige das Vorhaben bemerkte, riss der Tatverd\u00e4chtige an der Tasche und versuchte, sie gewaltsam an sich zu nehmen. <\/strong>Das Vorhaben misslang, da der Gesch\u00e4digte durch lautes Rufen auf sich aufmerksam machte. Daraufhin fl\u00fcchteten beide T\u00e4ter zu Fu\u00df in Richtung Adlerstra\u00dfe. Eine sofort eingeleitete Fahndung mit mehreren Polizeistreifen blieb ohne Erfolg.\n  <\/p>\n<p>            Beschreibung der Tatverd\u00e4chtigen<\/p>\n<p class=\"mb-6 text-xs-varying md:text-m lg:text-l font-serif group-[.font-sans]:font-sans \">\n    Bei den beiden Tatverd\u00e4chtigen handelte es sich laut Polizei um junge M\u00e4nner im Alter von etwa 20 bis 25 Jahren. Beide waren etwa 170 bis 180 cm gro\u00df. Der Mann, der den 52-J\u00e4hrigen ablenkte, hatte gebr\u00e4unte Haut und mutma\u00dflich blond gef\u00e4rbte Haare. Er trug ein rotes T-Shirt mit Streifen und eine dunkle Brille. Der zweite Tatverd\u00e4chtige war etwas kr\u00e4ftiger gebaut, hatte schwarze, nach hinten gegelte Haare und trug ein graues T-Shirt sowie einen goldenen Armring.\n  <\/p>\n<p class=\"mb-6 text-xs-varying md:text-m lg:text-l font-serif group-[.font-sans]:font-sans \">\n    Zeugen, die Hinweise zu den Tatverd\u00e4chtigen geben k\u00f6nnen, wenden sich an den Kriminaldauerdienst <a href=\"https:\/\/www.ka-news.de\/karlsruhe\" target=\"_self\" class=\"underline \" rel=\"nofollow noopener\">Karlsruhe<\/a> unter der Telefonnummer <a href=\"https:\/\/www.ka-news.de\/karlsruhe\/blaulicht\/tel:07216665555\" rel=\"nofollow noopener\" target=\"_blank\" class=\"underline \">0721\/666-5555<\/a>.\n  <\/p>\n<p class=\"mb-6 text-xs-varying md:text-m lg:text-l font-serif group-[.font-sans]:font-sans \">\n    Quelle: Polizei<a href=\"https:\/\/www.presseportal.de\/blaulicht\/pm\/110972\/6343524\" rel=\"nofollow noopener\" target=\"_blank\" class=\"underline \">pr\u00e4sidium Karlsruhe. Hinwei<\/a>s: Diese Meldung wurde unterst\u00fctzt von KI erstellt.\n  <\/p>\n","protected":false},"excerpt":{"rendered":"Zwei bislang unbekannte M\u00e4nner versuchten am Montagnachmittag, dem 31. August 2026, in der Karlsruher Innenstadt einem 52-J\u00e4hrigen gewaltsam&hellip;\n","protected":false},"author":2,"featured_media":1100727,"comment_status":"","ping_status":"","sticky":false,"template":"","format":"standard","meta":{"footnotes":"","_share_on_mastodon":"0"},"categories":[1844],"tags":[7382,1634,3364,29,27475,30,23459,145279,11115,8903,983,1256,121,5310],"class_list":["post-1273690","post","type-post","status-publish","format-standard","has-post-thumbnail","category-karlsruhe","tag-marktplatz","tag-baden-wuerttemberg","tag-de","tag-deutschland","tag-eisdiele","tag-germany","tag-handtasche","tag-handtaschenraub","tag-kaiserstrasse","tag-karlsruhe","tag-kripo","tag-kuenstliche-intelligenz","tag-polizei","tag-ueberfall"],"share_on_mastodon":{"url":"https:\/\/pubeurope.com\/@de\/117195614598644707","error":""},"_links":{"self":[{"href":"https:\/\/www.europesays.com\/de\/wp-json\/wp\/v2\/posts\/1273690","targetHints":{"allow":["GET"]}}],"collection":[{"href":"https:\/\/www.europesays.com\/de\/wp-json\/wp\/v2\/posts"}],"about":[{"href":"https:\/\/www.europesays.com\/de\/wp-json\/wp\/v2\/types\/post"}],"author":[{"embeddable":true,"href":"https:\/\/www.europesays.com\/de\/wp-json\/wp\/v2\/users\/2"}],"replies":[{"embeddable":true,"href":"https:\/\/www.europesays.com\/de\/wp-json\/wp\/v2\/comments?post=1273690"}],"version-history":[{"count":0,"href":"https:\/\/www.europesays.com\/de\/wp-json\/wp\/v2\/posts\/1273690\/revisions"}],"wp:featuredmedia":[{"embeddable":true,"href":"https:\/\/www.europesays.com\/de\/wp-json\/wp\/v2\/media\/1100727"}],"wp:attachment":[{"href":"https:\/\/www.europesays.com\/de\/wp-json\/wp\/v2\/media?parent=1273690"}],"wp:term":[{"taxonomy":"category","embeddable":true,"href":"https:\/\/www.europesays.com\/de\/wp-json\/wp\/v2\/categories?post=1273690"},{"taxonomy":"post_tag","embeddable":true,"href":"https:\/\/www.europesays.com\/de\/wp-json\/wp\/v2\/tags?post=1273690"}],"curies":[{"name":"wp","href":"https:\/\/api.w.org\/{rel}","templated":true}]}}