{"id":1273693,"date":"2026-09-01T11:47:19","date_gmt":"2026-09-01T11:47:19","guid":{"rendered":"https:\/\/www.europesays.com\/de\/1273693\/"},"modified":"2026-09-01T11:47:19","modified_gmt":"2026-09-01T11:47:19","slug":"angeklagter-bestreitet-vor-gericht-diebstahl-ganzer-e-bikes","status":"publish","type":"post","link":"https:\/\/www.europesays.com\/de\/1273693\/","title":{"rendered":"Angeklagter bestreitet vor Gericht Diebstahl ganzer E-Bikes"},"content":{"rendered":"<p>Amtsgericht M\u00fcnster <\/p>\n<p>Angeklagter bestreitet vor Gericht Diebstahl ganzer E-Bikes<\/p>\n<p>Aktualisiert am 01.09.2026 &#8211; 13:16 UhrLesedauer: 2 Min.<\/p>\n<p><a href=\"#focus-0\" class=\"transition-colors block text-current relative\" data-sctrack=\"FocusGalleryImage.Reference\"><img fetchpriority=\"high\" data-testid=\"Opener.Image\"   loading=\"eager\" src=\"https:\/\/www.europesays.com\/de\/wp-content\/uploads\/2026\/09\/vor-dem-amtsgericht-muenster-hat-ein-prozess-um-den-vielfachen-diebstahl-von-akkus-und-zum-teil-teur.jpeg\" alt=\"Prozess am Amtsgericht M\u00fcnster\" title=\"Prozess am Amtsgericht M\u00fcnster\" width=\"2048\" height=\"1152\" class=\"bg-[url:var(--lqipURL)] bg-cover bg-center flex h-full w-full max-w-full\" style=\"--lqipURL:url('https:\/\/images.t-online.de\/2026\/09\/2sPmvAU9sByG\/0x107:2048x1152\/fit-in\/150x0\/filters:blur(25)\/vor-dem-amtsgericht-muenster-hat-ein-prozess-um-den-vielfachen-diebstahl-von-akkus-und-zum-teil-teuren-e-bikes-begonnen-symbolfoto.jpg')\" decoding=\"async\"\/><img loading=\"lazy\" src=\"https:\/\/muenster.t-online.de\/s\/paper\/_next\/static\/media\/zoom-in.f7dae02f.svg\" alt=\"Vergr\u00f6\u00dfern des Bildes\" title=\"Vergr\u00f6\u00dfern des Bildes\" class=\"block h-[calc(var(--height)_\/_16_*_1rem)] w-[calc(var(--width)_\/_16_*_1rem)] max-w-none absolute right-8 bottom-8 rounded-4 bg-snow p-8\" style=\"--width:32;--height:32\" decoding=\"async\"\/><\/a><\/p>\n<p>Vor dem Amtsgericht M\u00fcnster hat ein Prozess um den vielfachen Diebstahl von Akkus und zum Teil teuren E-Bikes begonnen. (Symbolfoto) (Quelle: Rolf Vennenbernd\/dpa\/dpa-bilder)<\/p>\n<p><img loading=\"lazy\" src=\"https:\/\/muenster.t-online.de\/s\/paper\/_next\/static\/media\/audio-volume.6689034c.svg\" alt=\"\" title=\"\" class=\"block h-[calc(var(--height)_\/_16_*_1rem)] w-[calc(var(--width)_\/_16_*_1rem)] max-w-none group-hover:brightness-0 group-hover:invert\" style=\"--width:16;--height:16\" decoding=\"async\"\/>Vorlesen<\/p>\n<p>Aktuelle Zeit:0:00Gesamtdauer:0:00<\/p>\n<p>1x<img loading=\"lazy\" src=\"https:\/\/muenster.t-online.de\/s\/paper\/_next\/static\/media\/font-sizes.32942e33.svg\" alt=\"\" title=\"\" class=\"block h-[calc(var(--height)_\/_16_*_1rem)] w-[calc(var(--width)_\/_16_*_1rem)] max-w-none group-hover:hidden group-aria-expanded:hidden\" style=\"--width:16;--height:16\" decoding=\"async\"\/><img loading=\"lazy\" src=\"https:\/\/muenster.t-online.de\/s\/paper\/_next\/static\/media\/font-sizes-dark-mode.e382645c.svg\" alt=\"\" title=\"\" class=\"block h-[calc(var(--height)_\/_16_*_1rem)] w-[calc(var(--width)_\/_16_*_1rem)] max-w-none hidden group-hover:block group-aria-expanded:block\" style=\"--width:16;--height:16\" decoding=\"async\"\/><img loading=\"lazy\" src=\"https:\/\/muenster.t-online.de\/s\/paper\/_next\/static\/media\/sharing-menu-icon.1eb71368.svg\" alt=\"\" title=\"\" class=\"block h-[calc(var(--height)_\/_16_*_1rem)] w-[calc(var(--width)_\/_16_*_1rem)] max-w-none group-hover:brightness-0 group-hover:invert\" style=\"--width:16;--height:16\" decoding=\"async\"\/>Artikel teilen<\/p>\n<p class=\"font-bold text-18 leading-17 user-text-lg:text-22 user-text-xl:text-24\">Der Angeklagte bezeichnet sich selbst als Messie und bestreitet den Diebstahl ganzer Fahrr\u00e4der. Die aufgehebelten Akkus habe er als Energiespeicher einsetzen wollen. Der Richter \u00e4u\u00dfert gro\u00dfe Zweifel.<\/p>\n<p class=\"text-18 leading-17 user-text-lg:text-22 user-text-xl:text-24\">In einem kuriosen Prozess vor dem Amtsgericht M\u00fcnster hat sich der Angeklagte am ersten Verhandlungstag in Widerspr\u00fcche verwickelt. Laut Anklage soll der 63-J\u00e4hrige im Jahr 2023 zahlreiche wertvolle R\u00e4der und die Akkus von E-Bikes und E-Scootern gestohlen haben. Angeklagt sind 58 F\u00e4lle, davon 37 als besonders schwerer Diebstahl. Das Gesetz sieht daf\u00fcr einen Strafrahmen von drei Monaten bis zu zehn Jahren Gef\u00e4ngnis vor. <\/p>\n<p class=\"text-18 leading-17 user-text-lg:text-22 user-text-xl:text-24\">Auf dem Grundst\u00fcck des Mannes waren noch viel mehr R\u00e4der und Akkus gefunden worden. Nicht bei allen Funden konnte eine Straftat nachgewiesen werden. In seiner Einlassung zu den Vorw\u00fcrfen gab der Mann an, ein typischer Messie zu sein. Er sammle krankhaft und bastle gerne an Fahrr\u00e4dern. Das Grundst\u00fcck und seine Wohnung seien voller dieser Dinge. Seine Ehe sei bereits daran gescheitert. <\/p>\n<p class=\"text-18 leading-17 user-text-lg:text-22 user-text-xl:text-24\">Laut Staatsanwalt hatte er die hochwertigen E-Bikes oder einzelne Akkus \u00fcberwiegend in M\u00fcnster gestohlen. Wiederholte Tatorte waren der Parkplatz am Zoo oder der Botanische Garten. Auf Druck seines Anwalts und des Richters gab er zu, vereinzelt Akkus herausgebrochen und gestohlen zu haben. Den gezielten Diebstahl der zum Teil bis zu 3.000 Euro teuren E-Bikes wies er wiederholt von sich. Auch den Hinweis des Gerichts, dass die Beweislast erdr\u00fcckend sei und die anstehenden Zeugenaussagen etwas anderes ergeben w\u00fcrden, \u00e4nderte nichts an seiner Aussage. <\/p>\n<p>Angeklagter: Nie ganze R\u00e4der gestohlen<\/p>\n<p class=\"text-18 leading-17 user-text-lg:text-22 user-text-xl:text-24\">Er habe keine vollst\u00e4ndigen R\u00e4der im \u00f6ffentlichen Raum gestohlen. Und im Detail k\u00f6nne er sich auch bei der Vielzahl der aufgef\u00fchrten F\u00e4lle ohnehin nicht erinnern. Nach seiner Aussage hat er die Rahmen der R\u00e4der immer irgendwo in Containern oder als Schrott im Geb\u00fcsch gefunden. Die eigentlichen Diebe m\u00fcssten sie da entsorgt haben, so die Begr\u00fcndung des Angeklagten. <\/p>\n<p class=\"text-18 leading-17 user-text-lg:text-22 user-text-xl:text-24\">Richter Christoph Neuk\u00e4ter warf dem Mann mehrfach vor, unglaubw\u00fcrdig zu sein. Auch das Motiv, dass er die Akkus als gro\u00dfen Energiespeicher f\u00fcr seine Photovoltaik-Anlage basteln wollte, nahm der Richter dem Angeklagten nicht ab. Diese Aussage hatte er bei einer seiner ersten Vernehmungen bei der Polizei gemacht. Bis zum 24. September sind vier weitere Verhandlungstermine angesetzt.<\/p>\n","protected":false},"excerpt":{"rendered":"Amtsgericht M\u00fcnster Angeklagter bestreitet vor Gericht Diebstahl ganzer E-Bikes Aktualisiert am 01.09.2026 &#8211; 13:16 UhrLesedauer: 2 Min. Vor&hellip;\n","protected":false},"author":2,"featured_media":1273694,"comment_status":"","ping_status":"","sticky":false,"template":"","format":"standard","meta":{"footnotes":"","_share_on_mastodon":"0"},"categories":[1843],"tags":[1601,3364,29,1686,1233,1234,30,8970,1209],"class_list":["post-1273693","post","type-post","status-publish","format-standard","has-post-thumbnail","category-muenster","tag-amtsgericht","tag-de","tag-deutschland","tag-diebstahl","tag-e-bike","tag-fahrrad","tag-germany","tag-muenster","tag-nordrhein-westfalen"],"share_on_mastodon":{"url":"","error":""},"_links":{"self":[{"href":"https:\/\/www.europesays.com\/de\/wp-json\/wp\/v2\/posts\/1273693","targetHints":{"allow":["GET"]}}],"collection":[{"href":"https:\/\/www.europesays.com\/de\/wp-json\/wp\/v2\/posts"}],"about":[{"href":"https:\/\/www.europesays.com\/de\/wp-json\/wp\/v2\/types\/post"}],"author":[{"embeddable":true,"href":"https:\/\/www.europesays.com\/de\/wp-json\/wp\/v2\/users\/2"}],"replies":[{"embeddable":true,"href":"https:\/\/www.europesays.com\/de\/wp-json\/wp\/v2\/comments?post=1273693"}],"version-history":[{"count":0,"href":"https:\/\/www.europesays.com\/de\/wp-json\/wp\/v2\/posts\/1273693\/revisions"}],"wp:featuredmedia":[{"embeddable":true,"href":"https:\/\/www.europesays.com\/de\/wp-json\/wp\/v2\/media\/1273694"}],"wp:attachment":[{"href":"https:\/\/www.europesays.com\/de\/wp-json\/wp\/v2\/media?parent=1273693"}],"wp:term":[{"taxonomy":"category","embeddable":true,"href":"https:\/\/www.europesays.com\/de\/wp-json\/wp\/v2\/categories?post=1273693"},{"taxonomy":"post_tag","embeddable":true,"href":"https:\/\/www.europesays.com\/de\/wp-json\/wp\/v2\/tags?post=1273693"}],"curies":[{"name":"wp","href":"https:\/\/api.w.org\/{rel}","templated":true}]}}