{"id":1273700,"date":"2026-09-01T11:52:15","date_gmt":"2026-09-01T11:52:15","guid":{"rendered":"https:\/\/www.europesays.com\/de\/1273700\/"},"modified":"2026-09-01T11:52:15","modified_gmt":"2026-09-01T11:52:15","slug":"neuer-platz-eine-schwebebahn-kehrt-heim-und-wird-zum-blickfang-wirtschaft","status":"publish","type":"post","link":"https:\/\/www.europesays.com\/de\/1273700\/","title":{"rendered":"Neuer Platz &#8211; Eine Schwebebahn kehrt heim und wird zum Blickfang &#8211; Wirtschaft"},"content":{"rendered":"<p data-manual=\"paragraph\" data-schema-org-speakable=\"true\" class=\"css-1eosz7k\">Wuppertal (dpa\/lnw) &#8211; Ein historischer Schwebebahnwagen ist die neue Attraktion am Wuppertaler Hauptbahnhof. Ein gro\u00dfer Kran hat das Fahrzeug von einem Tieflader auf eine Stahlkonstruktion zwischen zwei Geb\u00e4ude gehoben. Den Einbau verfolgten Hunderte Schaulustige. Die Schwebebahn wird noch an einer Aufh\u00e4ngung fest installiert und von einem Glaskubus umgeben.\u00a0<\/p>\n<p data-manual=\"paragraph\" data-schema-org-speakable=\"true\" class=\"css-1eosz7k\">\u201eDas ist jetzt das neue Eingangstor f\u00fcr die Stadt\u201c, sagte Immobilien-Investor Markus B\u00fcrger, der mehrere Geb\u00e4ude erworben hat. Die Schwebebahntrasse f\u00fchrt nicht \u00fcber den Wuppertaler Hauptbahnhof, sondern schl\u00e4ngelt sich in einiger Entfernung daran vorbei. Reisende w\u00fcrden nun direkt am Hauptbahnhof von einer Schwebebahn, dem Wahrzeichen der Stadt, begr\u00fc\u00dft, erkl\u00e4rte B\u00fcrger.\u00a0<\/p>\n<p data-manual=\"paragraph\" data-schema-org-speakable=\"true\" class=\"css-1eosz7k\">Der Schwebebahnwagen Nummer 76 der Baureihe 1950 hat eine lange Reise durch Teile von <a href=\"https:\/\/www.sueddeutsche.de\/thema\/Nordrhein-Westfalen\" rel=\"nofollow noopener\" target=\"_blank\">Nordrhein-Westfalen<\/a> absolviert, bevor er wieder in Wuppertal angekommen ist. Er habe eine Kleinanzeige mit dem Schwebebahnwagen im Internet entdeckt und ihn gekauft, sagte B\u00fcrger. Der Wagen sei im Rheinland in einer Gastronomie genutzt worden. Danach habe er in Siegen als Caf\u00e9 gedient.<\/p>\n<p data-manual=\"paragraph\" data-schema-org-speakable=\"true\" class=\"css-1eosz7k\">\u00a9 dpa-infocom, dpa:260901-930-615089\/1<\/p>\n","protected":false},"excerpt":{"rendered":"Wuppertal (dpa\/lnw) &#8211; Ein historischer Schwebebahnwagen ist die neue Attraktion am Wuppertaler Hauptbahnhof. Ein gro\u00dfer Kran hat das&hellip;\n","protected":false},"author":2,"featured_media":1273701,"comment_status":"","ping_status":"","sticky":false,"template":"","format":"standard","meta":{"footnotes":"","_share_on_mastodon":"0"},"categories":[1840],"tags":[3364,25366,29,30,5027,1209,149,601,55,4418,236147],"class_list":["post-1273700","post","type-post","status-publish","format-standard","has-post-thumbnail","category-wuppertal","tag-de","tag-denkmaeler","tag-deutschland","tag-germany","tag-kommune","tag-nordrhein-westfalen","tag-sueddeutsche-zeitung","tag-verkehr","tag-wirtschaft","tag-wuppertal","tag-wuppertal-hauptbahnhof"],"share_on_mastodon":{"url":"https:\/\/pubeurope.com\/@de\/117195646307940870","error":""},"_links":{"self":[{"href":"https:\/\/www.europesays.com\/de\/wp-json\/wp\/v2\/posts\/1273700","targetHints":{"allow":["GET"]}}],"collection":[{"href":"https:\/\/www.europesays.com\/de\/wp-json\/wp\/v2\/posts"}],"about":[{"href":"https:\/\/www.europesays.com\/de\/wp-json\/wp\/v2\/types\/post"}],"author":[{"embeddable":true,"href":"https:\/\/www.europesays.com\/de\/wp-json\/wp\/v2\/users\/2"}],"replies":[{"embeddable":true,"href":"https:\/\/www.europesays.com\/de\/wp-json\/wp\/v2\/comments?post=1273700"}],"version-history":[{"count":0,"href":"https:\/\/www.europesays.com\/de\/wp-json\/wp\/v2\/posts\/1273700\/revisions"}],"wp:featuredmedia":[{"embeddable":true,"href":"https:\/\/www.europesays.com\/de\/wp-json\/wp\/v2\/media\/1273701"}],"wp:attachment":[{"href":"https:\/\/www.europesays.com\/de\/wp-json\/wp\/v2\/media?parent=1273700"}],"wp:term":[{"taxonomy":"category","embeddable":true,"href":"https:\/\/www.europesays.com\/de\/wp-json\/wp\/v2\/categories?post=1273700"},{"taxonomy":"post_tag","embeddable":true,"href":"https:\/\/www.europesays.com\/de\/wp-json\/wp\/v2\/tags?post=1273700"}],"curies":[{"name":"wp","href":"https:\/\/api.w.org\/{rel}","templated":true}]}}