{"id":1273708,"date":"2026-09-01T11:57:26","date_gmt":"2026-09-01T11:57:26","guid":{"rendered":"https:\/\/www.europesays.com\/de\/1273708\/"},"modified":"2026-09-01T11:57:26","modified_gmt":"2026-09-01T11:57:26","slug":"ukraine-krieg-im-liveticker-1313-opferzahl-in-kiew-steigt-auf-zwoelf-tote","status":"publish","type":"post","link":"https:\/\/www.europesays.com\/de\/1273708\/","title":{"rendered":"Ukraine-Krieg im Liveticker: +++ 13:13 Opferzahl in Kiew steigt auf zw\u00f6lf Tote +++"},"content":{"rendered":"<p>Ukraine-Krieg im Liveticker+++ 13:13 Opferzahl in Kiew steigt auf zw\u00f6lf Tote +++<\/p>\n<p class=\"Typography_text-default__P3otY Typography_weight-normal__pqUbH storyline_paragraph_p__qSR5N\">Bei den massiven russischen Angriffen auf Kiew und die Hauptstadtregion sind zu Beginn des neuen Schuljahres nach\u00a0ukrainischen\u00a0Angaben zw\u00f6lf Menschen get\u00f6tet worden. 21 Menschen wurden demnach verletzt. Journalisten h\u00f6rten am Morgen in Kiew etwa ein Dutzend laute Explosionen. Der\u00a0ukrainische\u00a0Pr\u00e4sident Selenskyj verurteilt den &#8222;russischen Terror&#8220;. Unter den Get\u00f6teten sei auch ein indischer Staatsb\u00fcrger.<\/p>\n<p><img decoding=\"async\" class=\"Image_img__fQCi0 Image_Img_16_9__4BLfH widget-picture-inline_maximizable__t_E7h\" loading=\"lazy\" src=\"https:\/\/www.n-tv.de\/logo_grey.svg\" alt=\"image\"\/>Feuerwehrleute in einem getroffenen Wohnhaus. (Foto: REUTERS)<\/p>\n<p class=\"Typography_text-default__P3otY Typography_weight-normal__pqUbH storyline_paragraph_p__qSR5N\"><b class=\"bold\">+++ 12:36 J\u00e4ger: Bundesregierung muss alte Ost-Politik \u00fcberwinden +++<\/b><\/p>\n<p class=\"Typography_text-default__P3otY Typography_weight-normal__pqUbH storyline_paragraph_p__qSR5N\">Nach Einsch\u00e4tzung von Politologe Thomas J\u00e4ger zieht die Bundesregierung zu selten klare Grenzen gegen\u00fcber Russland und seinen hybriden Angriffen. Die gro\u00dfe Frage dabei sei, ob Deutschland in absehbarer Zeit Gespr\u00e4che mit Moskau f\u00fcr plausibel h\u00e4lt:\u00a0<\/p>\n<p class=\"Typography_text-default__P3otY Typography_weight-normal__pqUbH storyline_paragraph_p__qSR5N\"><b class=\"bold\">+++ 11:52 Wadephul unterbricht wegen Leipziger Anschlagsversuch Reise +++<\/b><\/p>\n<p class=\"Typography_text-default__P3otY Typography_weight-normal__pqUbH storyline_paragraph_p__qSR5N\">Au\u00dfenminister Wadephul macht auf dem Weg von Algier zum EU-Au\u00dfenministertreffen in Irland vor dem Hintergrund des Leipziger Vorfalls mit einer Sprengstoff-Drohne einen Zwischenstopp in Berlin, um sich mit Innenminister Alexander Dobrindt zu beraten. Der Au\u00dfenminister werde seine Weiterreise aus Algier nach Dublin &#8222;f\u00fcr ein dringendes Treffen&#8220; mit Innenminister Dobrindt am sp\u00e4ten Nachmittag unterbrechen, hei\u00dft es aus Delegationskreisen. Die Bundesregierung ist \u00fcberzeugt, dass Russland f\u00fcr den gescheiterten Anschlag vor einem Monat verantwortlich ist. Das berichten mehrere Medien unter Verweis auf Sicherheitskreise.\u00a0<\/p>\n<p class=\"Typography_text-default__P3otY Typography_weight-normal__pqUbH storyline_paragraph_p__qSR5N\"><b class=\"bold\">+++ 11:20 Gedenken an den deutschen \u00dcberfall auf Polen &#8211; Tusk mahnt +++<\/b><\/p>\n<p class=\"Typography_text-default__P3otY Typography_weight-normal__pqUbH storyline_paragraph_p__qSR5N\">Polens Regierungschef Donald Tusk mahnt beim allj\u00e4hrlichen Gedenken an den deutschen \u00dcberfall auf Polen 1939 die Solidarit\u00e4t des Westens mit der Ukraine an. &#8222;Heute rufen wir laut von Westerplatte aus der gesamten freien Welt zu: Seid solidarisch, wir m\u00fcssen der Ukraine helfen zu \u00fcberleben&#8220;, sagte er am Kriegerdenkmal Westerplatte in Danzig. Die kommenden Monate, der bevorstehende Herbst und Winter, k\u00f6nnten entscheidend sein f\u00fcr die Unabh\u00e4ngigkeit der Ukraine, das Schicksal Polens und der freien Welt. Tusk warnt vor dem Wiederaufleben einer &#8222;braunen Welle der Aggression und Verachtung&#8220; in Europa und den USA. <\/p>\n<p class=\"Typography_text-default__P3otY Typography_weight-normal__pqUbH storyline_paragraph_p__qSR5N\"><b class=\"bold\">+++ 10:52 Druck auf Schattenflotte als Antwort auf Leipziger Anschlagsversuch? +++<\/b><\/p>\n<p class=\"Typography_text-default__P3otY Typography_weight-normal__pqUbH storyline_paragraph_p__qSR5N\">Nach dem versuchten Drohnen-Anschlag auf den Leipziger Flughafen r\u00fcckt f\u00fcr eine Gegenreaktion die russische Schattenflotte immer st\u00e4rker in den Vordergrund. Am Rande eines informellen Treffens der EU-Verteidigungsminister sagte der parlamentarische Staatssekret\u00e4r Sebastian Hartmann, es m\u00fcssten &#8222;alle Scheinwerfer auf die Schattenflotte&#8220; gerichtet werden. Mit den oft maroden Tankern umgehe Russland internationale Sanktionen und finanziere seinen v\u00f6lkerrechtswidrigen Angriffskrieg gegen die Ukraine.\u00a0CDU-Au\u00dfenpolitiker Roderich Kiesewetter\u00a0fordert daneben die Lieferung von Taurus-Marschflugk\u00f6rpern an die Ukraine. Dies w\u00e4re &#8222;eine besonders wirksame und glaubw\u00fcrdige Reaktion und daher dringend erforderlich&#8220;, sagte er dem &#8222;Handelsblatt&#8220;.\u00a0<\/p>\n<p class=\"Typography_text-default__P3otY Typography_weight-normal__pqUbH storyline_paragraph_p__qSR5N\"><b class=\"bold\">+++ 10:12 Ukraine meldet Angriffe auf 54 Schattenflotten-Tanker in einem Monat +++<\/b><\/p>\n<p class=\"Typography_text-default__P3otY Typography_weight-normal__pqUbH storyline_paragraph_p__qSR5N\">Die Ukraine hat im August nach Angaben des Kommandeurs der Streitkr\u00e4fte f\u00fcr unbemannte Systeme 54 Schiffe von Russlands sogenannter Schattenflotte angegriffen. Unter dem Druck von Sanktionen nutzt Russland eine Flotte aus \u00e4lteren Schiffen, die oft unter der Flagge anderer Staaten fahren und so ihre Herkunft verschleiern.<\/p>\n<p class=\"Typography_text-default__P3otY Typography_weight-normal__pqUbH storyline_paragraph_p__qSR5N\"><b class=\"bold\">+++ 09:51 Russland soll hinter Anschlagsversuch von Leipzig stecken +++<\/b><\/p>\n<p class=\"Typography_text-default__P3otY Typography_weight-normal__pqUbH storyline_paragraph_p__qSR5N\">Die Bundesregierung schreibt den gescheiterte Drohnen-Anschlag Anfang August am Leipziger Flughafen dem russischen Geheimdienst zu. Das berichtet die &#8222;Bild&#8220;-Zeitung unter Verweis auf Sicherheitskreise. Kanzler Friedrich Merz und Au\u00dfenminister Johann Wadephul wollen sich offenbar im Lauf des Tages dazu \u00e4u\u00dfern. Wadephul k\u00fcndigte eine ausgewogene und \u00fcberlegte Reaktion auf den Vorfall mit einer Sprengstoff-Drohne an. &#8222;Von unserer Seite gibt es keine \u00dcberreaktionen, aber Reaktionen, wenn wir angegriffen werden&#8220;, sagte der CDU-Politiker am Rande seines Besuches in Algier.<\/p>\n<p class=\"Typography_text-default__P3otY Typography_weight-normal__pqUbH storyline_paragraph_p__qSR5N\"><a class=\"inline_link\" href=\"https:\/\/www.n-tv.de\/politik\/Bericht-Regierung-macht-Moskau-fuer-gescheiterten-Drohnen-Anschlag-verantwortlich-id31254914.html\" target=\"_blank\" rel=\"nofollow noopener\">Mehr dazu lesen Sie hier.<\/a><\/p>\n<p class=\"Typography_text-default__P3otY Typography_weight-normal__pqUbH storyline_paragraph_p__qSR5N\"><b class=\"bold\">+++ 09:39 Russlands Kriegsausgaben explodieren +++<\/b><\/p>\n<p class=\"Typography_text-default__P3otY Typography_weight-normal__pqUbH storyline_paragraph_p__qSR5N\">Trotz Sparvorgaben sind die russischen Milit\u00e4rausgaben in diesem Jahr massiv gestiegen. Nach Berechnungen des Russland-Experten Janis Kluge von der Stiftung Wissenschaft und Politik wuchsen diese im ersten Halbjahr um 30 Prozent auf 10,7 Billionen Rubel, umgerechnet 107 Milliarden Euro, wie der &#8222;Spiegel&#8220; berichtet. Damit entspr\u00e4chen die R\u00fcstungsausgaben allein bis Ende Juni 4,7 Prozent der f\u00fcr das Gesamtjahr erwarteten Wirtschaftsleistung. W\u00fcrde sich das Tempo fortsetzen, st\u00fcnden am Jahresende\u00a0neun Prozent des russischen Bruttoinlandsprodukts. Der Anstieg sei \u00fcberraschend, sagt Kluge. &#8222;Der Krieg entwickelt sich gerade f\u00fcr Putin grunds\u00e4tzlich in die falsche Richtung.&#8220;<\/p>\n<p class=\"Typography_text-default__P3otY Typography_weight-normal__pqUbH storyline_paragraph_p__qSR5N\"><a class=\"inline_link\" href=\"https:\/\/www.n-tv.de\/politik\/Russische-Kriegsausgaben-offenbar-ausser-Kontrolle-id31255000.html\" target=\"_blank\" rel=\"nofollow noopener\">Mehr dazu lesen Sie hier.<\/a><\/p>\n<p class=\"Typography_text-default__P3otY Typography_weight-normal__pqUbH storyline_paragraph_p__qSR5N\"><b class=\"bold\">+++ 09:06 Ukraine beklagt schweren Schlag gegen Region Odessa +++<\/b><\/p>\n<p class=\"Typography_text-default__P3otY Typography_weight-normal__pqUbH storyline_paragraph_p__qSR5N\">Die Hafeninfrastruktur in der s\u00fcdukrainischen Schwarzmeer-Region Odessa ist nach Beh\u00f6rdenangaben Ziel eines massiven russischen Angriffs geworden. Der Schlag habe auch der Energieinfrastruktur gegolten, teilt der ukrainische Rettungsdienst bei Telegram mit. Zudem sei durch den Beschuss ein Feuer in einem Wohnhaus ausgebrochen, bei dem ein Mensch verletzt worden sei.<\/p>\n<p class=\"Typography_text-default__P3otY Typography_weight-normal__pqUbH storyline_paragraph_p__qSR5N\"><b class=\"bold\">+++ 08:37 Hybride Attacken immer offener &#8211; Vorboten f\u00fcr Angriff auf Nato? +++<\/b><\/p>\n<p class=\"Typography_text-default__P3otY Typography_weight-normal__pqUbH storyline_paragraph_p__qSR5N\">In den europ\u00e4ischen Nato-L\u00e4ndern kommt es zu immer mehr Vorf\u00e4llen, die die Handschrift des Kreml aufweisen. Russland tr\u00e4gt seinen Krieg damit immer tiefer in die Unterst\u00fctzerl\u00e4nder der Ukraine. Experten bef\u00fcrchten, dass ein offener Angriff auf Nato-Territorium die n\u00e4chste Eskalationsstufe sein k\u00f6nnte:<\/p>\n<p class=\"Typography_text-default__P3otY Typography_weight-normal__pqUbH storyline_paragraph_p__qSR5N\"><b class=\"bold\">+++ 08:00 Neun Todesopfer bei Angriff auf Kiew +++<\/b><\/p>\n<p class=\"Typography_text-default__P3otY Typography_weight-normal__pqUbH storyline_paragraph_p__qSR5N\">Bei den j\u00fcngsten Angriffen auf Kiew und Umgebung sind nach Beh\u00f6rdenangaben mindestens neun Menschen get\u00f6tet worden. Zun\u00e4chst waren vier Todesopfer gemeldet worden. Wie der Katastrophenschutz bei Telegram mitteilt, starben acht Menschen direkt in der ukrainischen Hauptstadt. Dort seien zudem f\u00fcnf Personen verletzt worden, darunter drei Kinder. In der Stadt Boryspil in der Region Kiew starb den Beh\u00f6rden zufolge ein Mensch. Neun weitere, darunter ein Kind, seien dort verletzt worden, teilt Gouverneur Tymur Tkatschenko ebenfalls auf Telegram mit. <\/p>\n<p class=\"Typography_text-default__P3otY Typography_weight-normal__pqUbH storyline_paragraph_p__qSR5N\"><b class=\"bold\">+++ 07:20 Russland hat Probleme bei seinem eigenen Satellitenprogramm +++<\/b><\/p>\n<p class=\"Typography_text-default__P3otY Typography_weight-normal__pqUbH storyline_paragraph_p__qSR5N\">Russlands zweite Charge von &#8222;Rasswet&#8220;-Satelliten hat offensichtlich die vorgesehene Betriebsh\u00f6he nicht erreicht. Das berichtet die US-Denkfabrik Institute for the Study of War (ISW) unter Verweis auf den Live-Satelliten-Tracker N2YO. Dies stelle einen weiteren R\u00fcckschlag f\u00fcr Moskaus Bem\u00fchungen dar, bald ein <a class=\"inline_link\" href=\"https:\/\/www.n-tv.de\/politik\/Ukraine-und-Russland-tuefteln-an-Unabhaengigkeit-von-Musk-id31223668.html\" target=\"_blank\" rel=\"nofollow noopener\">russisches Pendant zu Elon Musks Starlink<\/a> zu entwickeln.\u00a0Keiner der 16 am 19. Juli gestarteten Satelliten kam demnach auf 550 Kilometer H\u00f6he &#8211; vorgesehen seien 870 Kilometer. Viele der Satelliten erreichten zwischen 300 und 400 Kilometer, mindestens zwei steuern auf den Widereintritt in die Erdatmosph\u00e4re zu. Wegen des h\u00f6heren Luftwiderstands und Treibstoffverbrauchs haben Satelliten in niedrigerer H\u00f6he eine k\u00fcrzere Betriebsdauer, wie die ISW-Analysten erl\u00e4utern. Auch von den im M\u00e4rz gestarteten Satelliten schafften demnach nicht alle die vorgesehene H\u00f6he. Bis 2027 plant Russland nach ukrainischen Angaben knapp 300 Satelliten in der Umlaufbahn.<\/p>\n<p class=\"Typography_text-default__P3otY Typography_weight-normal__pqUbH storyline_paragraph_p__qSR5N\"><b class=\"bold\">+++ 06:39 Ukraine trifft offenbar wichtigen \u00d6l-Exporthafen weitab der Front +++<\/b><\/p>\n<p class=\"Typography_text-default__P3otY Typography_weight-normal__pqUbH storyline_paragraph_p__qSR5N\">Die Ukraine hat erneut den russischen Ostseehafen Ust-Luga bei Drohnenangriffen besch\u00e4digt. Das teilt der regionale Gouverneur Alexander Drosdenko mit, wie Kyiv Independent berichtet. Ust-Luga ist ein wichtiger Knotenpunkt f\u00fcr den \u00d6lexport und liegt in der N\u00e4he von St. Petersburg, also weit entfernt von der Grenze zur Ukraine.<\/p>\n<p class=\"Typography_text-default__P3otY Typography_weight-normal__pqUbH storyline_paragraph_p__qSR5N\"><b class=\"bold\">+++ 06:08 EU ber\u00e4t \u00fcber ukrainische und eigene Verteidigung +++<\/b><\/p>\n<p class=\"Typography_text-default__P3otY Typography_weight-normal__pqUbH storyline_paragraph_p__qSR5N\">Die Verteidigungsministerinnen und Verteidigungsminister\u00a0der\u00a0EU\u00a0beraten\u00a0am Vormittag im irischen Wicklow\u00a0\u00fcber\u00a0die weitere\u00a0Unterst\u00fctzung\u00a0der\u00a0Ukraine. Dabei wird es unter anderem um die Zusammenarbeit mit\u00a0der\u00a0ukrainischen\u00a0R\u00fcstungsindustrie gehen. Auch die Zukunft\u00a0der\u00a0EU-Mission Eumam zur Ausbildung\u00a0ukrainischer\u00a0Soldaten soll besprochen werden. Weiteres Thema\u00a0der\u00a0Gespr\u00e4che in dem K\u00fcstenort s\u00fcdlich von Dublin wird die EU-Weltraum-Strategie f\u00fcr Sicherheit\u00a0und\u00a0Verteidigung sein.\u00a0<\/p>\n<p class=\"Typography_text-default__P3otY Typography_weight-normal__pqUbH storyline_paragraph_p__qSR5N\"><b class=\"bold\">+++ 05:47 Gouverneur: Russland trifft mehrst\u00f6ckiges Wohnhaus nahe Kiew\u00a0+++<\/b><\/p>\n<p class=\"Typography_text-default__P3otY Typography_weight-normal__pqUbH storyline_paragraph_p__qSR5N\">Bei russischen Angriffen auf die ukrainische Hauptstadtregion wird in der Stadt Boryspil ein mehrst\u00f6ckiges Wohnhaus besch\u00e4digt. Das teilt der Gouverneur des Gebiets Kiew, Tymur Tkatschenko, bei Telegram mit. 48 Menschen werden demnach in Sicherheit gebracht. Ein Mensch sei ums Leben gekommen, als eine Industrieanlage in Boryspil getroffen worden sei, schreibt Tkatschenko weiter.\u00a0<\/p>\n<p class=\"Typography_text-default__P3otY Typography_weight-normal__pqUbH storyline_paragraph_p__qSR5N\"><b class=\"bold\">+++ 04:11 Bericht: Dutzende Explosionen ersch\u00fcttern Kiew &#8211; drei Menschen sterben\u00a0+++<\/b><\/p>\n<p class=\"Typography_text-default__P3otY Typography_weight-normal__pqUbH storyline_paragraph_p__qSR5N\">In der ukrainischen Hauptstadt Kiew sind am fr\u00fchen Morgen Dutzende Explosionen zu h\u00f6ren. Das berichtet das Medium Kyiv Independent. Demnach greift Russlands Milit\u00e4r mit ballistischen Raketen an. Es gebe drei Todesopfer. Vier weitere Menschen, darunter zwei Kinder, sind demnach verletzt. Die \u00f6rtlichen Beh\u00f6rden rufen die Menschen auf, Schutz zu suchen.\u00a0<\/p>\n<p class=\"Typography_text-default__P3otY Typography_weight-normal__pqUbH storyline_paragraph_p__qSR5N\"><b class=\"bold\">+++ 02:20 Gouverneur der Region Kiew r\u00e4t von Einschulungsfeiern ab\u00a0+++<\/b><\/p>\n<p class=\"Typography_text-default__P3otY Typography_weight-normal__pqUbH storyline_paragraph_p__qSR5N\">Der Regionalgouverneur der Oblast Kiew, Tymur Tkatschenko, r\u00e4t wegen anhaltender russischer Angriffe in der ukrainischen Hauptstadtregion davon ab, Einschulungsfeiern abzuhalten. In einem Beitrag in sozialen Medien schreibt er: &#8222;Heute wende ich mich an alle Eltern, Lehrkr\u00e4fte und Leiter von Bildungseinrichtungen: Sicherheit muss an erster Stelle stehen.&#8220; In Gebieten mit hohem Risiko solle aus diesem Grund auf gro\u00dfe Feierlichkeiten verzichtet werden. Am 1. September beginnt in der Ukraine das neue Schuljahr.\u00a0<\/p>\n<p class=\"Typography_text-default__P3otY Typography_weight-normal__pqUbH storyline_paragraph_p__qSR5N\"><b class=\"bold\">+++ 00:12 Bei Treffen von Putin und Xi ist der Ukraine-Krieg offenbar Nebensache\u00a0+++<\/b><\/p>\n<p class=\"Typography_text-default__P3otY Typography_weight-normal__pqUbH storyline_paragraph_p__qSR5N\">Russlands Pr\u00e4sident Wladimir Putin und Chinas Staatsoberhaupt Xi Jinping sprechen w\u00e4hrend des Treffens der Shanghaier Organisation f\u00fcr Zusammenarbeit in Kirgistan nur am Rande \u00fcber den Ukraine-Krieg. Das teilt russischen Medienberichten zufolge Kreml-Sprecher Dmitri Peskow mit. Die russische Wirtschaft h\u00e4ngt seit dem russischen Einmarsch in die Ukraine wegen der westlichen Sanktionen zunehmend von China ab. Europa hatte Peking aufgerufen, seinen Einfluss auf Moskau zu nutzen und das Land zu einer Beendigung des Kriegs zu bewegen.\u00a0<\/p>\n<p class=\"Typography_text-default__P3otY Typography_weight-normal__pqUbH storyline_paragraph_p__qSR5N\"><b class=\"bold\">+++ 22:10 &#8222;Ende des Krieges einschlagen&#8220;: Indien erh\u00f6ht Druck auf Putin\u00a0+++<\/b><\/p>\n<p class=\"Typography_text-default__P3otY Typography_weight-normal__pqUbH storyline_paragraph_p__qSR5N\">Indiens Premierminister Narendra\u00a0Modi\u00a0hat bei einem Treffen\u00a0mit\u00a0Kremlchef Wladimir\u00a0Putin\u00a0in Kirgistan die Notwendigkeit eines Kriegsendes angesprochen. Indien unterst\u00fctze alle Friedensbem\u00fchungen, sagt\u00a0Modi\u00a0bei dem\u00a0Gespr\u00e4ch\u00a0am Rande des Gipfels der Shanghaier Organisation f\u00fcr Zusammenarbeit in der kirgisischen Hauptstadt Bischkek. Der Weg von einem endlosen Krieg hin zum Ende des Krieges m\u00fcsse eingeschlagen werden.\u00a0Putin\u00a0entgegnete, dass Russland angeblich auf dem Weg sei.<\/p>\n<p class=\"Typography_text-default__P3otY Typography_weight-normal__pqUbH storyline_paragraph_p__qSR5N\">Alle fr\u00fcheren Entwicklungen k\u00f6nnen Sie <a class=\"inline_link\" href=\"https:\/\/www.n-tv.de\/politik\/22-10-Ende-des-Krieges-einschlagen-Indien-erhoeht-Druck-auf-Putin-id31253579.html\" target=\"_blank\" rel=\"nofollow noopener\">hier nachverfolgen.<\/a><\/p>\n","protected":false},"excerpt":{"rendered":"Ukraine-Krieg im Liveticker+++ 13:13 Opferzahl in Kiew steigt auf zw\u00f6lf Tote +++ Bei den massiven russischen Angriffen auf&hellip;\n","protected":false},"author":2,"featured_media":1258449,"comment_status":"","ping_status":"","sticky":false,"template":"","format":"standard","meta":{"footnotes":"","_share_on_mastodon":"0"},"categories":[4012],"tags":[331,332,661,7225,13,929,7226,3286,14,1159,15,16,307,12,317,3081,306,107],"class_list":["post-1273708","post","type-post","status-publish","format-standard","has-post-thumbnail","category-ukraine","tag-aktuelle-nachrichten","tag-aktuelle-news","tag-angriff-auf-die-ukraine","tag-cyberwar","tag-headlines","tag-kriege-und-konflikte","tag-kriegsverbrechen","tag-militaereinsaetze","tag-nachrichten","tag-nato","tag-news","tag-politik","tag-russland","tag-schlagzeilen","tag-ukraine","tag-ukraine-konflikt","tag-wladimir-putin","tag-wolodymyr-selenskyj"],"share_on_mastodon":{"url":"https:\/\/pubeurope.com\/@de\/117195668018566058","error":""},"_links":{"self":[{"href":"https:\/\/www.europesays.com\/de\/wp-json\/wp\/v2\/posts\/1273708","targetHints":{"allow":["GET"]}}],"collection":[{"href":"https:\/\/www.europesays.com\/de\/wp-json\/wp\/v2\/posts"}],"about":[{"href":"https:\/\/www.europesays.com\/de\/wp-json\/wp\/v2\/types\/post"}],"author":[{"embeddable":true,"href":"https:\/\/www.europesays.com\/de\/wp-json\/wp\/v2\/users\/2"}],"replies":[{"embeddable":true,"href":"https:\/\/www.europesays.com\/de\/wp-json\/wp\/v2\/comments?post=1273708"}],"version-history":[{"count":0,"href":"https:\/\/www.europesays.com\/de\/wp-json\/wp\/v2\/posts\/1273708\/revisions"}],"wp:featuredmedia":[{"embeddable":true,"href":"https:\/\/www.europesays.com\/de\/wp-json\/wp\/v2\/media\/1258449"}],"wp:attachment":[{"href":"https:\/\/www.europesays.com\/de\/wp-json\/wp\/v2\/media?parent=1273708"}],"wp:term":[{"taxonomy":"category","embeddable":true,"href":"https:\/\/www.europesays.com\/de\/wp-json\/wp\/v2\/categories?post=1273708"},{"taxonomy":"post_tag","embeddable":true,"href":"https:\/\/www.europesays.com\/de\/wp-json\/wp\/v2\/tags?post=1273708"}],"curies":[{"name":"wp","href":"https:\/\/api.w.org\/{rel}","templated":true}]}}