{"id":1273737,"date":"2026-09-01T12:22:16","date_gmt":"2026-09-01T12:22:16","guid":{"rendered":"https:\/\/www.europesays.com\/de\/1273737\/"},"modified":"2026-09-01T12:22:16","modified_gmt":"2026-09-01T12:22:16","slug":"zuege-rollen-wieder-oberleitungsschaden-zwischen-minden-und-hannover-behoben-minden-aktuelle-news-nachrichten","status":"publish","type":"post","link":"https:\/\/www.europesays.com\/de\/1273737\/","title":{"rendered":"Z\u00fcge rollen wieder: Oberleitungsschaden zwischen Minden und Hannover behoben | Minden: Aktuelle News &#038; Nachrichten"},"content":{"rendered":"<p class=\"em_text article-teaser-text\">Die Reparatur einer Oberleitung zwischen Minden und Hannover dauerte Stunden: Am Dienstag kam es im Bahnverkehr zu Ausf\u00e4llen, Teilausf\u00e4llen, Umleitungen, Haltausf\u00e4llen und Versp\u00e4tungen.<\/p>\n<p>3 \u20ac im ersten Monat!<\/p>\n<p>Immer gut informiert<\/p>\n<p><a href=\"https:\/\/www.mt.de\/abo\/checkout?abos=W7VN_4461&amp;em_cnt=24408351&amp;em_loc=22535\" class=\"btn btn-primary funnel-entry\" data-upscore-conversion=\"https:\/\/www.mt.de\/lokales\/minden\/1\" data-label=\"Artikel-Overlay\" data-product=\"MT+ Monatsabo\" data-price=\"12 EUR\/Monat\" style=\"background-color: #F6DE59;border-color: #F6DE59;padding: 15px 40px;margin: 15px 0 10px 0;border-radius: 5px;width: 55%;font-weight: 600;color: #000000;\" rel=\"nofollow noopener\" target=\"_blank\">Angebot sichern<\/a><\/p>\n<p>monatlich k\u00fcndbar<\/p>\n<p> Inklusive MT+-Updates per E-Mail<br \/> Weniger Werbung<\/p>\n<ul class=\"zahlungsartenlist\">\n<li style=\"width: 75px;margin-right: 15px;\" class=\"\"><img decoding=\"async\" src=\"https:\/\/www.europesays.com\/de\/wp-content\/uploads\/2026\/09\/lastschrift.jpg\" alt=\"SEPA Lastschrift\" style=\"width: 100%;\" class=\"\"\/><\/li>\n<li class=\"css-1iu4cbu e134pfud3\" style=\"width: 90px;margin-left: 5px;\"><img decoding=\"async\" src=\"https:\/\/www.europesays.com\/de\/wp-content\/uploads\/2026\/07\/paypal.png\" alt=\"PayPal\" style=\"width: 100%;\" class=\"\"\/><\/li>\n<\/ul>\n<p>Bereits Abonnent?<\/p>\n<p><a class=\"paywallbtnlogin\" href=\"#anmeldung\" style=\"color: white;font-size: 1rem;text-decoration:none;border: 1px var(--white) solid;padding: 10px 110px;margin-bottom: 20px !important;display: initial;border-radius: 0\">Anmelden<\/a><\/p>\n<p class=\"d-none text-center mt-4 noabo\">Noch kein Abo? <a class=\"text-underline\" style=\"color:#fff!important;text-decoration: underline;\" href=\"https:\/\/www.mt.de\/abo\/checkout?abos=W7VN_4461&amp;utm_source=paywall&amp;utm_medium=mt&amp;utm_campaign=cookie-abonnent&amp;utm_id=Cookie-Abonnent\" target=\"_blank\" rel=\"nofollow noopener\">Hier testen!<\/a><\/p>\n","protected":false},"excerpt":{"rendered":"Die Reparatur einer Oberleitung zwischen Minden und Hannover dauerte Stunden: Am Dienstag kam es im Bahnverkehr zu Ausf\u00e4llen,&hellip;\n","protected":false},"author":2,"featured_media":1273738,"comment_status":"","ping_status":"","sticky":false,"template":"","format":"standard","meta":{"footnotes":"","_share_on_mastodon":"0"},"categories":[1836],"tags":[2227,45534,3364,29,30,114488,46,85922,229797,1613,22055,1411,2228,5736,4125,5087,36421,4073,2898,3811],"class_list":["post-1273737","post","type-post","status-publish","format-standard","has-post-thumbnail","category-hannover","tag-bahnverkehr","tag-bueckeburg","tag-de","tag-deutschland","tag-germany","tag-haltausfall","tag-hannover","tag-label_2500-s","tag-meta_prio_1","tag-meta_userneeds_informieremich","tag-minden","tag-niedersachsen","tag-oberleitung","tag-oberleitungsschaden","tag-pendler","tag-reparatur","tag-teilausfall","tag-umleitung","tag-verspaetung","tag-wunstorf"],"share_on_mastodon":{"url":"https:\/\/pubeurope.com\/@de\/117195767547762775","error":""},"_links":{"self":[{"href":"https:\/\/www.europesays.com\/de\/wp-json\/wp\/v2\/posts\/1273737","targetHints":{"allow":["GET"]}}],"collection":[{"href":"https:\/\/www.europesays.com\/de\/wp-json\/wp\/v2\/posts"}],"about":[{"href":"https:\/\/www.europesays.com\/de\/wp-json\/wp\/v2\/types\/post"}],"author":[{"embeddable":true,"href":"https:\/\/www.europesays.com\/de\/wp-json\/wp\/v2\/users\/2"}],"replies":[{"embeddable":true,"href":"https:\/\/www.europesays.com\/de\/wp-json\/wp\/v2\/comments?post=1273737"}],"version-history":[{"count":0,"href":"https:\/\/www.europesays.com\/de\/wp-json\/wp\/v2\/posts\/1273737\/revisions"}],"wp:featuredmedia":[{"embeddable":true,"href":"https:\/\/www.europesays.com\/de\/wp-json\/wp\/v2\/media\/1273738"}],"wp:attachment":[{"href":"https:\/\/www.europesays.com\/de\/wp-json\/wp\/v2\/media?parent=1273737"}],"wp:term":[{"taxonomy":"category","embeddable":true,"href":"https:\/\/www.europesays.com\/de\/wp-json\/wp\/v2\/categories?post=1273737"},{"taxonomy":"post_tag","embeddable":true,"href":"https:\/\/www.europesays.com\/de\/wp-json\/wp\/v2\/tags?post=1273737"}],"curies":[{"name":"wp","href":"https:\/\/api.w.org\/{rel}","templated":true}]}}