{"id":1273741,"date":"2026-09-01T12:24:32","date_gmt":"2026-09-01T12:24:32","guid":{"rendered":"https:\/\/www.europesays.com\/de\/1273741\/"},"modified":"2026-09-01T12:24:32","modified_gmt":"2026-09-01T12:24:32","slug":"fussball-bekannter-name-dynamo-dresden-holt-bundesliga-juwel-sport","status":"publish","type":"post","link":"https:\/\/www.europesays.com\/de\/1273741\/","title":{"rendered":"Fu\u00dfball: Bekannter Name! Dynamo Dresden holt Bundesliga-Juwel | Sport"},"content":{"rendered":"<p><a class=\"skip-content skip-content--link\" href=\"#in-content-skip-link-target-v-0-0\">TTS-Player \u00fcberspringen\u21b5<\/a><a id=\"in-content-skip-link-target-v-0-0\" class=\"skip-content--target-link-hidden skip-content skip-content--target-link\" href=\"#in-content-skip-link-target-v-0-0\">Artikel weiterlesen<\/a><\/p>\n<p><b>Am Deadline-Day kommt bei Dynamo Dresden nochmal richtig Bewegung rein! Nach dem Verkauf von Jonas Oehmichen (22) zu Alemannia Aachen haben die Sachsen doch noch einen Ersatz an Land gezogen.<\/b><\/p>\n<p>Nach BILD-Informationen ist die SGD dabei in der Bundesliga f\u00fcndig geworden: Von Werder Bremen wird Patrice Covic (19) ausgeliehen. Der junge Kroate kann im zentralen Mittelfeld \u00fcberall eingesetzt werden, gilt als absolutes Top-Talent.<\/p>\n<p>Mehr zum Thema<\/p>\n<p>Der Sohn des fr\u00fcheren Hertha-Trainers Ante Covic (50) wechselte 2024 von Berlin zur U19 der Bremer, sammelte in der vergangenen Saison immerhin schon \u00fcber 300 Bundesliga-Minuten. Allerdings hat der kroatische U21-Nationalspieler (Marktwert: 4 Mio. Euro) im Bremer Mittelfeld enorme Konkurrenz. Deshalb stimmen die Norddeutschen auf Wunsch von Covic jetzt doch einer Leihe zu, um ihm Spielpraxis zu erm\u00f6glichen. Zuerst hatte Sky \u00fcber den sich anbahnenden Wechsel berichtet.<\/p>\n<p><img decoding=\"async\" width=\"992\" height=\"558\" alt=\"Gilt als Top-Talent: Patrice Covic wechselt auf Leihbasis von Bremen nach Dresden\" loading=\"lazy\" src=\"https:\/\/www.europesays.com\/de\/wp-content\/uploads\/2026\/09\/ffec9525ecf579f236646d7419cb90d1,85a5ba8.jpeg\"   class=\"landscape\"\/><\/p>\n<p class=\"fig__caption__text\">Gilt als Top-Talent: Patrice Covic wechselt auf Leihbasis von Bremen nach Dresden<\/p>\n<p>Foto: gumzmedia<\/p>\n<p>Bedeutet im Umkehrschluss aber auch: Die Einsatzchancen f\u00fcr Nils Fr\u00f6ling (26) sinken weiter. Im Sturm hat der Ami mit schwedischem Pass in Vincent Vermeij, Christoph Daferner und Neuzugang Kennedy Okpala \u00fcberm\u00e4chtige Konkurrenz, auf den Fl\u00fcgeln kommt er an Ben Bobzien, Jakob Lemmer und Kaan Inanoglu nicht vorbei. Und durch die Verpflichtung von Covic ist trotz des Abgangs von Jonas Oehmichen auch das ohnehin top besetzte Zentrum f\u00fcr Fr\u00f6ling quasi zu. <\/p>\n<p>Abl\u00f6se f\u00fcr Oehmichen gleich reinvestiert<\/p>\n<p>Apropos Oehmichen: Dynamo-Sportchef S\u00f6ren Gonther sagt <a href=\"https:\/\/www.bild.de\/sport\/fussball\/2-bundesliga-transfer-kehrtwende-bei-dynamo-dresden-6a946fe7518a586e1855d813\" class=\"text-link\" rel=\"nofollow noopener\" target=\"_blank\">zu dessen Abgang<\/a>: \u201eIn den zur\u00fcckliegenden Tagen kam Oehmi mit dem deutlichen Wunsch auf uns zu, den Verein zu verlassen und in Aachen seine n\u00e4chsten Schritte zu gehen. Er hat \u00fcber viele Jahre alles f\u00fcr Dynamo gegeben. Entsprechend galt es f\u00fcr uns, wenn nicht mehr von beiden Seiten die volle \u00dcberzeugung da ist, seine Entscheidung zu akzeptieren und eine gute L\u00f6sung zu finden, von der wir auch zuk\u00fcnftig partizipieren k\u00f6nnen.\u201c <\/p>\n<p>Damit sind vor allem die rund 500.000 Euro gemeint, die <a href=\"https:\/\/www.bild.de\/sport\/fussball\/dynamo-dresden\/startseite-dynamo-46789412.bild.html\" class=\"text-link\" rel=\"nofollow noopener\" target=\"_blank\">Dynamo Dresden<\/a> von Aachen als Abl\u00f6se plus m\u00f6glicher Boni kassiert \u2013 und gleich in die Neuzug\u00e4nge Okpala und Covic investiert.<\/p>\n","protected":false},"excerpt":{"rendered":"TTS-Player \u00fcberspringen\u21b5Artikel weiterlesen Am Deadline-Day kommt bei Dynamo Dresden nochmal richtig Bewegung rein! Nach dem Verkauf von Jonas&hellip;\n","protected":false},"author":2,"featured_media":1273742,"comment_status":"","ping_status":"","sticky":false,"template":"","format":"standard","meta":{"footnotes":"","_share_on_mastodon":"0"},"categories":[1835],"tags":[621,262996,299,262995,3364,29,2386,3766,347,30,859,803,3460,537],"class_list":["post-1273741","post","type-post","status-publish","format-standard","has-post-thumbnail","category-dresden","tag-2-bundesliga","tag-ante-covic","tag-bundesliga","tag-covic-patrice","tag-de","tag-deutschland","tag-dresden","tag-dynamo-dresden","tag-fussball","tag-germany","tag-sachsen","tag-spielertransfer","tag-sport-leuchtturm-leipzig","tag-werder-bremen"],"share_on_mastodon":{"url":"https:\/\/pubeurope.com\/@de\/117195773824784499","error":""},"_links":{"self":[{"href":"https:\/\/www.europesays.com\/de\/wp-json\/wp\/v2\/posts\/1273741","targetHints":{"allow":["GET"]}}],"collection":[{"href":"https:\/\/www.europesays.com\/de\/wp-json\/wp\/v2\/posts"}],"about":[{"href":"https:\/\/www.europesays.com\/de\/wp-json\/wp\/v2\/types\/post"}],"author":[{"embeddable":true,"href":"https:\/\/www.europesays.com\/de\/wp-json\/wp\/v2\/users\/2"}],"replies":[{"embeddable":true,"href":"https:\/\/www.europesays.com\/de\/wp-json\/wp\/v2\/comments?post=1273741"}],"version-history":[{"count":0,"href":"https:\/\/www.europesays.com\/de\/wp-json\/wp\/v2\/posts\/1273741\/revisions"}],"wp:featuredmedia":[{"embeddable":true,"href":"https:\/\/www.europesays.com\/de\/wp-json\/wp\/v2\/media\/1273742"}],"wp:attachment":[{"href":"https:\/\/www.europesays.com\/de\/wp-json\/wp\/v2\/media?parent=1273741"}],"wp:term":[{"taxonomy":"category","embeddable":true,"href":"https:\/\/www.europesays.com\/de\/wp-json\/wp\/v2\/categories?post=1273741"},{"taxonomy":"post_tag","embeddable":true,"href":"https:\/\/www.europesays.com\/de\/wp-json\/wp\/v2\/tags?post=1273741"}],"curies":[{"name":"wp","href":"https:\/\/api.w.org\/{rel}","templated":true}]}}