{"id":1273758,"date":"2026-09-01T12:37:17","date_gmt":"2026-09-01T12:37:17","guid":{"rendered":"https:\/\/www.europesays.com\/de\/1273758\/"},"modified":"2026-09-01T12:37:17","modified_gmt":"2026-09-01T12:37:17","slug":"friedrichstrasse-ab-mittwoch-2-september-wieder-befahrbar","status":"publish","type":"post","link":"https:\/\/www.europesays.com\/de\/1273758\/","title":{"rendered":"Friedrichstra\u00dfe ab Mittwoch, 2. September, wieder befahrbar"},"content":{"rendered":"<p>Die Landeshauptstadt D\u00fcsseldorf hat heute, Dienstag, 1. September 2026, die Fahrbahn der Friedrichstra\u00dfe zwischen Herzogstra\u00dfe und Luisenstra\u00dfe asphaltieren lassen. Ab morgen, Mittwoch, 2. September, 6 Uhr, wird die derzeit noch bestehende Sperrung aufgehoben. Die Friedrichstra\u00dfe ist damit zum Schulstart wieder durchgehend bis zur Graf-Adolf-Stra\u00dfe befahrbar.<\/p>\n<p><strong>Hintergrund der Arbeiten<\/strong><br \/>Die Arbeiten an der Friedrichstra\u00dfe waren Teil des st\u00e4dtebaulichen und verkehrlichen Gesamtprojekts &#8222;Mitte-S\u00fcd&#8220;. Mit der Inbetriebnahme der Wehrhahn-Linie sind die fr\u00fcher oberirdisch verlaufenden Stra\u00dfenbahngleise auf der Friedrichstra\u00dfe entfallen. Dadurch wurde Raum f\u00fcr eine grundlegende Neuordnung und Aufwertung des Stra\u00dfenraums geschaffen. Die Neugestaltung umfasst die Friedrichstra\u00dfe sowie angrenzende Stra\u00dfen und Bereiche und erstreckt sich insgesamt \u00fcber rund f\u00fcnf Kilometer. Ziel ist es, die Friedrichstra\u00dfe als leistungsf\u00e4hige innerst\u00e4dtische Verkehrsachse zu erhalten und gleichzeitig die Bedingungen f\u00fcr den Rad- und Fu\u00dfverkehr sowie die Aufenthaltsqualit\u00e4t zu verbessern.<\/p>\n<p>Im Bereich zwischen F\u00fcrstenwall und Graf-Adolf-Platz wird die Friedrichstra\u00dfe k\u00fcnftig als urbane Gesch\u00e4ftsstra\u00dfe mit neu geordnetem Verkehrsraum gestaltet. Vorgesehen sind unter anderem ein durchg\u00e4ngiger, rund zweieinhalb Meter breiter Radfahrstreifen mit Sicherheitstrennstreifen, breitere Seitenr\u00e4ume sowie multifunktionale Fl\u00e4chen f\u00fcr Liefer- und Ladeverkehr, Fahrradabstellanlagen, Begr\u00fcnung und Aufenthaltsbereiche. Im Abschnitt zwischen Herzogstra\u00dfe und Graf-Adolf-Platz ist zudem Tempo 30 vorgesehen.<\/p>\n<p>Der eigentlichen Neugestaltung gingen umfangreiche Arbeiten im Untergrund voraus. So wurde der Mischwasserkanal zwischen F\u00fcrstenwall und Luisenstra\u00dfe auf rund 392 Metern erneuert. Gleichzeitig wurden Versorgungsleitungen f\u00fcr Strom, Gas und Wasser modernisiert und das Fernw\u00e4rmenetz ausgebaut. Die Oberfl\u00e4chengestaltung erfolgt deshalb abschnittsweise und schlie\u00dft nun auch die Fahrbahnerneuerung zwischen Herzogstra\u00dfe und Luisenstra\u00dfe ein.<\/p>\n<p>Ein aktuelles Foto der Friedrichstra\u00dfe ist abrufbar unter:\u00a0<a href=\"https:\/\/duesseldorf.canto.de\/b\/LFCNO\" target=\"_blank\" rel=\"noreferrer nofollow noopener\">https:\/\/duesseldorf.canto.de\/b\/LFCNO<\/a><\/p>\n","protected":false},"excerpt":{"rendered":"Die Landeshauptstadt D\u00fcsseldorf hat heute, Dienstag, 1. September 2026, die Fahrbahn der Friedrichstra\u00dfe zwischen Herzogstra\u00dfe und Luisenstra\u00dfe asphaltieren&hellip;\n","protected":false},"author":2,"featured_media":3624,"comment_status":"","ping_status":"","sticky":false,"template":"","format":"standard","meta":{"footnotes":"","_share_on_mastodon":"0"},"categories":[1831],"tags":[3364,29,3405,30,3467,1209,2218,7557],"class_list":["post-1273758","post","type-post","status-publish","format-standard","has-post-thumbnail","category-duesseldorf","tag-de","tag-deutschland","tag-duesseldorf","tag-germany","tag-landeshauptstadt","tag-nordrhein-westfalen","tag-rathaus","tag-stadtverwaltung"],"share_on_mastodon":{"url":"https:\/\/pubeurope.com\/@de\/117195823408063916","error":""},"_links":{"self":[{"href":"https:\/\/www.europesays.com\/de\/wp-json\/wp\/v2\/posts\/1273758","targetHints":{"allow":["GET"]}}],"collection":[{"href":"https:\/\/www.europesays.com\/de\/wp-json\/wp\/v2\/posts"}],"about":[{"href":"https:\/\/www.europesays.com\/de\/wp-json\/wp\/v2\/types\/post"}],"author":[{"embeddable":true,"href":"https:\/\/www.europesays.com\/de\/wp-json\/wp\/v2\/users\/2"}],"replies":[{"embeddable":true,"href":"https:\/\/www.europesays.com\/de\/wp-json\/wp\/v2\/comments?post=1273758"}],"version-history":[{"count":0,"href":"https:\/\/www.europesays.com\/de\/wp-json\/wp\/v2\/posts\/1273758\/revisions"}],"wp:featuredmedia":[{"embeddable":true,"href":"https:\/\/www.europesays.com\/de\/wp-json\/wp\/v2\/media\/3624"}],"wp:attachment":[{"href":"https:\/\/www.europesays.com\/de\/wp-json\/wp\/v2\/media?parent=1273758"}],"wp:term":[{"taxonomy":"category","embeddable":true,"href":"https:\/\/www.europesays.com\/de\/wp-json\/wp\/v2\/categories?post=1273758"},{"taxonomy":"post_tag","embeddable":true,"href":"https:\/\/www.europesays.com\/de\/wp-json\/wp\/v2\/tags?post=1273758"}],"curies":[{"name":"wp","href":"https:\/\/api.w.org\/{rel}","templated":true}]}}