{"id":1273761,"date":"2026-09-01T12:40:37","date_gmt":"2026-09-01T12:40:37","guid":{"rendered":"https:\/\/www.europesays.com\/de\/1273761\/"},"modified":"2026-09-01T12:40:37","modified_gmt":"2026-09-01T12:40:37","slug":"wenn-ein-kind-oder-ein-elternteil-stirbt-begleiter-fuer-familien-gesucht-nachrichten-aus-dem-rems-murr-kreis","status":"publish","type":"post","link":"https:\/\/www.europesays.com\/de\/1273761\/","title":{"rendered":"Wenn ein Kind oder ein Elternteil stirbt: Begleiter f\u00fcr Familien gesucht &#8211; Nachrichten aus dem Rems-Murr-Kreis"},"content":{"rendered":"<p><strong>Rems-Murr-Kreis.<\/strong> Wenn Kinder und Jugendliche  von Abschied, Sterben und Tod betroffen sind, ben\u00f6tigen sie und ihre Bezugspersonen nicht selten besondere Aufmerksamkeit und Unterst\u00fctzung. Der Kinder- und Jugendhospizdienst Sternentraum begleitet im Rems-Murr-Kreis Familien, in denen lebensverk\u00fcrzend erkrankte Kinder und Jugendliche leben. Nun sucht der Hospizdienst Menschen, die ehrenamtlich Familien in dieser schwierigen Zeit begleiten.<\/p>\n<p>Der Kinder- und<\/p>\n","protected":false},"excerpt":{"rendered":"Rems-Murr-Kreis. Wenn Kinder und Jugendliche von Abschied, Sterben und Tod betroffen sind, ben\u00f6tigen sie und ihre Bezugspersonen nicht&hellip;\n","protected":false},"author":2,"featured_media":1273762,"comment_status":"","ping_status":"","sticky":false,"template":"","format":"standard","meta":{"footnotes":"","_share_on_mastodon":"0"},"categories":[1830],"tags":[1634,3364,29,30,263004,21142,1441,3259,4448,232602],"class_list":["post-1273761","post","type-post","status-publish","format-standard","has-post-thumbnail","category-stuttgart","tag-baden-wuerttemberg","tag-de","tag-deutschland","tag-germany","tag-kinderhospizdienst-sternentraum","tag-sterben","tag-stuttgart","tag-tod","tag-trauer","tag-un_beruehre-mich"],"share_on_mastodon":{"url":"https:\/\/pubeurope.com\/@de\/117195834761069222","error":""},"_links":{"self":[{"href":"https:\/\/www.europesays.com\/de\/wp-json\/wp\/v2\/posts\/1273761","targetHints":{"allow":["GET"]}}],"collection":[{"href":"https:\/\/www.europesays.com\/de\/wp-json\/wp\/v2\/posts"}],"about":[{"href":"https:\/\/www.europesays.com\/de\/wp-json\/wp\/v2\/types\/post"}],"author":[{"embeddable":true,"href":"https:\/\/www.europesays.com\/de\/wp-json\/wp\/v2\/users\/2"}],"replies":[{"embeddable":true,"href":"https:\/\/www.europesays.com\/de\/wp-json\/wp\/v2\/comments?post=1273761"}],"version-history":[{"count":0,"href":"https:\/\/www.europesays.com\/de\/wp-json\/wp\/v2\/posts\/1273761\/revisions"}],"wp:featuredmedia":[{"embeddable":true,"href":"https:\/\/www.europesays.com\/de\/wp-json\/wp\/v2\/media\/1273762"}],"wp:attachment":[{"href":"https:\/\/www.europesays.com\/de\/wp-json\/wp\/v2\/media?parent=1273761"}],"wp:term":[{"taxonomy":"category","embeddable":true,"href":"https:\/\/www.europesays.com\/de\/wp-json\/wp\/v2\/categories?post=1273761"},{"taxonomy":"post_tag","embeddable":true,"href":"https:\/\/www.europesays.com\/de\/wp-json\/wp\/v2\/tags?post=1273761"}],"curies":[{"name":"wp","href":"https:\/\/api.w.org\/{rel}","templated":true}]}}