{"id":1273789,"date":"2026-09-01T13:03:16","date_gmt":"2026-09-01T13:03:16","guid":{"rendered":"https:\/\/www.europesays.com\/de\/1273789\/"},"modified":"2026-09-01T13:03:16","modified_gmt":"2026-09-01T13:03:16","slug":"berlin-die-bruecke-schauspielerin-cordula-trantow-gestorben","status":"publish","type":"post","link":"https:\/\/www.europesays.com\/de\/1273789\/","title":{"rendered":"Berlin | \u00abDie Br\u00fccke\u00bb: Schauspielerin Cordula Trantow gestorben"},"content":{"rendered":"<p>Berlin (dpa) &#8211; Die Schauspielerin Cordula Trantow (\u00abDie Br\u00fccke\u00bb) ist tot. Sie sei nach kurzer, schwerer Krankheit im Alter von 83 Jahren im Kreise ihrer Familie gestorben, teilte ihre Agentur mit. Trantow wurde w\u00e4hrend des Zweiten Weltkriegs in Berlin geboren und lebte lange in Bayern.<\/p>\n<p>Ihren Durchbruch hatte sie Ende der 1950er Jahre mit dem\u00a0Antikriegsfilm \u00abDie Br\u00fccke\u00bb. Es folgten Angebote aus Hollywood. 1962 schl\u00fcpfte sie in der US-Produktion \u00abHitler\u00bb in die Rolle von Adolf Hitlers Nichte und wurde f\u00fcr den Golden Globe nominiert.<\/p>\n<p>Doch schon fr\u00fch kehrte der Nachwuchsstar der Traumfabrik Hollywood den R\u00fccken. \u00abDas bedeutete mir \u00fcberhaupt nichts\u00bb, sagte Trantow der Deutschen Presse-Agentur in einem Interview vor einigen Jahren. Der innere Kompass habe sie in eine andere Richtung gef\u00fchrt.<\/p>\n<p>Spielte auch in Fernsehkrimis mit<\/p>\n<p>Die gelernte Ballettt\u00e4nzerin machte Station an renommierten Theatern, etwa in M\u00fcnchen und Stuttgart. Sie arbeitete auch als Regisseurin und gr\u00fcndete den Weilheimer Theatersommer, der mit einer umstrittenen \u00abFaust\u00bb-Inszenierung Schlagzeilen machte. Au\u00dferdem war sie in zahlreichen Krimiserien wie \u00abDerrick\u00bb und \u00abDer Alte\u00bb zu sehen.<\/p>\n<p>Der Film \u00abDie Br\u00fccke\u00bb habe ihr damals alle T\u00fcren ge\u00f6ffnet und sei ein Geschenk gewesen, sagte sie einmal. \u00abIch treffe immer noch Menschen und besonders M\u00e4nner, die behaupten, ich sei der Schwarm ihrer Jugend gewesen &#8211; unter anderem Ex-Bundeskanzler Gerhard Schr\u00f6der.\u00bb<\/p>\n<p>Neben ihrem gro\u00dfen Engagement f\u00fcr das klassische Theater habe Trantow ein unverkennbares Faible f\u00fcr das Komische gehabt und gerne entsprechende Rollen \u00fcbernommen, hie\u00df es in einer Mitteilung der Agentur Nicolai in Berlin. Die Schauspielerin starb demnach am 12. August.<\/p>\n","protected":false},"excerpt":{"rendered":"Berlin (dpa) &#8211; Die Schauspielerin Cordula Trantow (\u00abDie Br\u00fccke\u00bb) ist tot. Sie sei nach kurzer, schwerer Krankheit im&hellip;\n","protected":false},"author":2,"featured_media":1273790,"comment_status":"","ping_status":"","sticky":false,"template":"","format":"standard","meta":{"footnotes":"","_share_on_mastodon":"0"},"categories":[1825],"tags":[772,296,29,441,92,30,94],"class_list":["post-1273789","post","type-post","status-publish","format-standard","has-post-thumbnail","category-berlin","tag-bayern","tag-berlin","tag-deutschland","tag-fernsehen","tag-film","tag-germany","tag-theater"],"share_on_mastodon":{"url":"","error":""},"_links":{"self":[{"href":"https:\/\/www.europesays.com\/de\/wp-json\/wp\/v2\/posts\/1273789","targetHints":{"allow":["GET"]}}],"collection":[{"href":"https:\/\/www.europesays.com\/de\/wp-json\/wp\/v2\/posts"}],"about":[{"href":"https:\/\/www.europesays.com\/de\/wp-json\/wp\/v2\/types\/post"}],"author":[{"embeddable":true,"href":"https:\/\/www.europesays.com\/de\/wp-json\/wp\/v2\/users\/2"}],"replies":[{"embeddable":true,"href":"https:\/\/www.europesays.com\/de\/wp-json\/wp\/v2\/comments?post=1273789"}],"version-history":[{"count":0,"href":"https:\/\/www.europesays.com\/de\/wp-json\/wp\/v2\/posts\/1273789\/revisions"}],"wp:featuredmedia":[{"embeddable":true,"href":"https:\/\/www.europesays.com\/de\/wp-json\/wp\/v2\/media\/1273790"}],"wp:attachment":[{"href":"https:\/\/www.europesays.com\/de\/wp-json\/wp\/v2\/media?parent=1273789"}],"wp:term":[{"taxonomy":"category","embeddable":true,"href":"https:\/\/www.europesays.com\/de\/wp-json\/wp\/v2\/categories?post=1273789"},{"taxonomy":"post_tag","embeddable":true,"href":"https:\/\/www.europesays.com\/de\/wp-json\/wp\/v2\/tags?post=1273789"}],"curies":[{"name":"wp","href":"https:\/\/api.w.org\/{rel}","templated":true}]}}