{"id":1273805,"date":"2026-09-01T13:15:30","date_gmt":"2026-09-01T13:15:30","guid":{"rendered":"https:\/\/www.europesays.com\/de\/1273805\/"},"modified":"2026-09-01T13:15:30","modified_gmt":"2026-09-01T13:15:30","slug":"david-beckham-als-hobbygaertner-victoria-zeigt-seine-beeindruckende-ernte-unterhaltung","status":"publish","type":"post","link":"https:\/\/www.europesays.com\/de\/1273805\/","title":{"rendered":"David Beckham als Hobbyg\u00e4rtner: Victoria zeigt seine beeindruckende Ernte | Unterhaltung"},"content":{"rendered":"<p><a class=\"skip-content skip-content--link\" href=\"#in-content-skip-link-target-v-0-0\">TTS-Player \u00fcberspringen\u21b5<\/a><a id=\"in-content-skip-link-target-v-0-0\" class=\"skip-content--target-link-hidden skip-content skip-content--target-link\" href=\"#in-content-skip-link-target-v-0-0\">Artikel weiterlesen<\/a><\/p>\n<p>Cotswolds (England) \u2013 <b>Als Fu\u00dfballer ist David Beckham (51) eine Legende. Und auch im heimischen Gem\u00fcsebeet macht ihm so schnell keiner was vor. Ehefrau Victoria (52) zeigt auf Instagram stolz seine Rekordernte im privaten Garten. Die Stimmung ist ausgelassen \u2013 bis dem Spice Girl ein kleines Missgeschick passiert! <\/b><\/p>\n<p>Nach ihrem ausgedehnten Jacht-Urlaub im Mittelmeer sind die Beckhams zur\u00fcck auf ihrem Landsitz in den englischen Cotswolds. Dort f\u00fchrt der Ex-Fu\u00dfballer seine Ehefrau Victoria (52) durch sein gr\u00fcnes Reich. Er erntet. Sie filmt. Und beide kommen aus dem Staunen kaum heraus! <\/p>\n<p><img decoding=\"async\" width=\"992\" height=\"1178\" alt=\"David und Victoria Beckham lieben das Landleben, haben in den Cotswolds in Oxfordshire ein au\u00dfergew\u00f6hnliches Landanwesen, das sie 2016 f\u00fcr 6,15 Millionen Pfund (rund 7,18 Millionen Euro) kauften\" loading=\"lazy\" src=\"https:\/\/www.europesays.com\/de\/wp-content\/uploads\/2026\/09\/c52524044c4985223728f260ba31be9c,b7c2b607.jpeg\"   class=\"portrait\"\/><\/p>\n<p class=\"fig__caption__text\">David und Victoria Beckham (52) lieben das Landleben, haben in den Cotswolds in Oxfordshire ein au\u00dfergew\u00f6hnliches Landanwesen, das sie 2016 f\u00fcr 6,15 Millionen Pfund (rund 7,18 Millionen Euro) kauften<\/p>\n<p>Foto: davidbeckham\/Instagram<\/p>\n<p>Vom Fu\u00dfballstar zum Starg\u00e4rtner: David Beckham hat den gr\u00fcnen Daumen!<a class=\"anchor video-teaser__anchor\" href=\"https:\/\/www.bild.de\/unterhaltung\/stars-und-leute\/vom-fussballstar-zum-stargaertner-david-beckham-hat-den-gruenen-daumen-6a9696127a8c285934e6e64e\" rel=\"nofollow noopener\" target=\"_blank\"><img decoding=\"async\" width=\"992\" height=\"558\" alt=\"\" loading=\"lazy\" src=\"https:\/\/www.europesays.com\/de\/wp-content\/uploads\/2026\/09\/6b6cf052701bf54d17fd2d09fc7a62f3-landscape,10de477d.jpeg\"   class=\"landscape teaser__image\"\/><\/a><\/p>\n<p>Quelle: Victoria Beckham\/Instagram01.09.2026<\/p>\n<p>\u201eSo eine Form habe ich noch nie gesehen\u201c<\/p>\n<p>Vor allem ein K\u00fcrbis der besonderen Art bringt Victoria in Wallung. Als David das lange Riesenteil in die Kamera h\u00e4lt, ruft seine Ehefrau erstaunt: \u201eSo eine Form habe ich noch nie gesehen! Ich wei\u00df gar nicht, was ich sagen soll \u2013 aber wow, seht euch das an!\u201c<\/p>\n<p><img decoding=\"async\" width=\"992\" height=\"1178\" alt=\"Was f\u00fcr ein Ding! Fu\u00dfball-Legende David Beckham zeigt stolz einen K\u00fcrbis, den er selbst im heimischen Garten gez\u00fcchtet hat\" loading=\"lazy\" src=\"https:\/\/www.europesays.com\/de\/wp-content\/uploads\/2026\/09\/bf702355fb3399f467b4f1e96f7da3e2,b0f2d185.jpeg\"   class=\"portrait\"\/><\/p>\n<p class=\"fig__caption__text\">Was f\u00fcr ein Ding! Fu\u00dfball-Legende David Beckham zeigt stolz einen K\u00fcrbis, den er selbst im heimischen Garten gez\u00fcchtet hat<\/p>\n<p>Foto: victoriabeckham\/Instagram<\/p>\n<p><img decoding=\"async\" width=\"992\" height=\"1178\" alt=\"Der lang geformte K\u00fcrbis erstaunt die Beckhams\" loading=\"lazy\" src=\"https:\/\/www.europesays.com\/de\/wp-content\/uploads\/2026\/09\/ba7ce8f55e91c69bdd7a155b1e6163b2,7c52707e.jpeg\"   class=\"portrait\"\/><\/p>\n<p class=\"fig__caption__text\">Der lang geformte K\u00fcrbis erstaunt die Beckhams<\/p>\n<p>Foto: victoriabeckham\/Instagram<\/p>\n<p>Mit seinem extra angelegten K\u00fcrbisbeet hat der Ex-Kicker einen ganz konkreten Plan: \u201eIch m\u00f6chte K\u00fcrbisse f\u00fcr Halloween haben.\u201c Lachend fragt er seine Frau mit Blick auf das lange Exemplar: \u201eAber ich wei\u00df nicht, wo du darauf das Gesicht malen willst.\u201c<\/p>\n<p>Mehr zum Thema\u201eSeht euch die Gr\u00f6\u00dfe an!\u201c <\/p>\n<p>Neben dem heimlichen Star der Gartenschau hat Superg\u00e4rtner <a href=\"https:\/\/www.bild.de\/themen\/personen\/david-beckham\/fussball-nachrichten-news-fotos-videos-15796132.bild.html\" class=\"text-link\" rel=\"nofollow noopener\" target=\"_blank\">David Beckham aber <\/a>noch mehr zu bieten. Stolz h\u00e4lt er eine Knoblauchknolle in die Kamera und staunt: \u201eSeht euch die Gr\u00f6\u00dfe an!\u201c Seine Liebste Victoria best\u00e4tigt: \u201eDas ist beeindruckend.\u201c<\/p>\n<p><img decoding=\"async\" width=\"992\" height=\"1178\" alt=\"David zeigt stolz eine Knoblauchknolle aus seinem Garten\" loading=\"lazy\" src=\"https:\/\/www.europesays.com\/de\/wp-content\/uploads\/2026\/09\/2ac2bda8a66174e9535c4da65464b5b4,b5095659.jpeg\"   class=\"portrait\"\/><\/p>\n<p class=\"fig__caption__text\">David zeigt stolz eine Knoblauchknolle aus seinem Garten<\/p>\n<p>Foto: victoriabeckham\/Instagram<\/p>\n<p>Auch sein Lauch kann sich sehen lassen. David schw\u00e4rmt: \u201eDas sind keine Fr\u00fchlingszwiebeln aus dem Supermarkt. Seht euch das an!\u201c Sogar seine selbst gez\u00fcchteten Pflaumen bekommen das Beckham-G\u00fctesiegel: \u201eFantastisch!\u201c<\/p>\n<p><img decoding=\"async\" width=\"992\" height=\"1261\" alt=\"Besser als im Supermarkt! David Beckham schw\u00f6rt auf seine Lauchgew\u00e4chse\" loading=\"lazy\" src=\"https:\/\/www.europesays.com\/de\/wp-content\/uploads\/2026\/09\/a77e5bb851c90026a262227f72a53276,c121639.jpeg\"   class=\"dynamic\"\/><\/p>\n<p class=\"fig__caption__text\">Besser als im Supermarkt! David Beckham schw\u00f6rt auf seine Lauchgew\u00e4chse<\/p>\n<p>Foto: victoriabeckham\/Instagram<\/p>\n<p>Bei seinen Eiern versteht David keinen Spa\u00df<\/p>\n<p>Im H\u00fchnerstall wartet die n\u00e4chste Erfolgsmeldung. \u201eWir haben Eier! Wir haben Fr\u00fchst\u00fcck f\u00fcr morgen!\u201c, verk\u00fcndet David Beckham begeistert.<\/p>\n<p><img decoding=\"async\" width=\"992\" height=\"913\" alt=\"Hier wird nicht im H\u00fchnerstall Motorrad gefahren, sondern schwer geschuftet. David freut sich \u00fcber seine Eier-Ausbeute\" loading=\"lazy\" src=\"https:\/\/www.europesays.com\/de\/wp-content\/uploads\/2026\/09\/2b6eb5833df773e45f87d9caa778b621,2f59fb54.jpeg\"   class=\"dynamic\"\/><\/p>\n<p class=\"fig__caption__text\">Hier wird nicht im H\u00fchnerstall Motorrad gefahren, sondern schwer geschuftet. David freut sich \u00fcber seine Eier-Ausbeute<\/p>\n<p>Foto: victoriabeckham\/Instagram<\/p>\n<p>Doch sp\u00e4ter kippt die Stimmung. \u201eOh mein Gott. Schau, was du angerichtet hast!\u201c, ruft David entsetzt in Richtung Victoria. Vorwurfsvoll zeigt er in Richtung Boden, wo ein kaputtes Ei liegt. Kleinlaut gibt <a href=\"https:\/\/www.bild.de\/themen\/personen\/victoria-beckham\/musik-nachrichten-news-fotos-videos-15803658.bild.html\" class=\"text-link\" rel=\"nofollow noopener\" target=\"_blank\">Victoria Beckham <\/a>zu: \u201eIch bin aus Versehen auf ein Ei getreten. Es tut mir so leid.\u201c David kann es kaum fassen: \u201eAll die harte Arbeit, die darin steckt\u00a0\u2026\u201c<\/p>\n<p><img decoding=\"async\" width=\"992\" height=\"1671\" alt=\"David ist sauer! wa\u00b4\" loading=\"lazy\" src=\"https:\/\/www.europesays.com\/de\/wp-content\/uploads\/2026\/09\/d7d56652cbd5843032c50ccd0d40f588,8a9b70d3.jpeg\"   class=\"dynamic\"\/><\/p>\n<p class=\"fig__caption__text\">David ist sauer! Und schuld ist Ehefrau Victoria. Denn &#8230;<\/p>\n<p>Foto: victoriabeckham\/Instagram<\/p>\n<p><img decoding=\"async\" width=\"992\" height=\"1178\" alt=\"Eins der sch\u00f6nen frischen Eier ist kaputt! Das versteht David keinen Spa\u00df!\" loading=\"lazy\" src=\"https:\/\/www.europesays.com\/de\/wp-content\/uploads\/2026\/09\/f2dff01f71b502d8d37cb05cf385276a,68b05959.jpeg\"   class=\"portrait\"\/><\/p>\n<p class=\"fig__caption__text\">&#8230; eins der sch\u00f6nen frischen Eier ist kaputt! Da versteht David keinen Spa\u00df!<\/p>\n<p>Foto: victoriabeckham\/Instagram<\/p>\n<p>\u201eMeine Lippen brennen!\u201c<\/p>\n<p>Zum Schluss f\u00fchrt Beckham auch noch durch sein Gew\u00e4chshaus. Dort wachsen nach seiner Einsch\u00e4tzung die \u201egro\u00dfartigsten Tomaten\u201c, au\u00dferdem selbst gezogene Chilischoten. Weil er scharfes Essen liebt, bei\u00dft David kurzerhand in eine hinein. Nur Sekunden sp\u00e4ter verzieht er sein Gesicht und st\u00f6hnt: \u201eMeine Lippen brennen!\u201c Beim Chili-Essen muss der Superg\u00e4rtner also noch ein bisschen trainieren.<\/p>\n<p><img decoding=\"async\" width=\"992\" height=\"558\" alt=\"Das Beckham-Anwesen in den englischen Cotswolds \u2013 ihr gro\u00dfz\u00fcgiger, aus ehemaligen Farmgeb\u00e4uden entstandener Landsitz\" loading=\"lazy\" src=\"https:\/\/www.europesays.com\/de\/wp-content\/uploads\/2026\/09\/9111729f4f65a5cb1fe1ca68b7405fc4,3c5cc128.jpeg\"   class=\"landscape\"\/><\/p>\n<p class=\"fig__caption__text\">Das Beckham-Anwesen in den englischen Cotswolds \u2013 ihr gro\u00dfz\u00fcgiger, aus ehemaligen Farmgeb\u00e4uden entstandener Landsitz<\/p>\n<p>Foto: \/SplashNews.com<\/p>\n","protected":false},"excerpt":{"rendered":"TTS-Player \u00fcberspringen\u21b5Artikel weiterlesen Cotswolds (England) \u2013 Als Fu\u00dfballer ist David Beckham (51) eine Legende. Und auch im heimischen&hellip;\n","protected":false},"author":2,"featured_media":1273806,"comment_status":"","ping_status":"","sticky":false,"template":"","format":"standard","meta":{"footnotes":"","_share_on_mastodon":"0"},"categories":[155],"tags":[5174,10867,29,14011,214,598,58811,30,198954,22025,138370,215],"class_list":["post-1273805","post","type-post","status-publish","format-standard","has-post-thumbnail","category-unterhaltung","tag-beckham-david","tag-beckham-victoria","tag-deutschland","tag-eier","tag-entertainment","tag-garten","tag-gaertner","tag-germany","tag-knoblauch","tag-kuerbis","tag-team-first","tag-unterhaltung"],"share_on_mastodon":{"url":"https:\/\/pubeurope.com\/@de\/117195979010666728","error":""},"_links":{"self":[{"href":"https:\/\/www.europesays.com\/de\/wp-json\/wp\/v2\/posts\/1273805","targetHints":{"allow":["GET"]}}],"collection":[{"href":"https:\/\/www.europesays.com\/de\/wp-json\/wp\/v2\/posts"}],"about":[{"href":"https:\/\/www.europesays.com\/de\/wp-json\/wp\/v2\/types\/post"}],"author":[{"embeddable":true,"href":"https:\/\/www.europesays.com\/de\/wp-json\/wp\/v2\/users\/2"}],"replies":[{"embeddable":true,"href":"https:\/\/www.europesays.com\/de\/wp-json\/wp\/v2\/comments?post=1273805"}],"version-history":[{"count":0,"href":"https:\/\/www.europesays.com\/de\/wp-json\/wp\/v2\/posts\/1273805\/revisions"}],"wp:featuredmedia":[{"embeddable":true,"href":"https:\/\/www.europesays.com\/de\/wp-json\/wp\/v2\/media\/1273806"}],"wp:attachment":[{"href":"https:\/\/www.europesays.com\/de\/wp-json\/wp\/v2\/media?parent=1273805"}],"wp:term":[{"taxonomy":"category","embeddable":true,"href":"https:\/\/www.europesays.com\/de\/wp-json\/wp\/v2\/categories?post=1273805"},{"taxonomy":"post_tag","embeddable":true,"href":"https:\/\/www.europesays.com\/de\/wp-json\/wp\/v2\/tags?post=1273805"}],"curies":[{"name":"wp","href":"https:\/\/api.w.org\/{rel}","templated":true}]}}