{"id":1273821,"date":"2026-09-01T13:24:22","date_gmt":"2026-09-01T13:24:22","guid":{"rendered":"https:\/\/www.europesays.com\/de\/1273821\/"},"modified":"2026-09-01T13:24:22","modified_gmt":"2026-09-01T13:24:22","slug":"hza-ki-zoll-vereidigt-36-nachwuchskraefte-in-kiel-mehr-als-400-bewerbungen-fuer","status":"publish","type":"post","link":"https:\/\/www.europesays.com\/de\/1273821\/","title":{"rendered":"HZA-KI: Zoll vereidigt 36 Nachwuchskr\u00e4fte in Kiel &#8211; mehr als 400 Bewerbungen f\u00fcr &#8230;"},"content":{"rendered":"<p class=\"date\">01.09.2026 \u2013 15:13<\/p>\n<p class=\"customer\">\n                        <a class=\"story-customer\" title=\"weiter zum newsroom von Hauptzollamt Kiel\" href=\"https:\/\/www.presseportal.de\/blaulicht\/nr\/121233\" rel=\"nofollow noopener\" target=\"_blank\">Hauptzollamt Kiel<\/a>\n                    <\/p>\n<p><a class=\"glightbox event-trigger\" href=\"https:\/\/cache.pressmailing.net\/thumbnail\/story_hires\/0c41752b-84f3-4a42-b5ef-7a944e34e845\/HZA_Kiel_NWK_2026.jpg.jpg\" data-description=\"Die 36 Nachwuchskr\u00e4fte des HZA Kiel; Quelle: HZA Kiel. Die Personen sind mit einer Ver\u00f6ffentlichung des Bildes und des Namens einverstanden. Personen von links nach rechts: 1. Laura Brick 2. Lola Nele Vartanov 3. Bennet Matern 4. Nico Hansen 5. Nico Junge 6. Marvin Mundt 7. Bjarne Schulz 8. Jens Erwin Wilhelm Schneider 9. Markus Nagel 10. Marla Engel 11. Tayler Zeglin 12. Imke Pommerening 13. Lasse Tobias Grimm 14. Adriane Clemens 15. Patrice Alexander Bebane 16. Lena Marie Urban 17. Silas Barnert 18. Leiter des HZA Kiel, Robert D\u00fctsch 19. Maurice Joel M\u00f6ller 20. Dorle Euhus 21. Peter Bosse 22. Tore G\u00f6ttsches 23. Julia Maria Josephine Dei\u00df 24. Nick Andrias (gD) 25. Kim-Marvin Gercke 26. Natalia Maria Kalska (gD) 27. Marcel Marek 28. Lara-Sophie R\u00f6schmann (gD) 29. Jesper Schr\u00f6der (gD) 30. Cathrin Kleine (gD) 31. Tom Twesten (gD) 32. Aileen Madeleine Fischer (gD) 33. Marvin Besuch (gD) 34. Raymond Jay Gosselk (gD) 35. Marvin Rusch 36. Tom Linsmayer 37. Tiara-Lina Wolf 38. Ausbildungsleitung Cornelia Jerzembeck\" data-category=\"medialightbox\" data-action=\"click\" data-label=\"single\" data-value=\"6a96cf65270000fd2cc1e195\" rel=\"nofollow noopener\" target=\"_blank\"><img decoding=\"async\" height=\"540\" with=\"720\" src=\"https:\/\/www.europesays.com\/de\/wp-content\/uploads\/2026\/09\/hza-ki-zoll-vereidigt-36-nachwuchskr-fte-in-kiel-mehr-als-400-bewerbungen-f-r-ausbildung-und-studium.jpeg\"   alt=\"HZA-KI: Zoll vereidigt 36 Nachwuchskr\u00e4fte in Kiel - mehr als 400 Bewerbungen f\u00fcr Ausbildung und Studium beim Hauptzollamt Kiel\" class=\"single\"\/><\/a><\/p>\n<p><a data-category=\"citylink-story-view\" data-action=\"click\" data-label=\"Citylink in Meldungsansicht\" class=\"story-city event-trigger\" href=\"https:\/\/www.presseportal.de\/regional\/Kiel%2C%20Schleswig-Holstein%2C%20Bundesrepublik%20Deutschland\" title=\"News aus Kiel, Schleswig-Holstein, Bundesrepublik Deutschland \" rel=\"nofollow noopener\" target=\"_blank\">Kiel, Schleswig-Holstein, Bundesrepublik Deutschland<\/a> (ots)<\/p>\n<p>Kiel, 1. September 2026 &#8211; 36 Nachwuchskr\u00e4fte haben heute beim Hauptzollamt Kiel ihren beruflichen Weg beim Zoll begonnen. Im Rahmen ihrer Vereidigung wurden 27 Anw\u00e4rterinnen und Anw\u00e4rter f\u00fcr den mittleren und 9 f\u00fcr den gehobenen Zolldienst zu Beamtinnen und Beamten auf Widerruf ernannt.<\/p>\n<p>Das Interesse an einer beruflichen Zukunft beim Zoll war gro\u00df. Mehr als 400 Bewerbungen gingen f\u00fcr den Einstellungsjahrgang September 2026 beim Hauptzollamt Kiel ein. Nach Abschluss der jeweiligen Auswahlverfahren fiel die Entscheidung schlie\u00dflich auf die 36 Nachwuchskr\u00e4fte, die nun ihre Ausbildung beziehungsweise ihr duales Studium beginnen.<\/p>\n<p>Auch bundesweit verst\u00e4rkt der Zoll seine Reihen: Zum 1. September starten insgesamt 1.750 Nachwuchskr\u00e4fte &#8211; 1.300 im mittleren und 450 im gehobenen Zolldienst.<\/p>\n<p>F\u00fcr die 27 Anw\u00e4rterinnen und Anw\u00e4rter des mittleren Dienstes beginnt eine zweij\u00e4hrige Ausbildung, in der sich fachtheoretische Abschnitte und praktische Ausbildungsphasen abwechseln. Die 9 Nachwuchskr\u00e4fte des gehobenen Dienstes absolvieren ein dreij\u00e4hriges duales Studium, das wissenschaftliche Grundlagen mit intensiven Praxisphasen verbindet. Die praktischen Ausbildungs- und Studienabschnitte f\u00fchren die Nachwuchskr\u00e4fte in verschiedene Arbeitsbereiche des Hauptzollamts Kiel; die fachtheoretischen Abschnitte absolvieren sie an den Bildungseinrichtungen beziehungsweise Hochschulen des Bundes.<\/p>\n<p>Neu seit diesem Jahr:<\/p>\n<p>Von Beginn an werden die Anw\u00e4rterinnen und Anw\u00e4rter mit Dienstkleidung ausgestattet. Damit wird ihre Zugeh\u00f6rigkeit zum Zoll schon w\u00e4hrend der Ausbildung und des Studiums auch nach au\u00dfen sichtbar.<\/p>\n<p>&#8222;Wer heute beim Zoll startet, entscheidet sich f\u00fcr weit mehr als einen sicheren Arbeitsplatz. Unsere Nachwuchskr\u00e4fte \u00fcbernehmen Verantwortung f\u00fcr Staat und Gesellschaft und werden k\u00fcnftig dazu beitragen, dass der Zoll seinen wichtigen Auftrag f\u00fcr unser Gemeinwesen weiterhin erf\u00fcllen kann. Wir freuen uns, 36 neue Kolleginnen und Kollegen bei uns willkommen zu hei\u00dfen&#8220;, so Robert D\u00fctsch, Leiter des Hauptzollamts Kiel.<\/p>\n<p>Die Aufgaben, auf die sich die Nachwuchskr\u00e4fte vorbereiten, sind vielf\u00e4ltig: Z\u00f6llnerinnen und Z\u00f6llner sichern Steuereinnahmen, \u00fcberwachen den grenz\u00fcberschreitenden Warenverkehr, bek\u00e4mpfen Schmuggel, Schwarzarbeit und illegale Besch\u00e4ftigung und sorgen f\u00fcr fairen Wettbewerb. Gleichzeitig sch\u00fctzen sie Verbraucherinnen und Verbraucher vor gef\u00e4hrlichen Waren und tragen zur Stabilit\u00e4t unserer Wirtschafts- und Sozialsysteme bei.<\/p>\n<p>Nach erfolgreichem Abschluss er\u00f6ffnen sich den Nachwuchskr\u00e4ften zahlreiche Einsatzm\u00f6glichkeiten innerhalb der Zollverwaltung. Der Zoll \u00fcbernimmt grunds\u00e4tzlich alle geeigneten Nachwuchskr\u00e4fte und bietet damit neben einer qualifizierten Ausbildung beziehungsweise einem dualen Studium auch langfristige berufliche Perspektiven im Bundesdienst.<\/p>\n<p>Auch f\u00fcr den n\u00e4chsten Einstellungsjahrgang sucht der Zoll bereits Nachwuchs. Noch bis zum 15. Oktober 2026 k\u00f6nnen sich Interessierte f\u00fcr eine Einstellung zum 1. September 2027 bewerben. Zur Auswahl stehen die Ausbildung im mittleren Zolldienst sowie die dualen Studieng\u00e4nge im gehobenen Zolldienst und in der Verwaltungsinformatik.<br \/>\nAusf\u00fchrliche Informationen zu Bewerbung, Einstellung, Ausbildung und Studium gibt es unter <a target=\"_blank\" class=\"uri-ext outbound\" rel=\"noopener nofollow\" href=\"https:\/\/www.zoll-karriere.de\">www.zoll-karriere.de<\/a> sowie auf <a target=\"_blank\" class=\"uri-ext outbound\" rel=\"noopener nofollow\" href=\"https:\/\/www.zoll.de\">www.zoll.de<\/a> im Bereich &#8222;Karriere&#8220;.<\/p>\n<p>Zusatzinformation<\/p>\n<p>Die Ausbildung im mittleren Zolldienst dauert zwei Jahre und verbindet fachtheoretische Ausbildungsabschnitte mit praktischen Eins\u00e4tzen. Das duale Studium im gehobenen Zolldienst dauert drei Jahre und schlie\u00dft mit dem akademischen Grad &#8222;Bachelor of Laws (LL.B.)&#8220; ab.<\/p>\n<p>F\u00fcr Fragen zur Ausbildung im mittleren oder zum dualen Studium im gehobenen Zolldienst beim Hauptzollamt Kiel steht das Team Nachwuchskr\u00e4ftegewinnung unter der Telefonnummer 0431 20083-1271 oder per E-Mail an <a href=\"https:\/\/www.presseportal.de\/blaulicht\/pm\/121233\/mailto:einstellung.hza-kiel@zoll.bund.de\" class=\"uri-mailto\" rel=\"nofollow noopener\" target=\"_blank\">einstellung.hza-kiel@zoll.bund.de<\/a> zur Verf\u00fcgung.<\/p>\n<p>Informationen zum Studium der Verwaltungsinformatik beim Zoll erteilt die Generalzolldirektion, Direktion I, Dienstort M\u00fcnster, unter der Telefonnummer 0228 303-14364 oder per E-Mail an <a href=\"https:\/\/www.presseportal.de\/blaulicht\/pm\/121233\/mailto:Bewerbungen-VIT@zoll.bund.de\" class=\"uri-mailto\" rel=\"nofollow noopener\" target=\"_blank\">Bewerbungen-VIT@zoll.bund.de<\/a>.<\/p>\n<p class=\"contact-headline\">R\u00fcckfragen bitte an:<\/p>\n<p class=\"contact-text\">Hauptzollamt Kiel<br \/>Gabriele Oder<br \/>Telefon: 0431-20083-1106<br \/>Mobil: 016091162783<br \/>E-Mail: <a href=\"https:\/\/www.presseportal.de\/blaulicht\/pm\/121233\/mailto:presse.hza-kiel@zoll.bund.de\" class=\"uri-mailto\" rel=\"nofollow noopener\" target=\"_blank\">presse.hza-kiel@zoll.bund.de<\/a><br \/><a target=\"_blank\" class=\"uri-ext outbound\" rel=\"noopener nofollow\" href=\"https:\/\/www.zoll.de\">www.zoll.de<\/a><\/p>\n<p class=\"originator\">Original-Content von: Hauptzollamt Kiel, \u00fcbermittelt durch news aktuell<\/p>\n","protected":false},"excerpt":{"rendered":"01.09.2026 \u2013 15:13 Hauptzollamt Kiel Kiel, Schleswig-Holstein, Bundesrepublik Deutschland (ots) Kiel, 1. September 2026 &#8211; 36 Nachwuchskr\u00e4fte haben&hellip;\n","protected":false},"author":2,"featured_media":1273822,"comment_status":"","ping_status":"","sticky":false,"template":"","format":"standard","meta":{"footnotes":"","_share_on_mastodon":"0"},"categories":[1852],"tags":[3886,630,3364,29,548,663,3934,30,13,1722,1710,4949,14,15,178,180,179,181,12,1971,17990,615],"class_list":["post-1273821","post","type-post","status-publish","format-standard","has-post-thumbnail","category-kiel","tag-ausbildung","tag-beruf","tag-de","tag-deutschland","tag-eu","tag-europa","tag-europe","tag-germany","tag-headlines","tag-jugendliche","tag-karriere","tag-kiel","tag-nachrichten","tag-news","tag-presse","tag-pressemeldung","tag-pressemitteilung","tag-pressemitteilungen","tag-schlagzeilen","tag-schleswig-holstein","tag-sh","tag-zoll"],"share_on_mastodon":{"url":"https:\/\/pubeurope.com\/@de\/117196010145434292","error":""},"_links":{"self":[{"href":"https:\/\/www.europesays.com\/de\/wp-json\/wp\/v2\/posts\/1273821","targetHints":{"allow":["GET"]}}],"collection":[{"href":"https:\/\/www.europesays.com\/de\/wp-json\/wp\/v2\/posts"}],"about":[{"href":"https:\/\/www.europesays.com\/de\/wp-json\/wp\/v2\/types\/post"}],"author":[{"embeddable":true,"href":"https:\/\/www.europesays.com\/de\/wp-json\/wp\/v2\/users\/2"}],"replies":[{"embeddable":true,"href":"https:\/\/www.europesays.com\/de\/wp-json\/wp\/v2\/comments?post=1273821"}],"version-history":[{"count":0,"href":"https:\/\/www.europesays.com\/de\/wp-json\/wp\/v2\/posts\/1273821\/revisions"}],"wp:featuredmedia":[{"embeddable":true,"href":"https:\/\/www.europesays.com\/de\/wp-json\/wp\/v2\/media\/1273822"}],"wp:attachment":[{"href":"https:\/\/www.europesays.com\/de\/wp-json\/wp\/v2\/media?parent=1273821"}],"wp:term":[{"taxonomy":"category","embeddable":true,"href":"https:\/\/www.europesays.com\/de\/wp-json\/wp\/v2\/categories?post=1273821"},{"taxonomy":"post_tag","embeddable":true,"href":"https:\/\/www.europesays.com\/de\/wp-json\/wp\/v2\/tags?post=1273821"}],"curies":[{"name":"wp","href":"https:\/\/api.w.org\/{rel}","templated":true}]}}