{"id":1273831,"date":"2026-09-01T13:34:14","date_gmt":"2026-09-01T13:34:14","guid":{"rendered":"https:\/\/www.europesays.com\/de\/1273831\/"},"modified":"2026-09-01T13:34:14","modified_gmt":"2026-09-01T13:34:14","slug":"reinhard-ernst-der-mann-der-ein-90-millionen-museum-verschenkt","status":"publish","type":"post","link":"https:\/\/www.europesays.com\/de\/1273831\/","title":{"rendered":"Reinhard Ernst: Der Mann, der ein 90-Millionen-Museum verschenkt"},"content":{"rendered":"<p class=\"text-18 leading-17 user-text-lg:text-22 user-text-xl:text-24\">&#8222;Als Christ glaube ich, dass Gott einen lenkt&#8220;, sagt Ernst. Er nennt es &#8222;Kismet&#8220;, weil ihm dieses Wort besser gef\u00e4llt als &#8222;Vorbestimmung&#8220;.<\/p>\n<p class=\"text-18 leading-17 user-text-lg:text-22 user-text-xl:text-24\">&#8222;Zuf\u00e4lle&#8220;, erkl\u00e4rt er, &#8222;sind ein Teil einer gr\u00f6\u00dferen F\u00fcgung, deren Sinn wir oft erst sp\u00e4ter erkennen, wenn \u00fcberhaupt. Meinen Weg kann ich selbst gestalten \u2013 trotzdem ist er vorgezeichnet.&#8220; Die Gedanken reichen bei Ernst weit \u00fcber die Frage hinaus, welchen Weg er im Leben einschl\u00e4gt. &#8222;Auch der Zeitpunkt des Todes steht fest. Vor dem habe ich keine Angst. Eher davor, nicht zu wissen, unter welchen Umst\u00e4nden er stattfindet.&#8220;<\/p>\n<p class=\"text-18 leading-17 user-text-lg:text-22 user-text-xl:text-24\">Es ist ein bemerkenswerter Gegensatz: Ernst glaubt daran, dass der Weg in gewisser Weise vorgegeben ist \u2013 und \u00fcberl\u00e4sst im Alltag m\u00f6glichst wenig dem Zufall.<\/p>\n<p>&#8222;Das schwei\u00dft noch mehr zusammen&#8220;<\/p>\n<p class=\"text-18 leading-17 user-text-lg:text-22 user-text-xl:text-24\">Viele seiner Entscheidungen trifft er seit Jahrzehnten nicht allein. Mit seiner Frau Sonja ist er seit 56 Jahren verheiratet, seit mehr als 60 Jahren kennen sie sich. &#8222;Wenn man gemeinsam bei null angefangen hat wie wir, schwei\u00dft das noch mehr zusammen.&#8220; Beide, sagt Ernst, seien gleicherma\u00dfen perfektionistisch veranlagt. &#8222;Ich kann nicht akzeptieren, dass etwas weniger gut gemacht wird, als man es machen k\u00f6nnte. Und Sonja denkt genauso.&#8220;<\/p>\n<p class=\"text-18 leading-17 user-text-lg:text-22 user-text-xl:text-24\">Sie haben gelernt, sich gut zu erg\u00e4nzen. &#8222;Ich bin immer der Treiber, sie z\u00fcgelt.&#8220; Damit kann er gut leben. Denn er hat viele Ideen \u2013 und wei\u00df selbst, dass sich nicht jede davon unbedingt umsetzen l\u00e4sst. &#8222;Da ist es wunderbar, jemanden zu haben, der manchmal auch zu bremsen versucht.&#8220;<\/p>\n<p class=\"text-18 leading-17 user-text-lg:text-22 user-text-xl:text-24\">Kontrolle ist ein Wort, das bei Ernst h\u00e4ufig auftaucht. Er will Dinge, die ihm wichtig sind, selbst in der Hand behalten, Entscheidungen nachvollziehen k\u00f6nnen, sich nicht darauf verlassen m\u00fcssen, dass andere es schon richten. &#8222;Bei unseren Projekten tragen wir die Verantwortung \u2013 und da behalten wir gerne die Kontrolle.&#8220;<\/p>\n<p>Sein B\u00fcrostuhl ist ein Schleudersitz<\/p>\n<p class=\"text-18 leading-17 user-text-lg:text-22 user-text-xl:text-24\">Das gilt auch f\u00fcr das, was von ihnen bleiben soll. Gemeinsam gr\u00fcndeten Reinhard und Sonja Ernst eine Stiftung, in die nach seinem Tod auch das Verm\u00f6gen flie\u00dfen soll. Neben dem Museum ist die Stiftung auch Tr\u00e4ger eines Musikhauses \u2013 und einer Begegnungsst\u00e4tte in Natori, jener japanischen Hafenstadt, die 2011 vom <a href=\"https:\/\/www.t-online.de\/themen\/erdbeben\/\" class=\"transition-colors cursor-pointer no-underline md:hover:text-magenta md:focus:text-magenta border-b border-solid border-current text-salemsfur md:hover:border-magenta\" data-tracking=\"{&quot;action&quot;:&quot;click&quot;,&quot;category&quot;:&quot;intextLink&quot;,&quot;label&quot;:&quot;\/themen\/erdbeben\/&quot;}\" data-sctrack=\"BodyAnchor\" rel=\"nofollow noopener\" target=\"_blank\">Erdbeben<\/a> und <a href=\"https:\/\/www.t-online.de\/themen\/tsunami\/\" class=\"transition-colors cursor-pointer no-underline md:hover:text-magenta md:focus:text-magenta border-b border-solid border-current text-salemsfur md:hover:border-magenta\" data-tracking=\"{&quot;action&quot;:&quot;click&quot;,&quot;category&quot;:&quot;intextLink&quot;,&quot;label&quot;:&quot;\/themen\/tsunami\/&quot;}\" data-sctrack=\"BodyAnchor\" rel=\"nofollow noopener\" target=\"_blank\">Tsunami<\/a> schwer getroffen wurde. Entworfen wurde das Haus vom bekannten japanischen Architekten Fumihiko Maki, der sp\u00e4ter auch das Museum Reinhard Ernst in <a href=\"https:\/\/www.t-online.de\/themen\/wiesbaden\/\" class=\"transition-colors cursor-pointer no-underline md:hover:text-magenta md:focus:text-magenta border-b border-solid border-current text-salemsfur md:hover:border-magenta\" data-tracking=\"{&quot;action&quot;:&quot;click&quot;,&quot;category&quot;:&quot;intextLink&quot;,&quot;label&quot;:&quot;\/themen\/wiesbaden\/&quot;}\" data-sctrack=\"BodyAnchor\" rel=\"nofollow noopener\" target=\"_blank\">Wiesbaden<\/a> plante \u2013 in enger Abstimmung mit seinem Bauherrn.<\/p>\n<p class=\"text-18 leading-17 user-text-lg:text-22 user-text-xl:text-24\">Das Stiftungsb\u00fcro liegt im Villenviertel Wiesbadens, in der ersten Etage eines gro\u00dfen Hauses, in unmittelbarer Nachbarschaft zu seiner privaten Villa. Der Konferenztisch besteht aus Teilen eines Lockheed F-104 Starfighters. Gegen\u00fcber seinem Schreibtisch steht ein alter Schleudersitz eines Kampfjets, den Ernst fr\u00fcher als B\u00fcrostuhl nutzte. Der Schleudersitz sei aber nie benutzt worden, sagt er und lacht.<\/p>\n","protected":false},"excerpt":{"rendered":"&#8222;Als Christ glaube ich, dass Gott einen lenkt&#8220;, sagt Ernst. Er nennt es &#8222;Kismet&#8220;, weil ihm dieses Wort&hellip;\n","protected":false},"author":2,"featured_media":1273832,"comment_status":"","ping_status":"","sticky":false,"template":"","format":"standard","meta":{"footnotes":"","_share_on_mastodon":"0"},"categories":[1847],"tags":[326,522,3364,29,548,663,3934,27533,30,13,2052,263019,14,15,263018,12,66817,4544],"class_list":["post-1273831","post","type-post","status-publish","format-standard","has-post-thumbnail","category-wiesbaden","tag-326","tag-522","tag-de","tag-deutschland","tag-eu","tag-europa","tag-europe","tag-forsa","tag-germany","tag-headlines","tag-hessen","tag-museumsprachtbau","tag-nachrichten","tag-news","tag-reinhard-ernst","tag-schlagzeilen","tag-weltrang","tag-wiesbaden"],"share_on_mastodon":{"url":"","error":""},"_links":{"self":[{"href":"https:\/\/www.europesays.com\/de\/wp-json\/wp\/v2\/posts\/1273831","targetHints":{"allow":["GET"]}}],"collection":[{"href":"https:\/\/www.europesays.com\/de\/wp-json\/wp\/v2\/posts"}],"about":[{"href":"https:\/\/www.europesays.com\/de\/wp-json\/wp\/v2\/types\/post"}],"author":[{"embeddable":true,"href":"https:\/\/www.europesays.com\/de\/wp-json\/wp\/v2\/users\/2"}],"replies":[{"embeddable":true,"href":"https:\/\/www.europesays.com\/de\/wp-json\/wp\/v2\/comments?post=1273831"}],"version-history":[{"count":0,"href":"https:\/\/www.europesays.com\/de\/wp-json\/wp\/v2\/posts\/1273831\/revisions"}],"wp:featuredmedia":[{"embeddable":true,"href":"https:\/\/www.europesays.com\/de\/wp-json\/wp\/v2\/media\/1273832"}],"wp:attachment":[{"href":"https:\/\/www.europesays.com\/de\/wp-json\/wp\/v2\/media?parent=1273831"}],"wp:term":[{"taxonomy":"category","embeddable":true,"href":"https:\/\/www.europesays.com\/de\/wp-json\/wp\/v2\/categories?post=1273831"},{"taxonomy":"post_tag","embeddable":true,"href":"https:\/\/www.europesays.com\/de\/wp-json\/wp\/v2\/tags?post=1273831"}],"curies":[{"name":"wp","href":"https:\/\/api.w.org\/{rel}","templated":true}]}}