{"id":1273837,"date":"2026-09-01T13:40:17","date_gmt":"2026-09-01T13:40:17","guid":{"rendered":"https:\/\/www.europesays.com\/de\/1273837\/"},"modified":"2026-09-01T13:40:17","modified_gmt":"2026-09-01T13:40:17","slug":"pol-ka-mit-herz-und-musik-gegen-armut-benefizkonzert-mit-dem-polizeimusikkorps-in","status":"publish","type":"post","link":"https:\/\/www.europesays.com\/de\/1273837\/","title":{"rendered":"POL-KA: Mit Herz und Musik gegen Armut: Benefizkonzert mit dem Polizeimusikkorps in &#8230;"},"content":{"rendered":"<p class=\"date\">01.09.2026 \u2013 15:31<\/p>\n<p class=\"customer\">\n                        <a class=\"story-customer\" title=\"weiter zum newsroom von Polizeipr\u00e4sidium Karlsruhe\" href=\"https:\/\/www.presseportal.de\/blaulicht\/nr\/110972\" rel=\"nofollow noopener\" target=\"_blank\">Polizeipr\u00e4sidium Karlsruhe<\/a>\n                    <\/p>\n<p><a data-category=\"citylink-story-view\" data-action=\"click\" data-label=\"Citylink in Meldungsansicht\" class=\"story-city event-trigger\" href=\"https:\/\/www.presseportal.de\/regional\/Karlsruhe\" title=\"News aus Karlsruhe \" rel=\"nofollow noopener\" target=\"_blank\">Karlsruhe<\/a> (ots)<\/p>\n<p>Am 24. September 2026 um 19:00 Uhr l\u00e4dt der Lions Club Karlsruhe-Residenz zu einem besonderen musikalischen Abend in die Christuskirche am M\u00fchlburger Tor ein. Gemeinsam mit dem Polizeimusikkorps Karlsruhe entsteht ein Konzert, das weit mehr ist als ein kulturelles Highlight: Es verbindet musikalische Vielfalt mit gelebter Solidarit\u00e4t.<\/p>\n<p>Unter der Leitung von Dirigent Mario Str\u00f6hm pr\u00e4sentieren rund 50 Musikerinnen und Musiker ein facettenreiches Programm von Klassik bis Pop. Mit ihren Gesangseinlagen setzen Erster Polizeihauptmeisterin Nina Hirschler und Polizeihauptkommissar a.D. Toni Bergsch besondere Akzente. Ein weiterer H\u00f6hepunkt ist das eindrucksvolle Orgelspiel von Holger Becker an der Klais-Orgel, das die besondere Akustik der Christuskirche eindrucksvoll zur Geltung bringt.<\/p>\n<p>Der Lions Club Karlsruhe-Residenz engagiert sich ehrenamtlich f\u00fcr Menschen, die von Altersarmut und Obdachlosigkeit betroffen sind. Immer mehr \u00e4ltere Menschen sind auf Unterst\u00fctzung angewiesen. Niedrige Renten treffen auf steigende Lebenshaltungskosten. Gleichzeitig f\u00fchrt finanzielle Not h\u00e4ufig zu sozialer Isolation und die Menschen vereinsamen. Mit diesem Benefizkonzert m\u00f6chten die Lions gezielt helfen, um die Lebenssituation dieser Menschen sp\u00fcrbar zu verbessern.<\/p>\n<p>Der Eintritt ist frei, Spenden sind herzlich willkommen. Der Erl\u00f6s kommt sozialen Einrichtungen in Karlsruhe zugute, die Bed\u00fcrftige mit warmen und kalten Essen, haltbaren Lebensmitteln, Kleidung, Hygieneartikeln und sicheren R\u00fcckzugsorten unterst\u00fctzen.<\/p>\n<p>Ein inspirierender Abend voller Musik, der Menschen zusammenbringt und zugleich einen wertvollen Beitrag f\u00fcr den guten Zweck leistet.<\/p>\n<p class=\"contact-headline\">R\u00fcckfragen bitte an:<\/p>\n<p class=\"contact-text\">Polizeipr\u00e4sidium Karlsruhe<br \/>Telefon: +49 721 666-1111<br \/>Fax: +49 721 666-1150<br \/>E-Mail: <a href=\"https:\/\/www.presseportal.de\/blaulicht\/pm\/110972\/mailto:karlsruhe.pp.sts.oe@polizei.bwl.de\" class=\"uri-mailto\" rel=\"nofollow noopener\" target=\"_blank\">karlsruhe.pp.sts.oe@polizei.bwl.de<\/a><br \/><a target=\"_blank\" class=\"uri-ext outbound\" rel=\"noopener nofollow\" href=\"http:\/\/www.polizei-bw.de\/\">http:\/\/www.polizei-bw.de\/<\/a><\/p>\n<p class=\"originator\">Original-Content von: Polizeipr\u00e4sidium Karlsruhe, \u00fcbermittelt durch news aktuell<\/p>\n","protected":false},"excerpt":{"rendered":"01.09.2026 \u2013 15:31 Polizeipr\u00e4sidium Karlsruhe Karlsruhe (ots) Am 24. September 2026 um 19:00 Uhr l\u00e4dt der Lions Club&hellip;\n","protected":false},"author":2,"featured_media":1266941,"comment_status":"","ping_status":"","sticky":false,"template":"","format":"standard","meta":{"footnotes":"","_share_on_mastodon":"0"},"categories":[1844],"tags":[1634,6187,3364,29,30,8903,177,121,178,180,179,181],"class_list":["post-1273837","post","type-post","status-publish","format-standard","has-post-thumbnail","category-karlsruhe","tag-baden-wuerttemberg","tag-bw","tag-de","tag-deutschland","tag-germany","tag-karlsruhe","tag-kriminalitt","tag-polizei","tag-presse","tag-pressemeldung","tag-pressemitteilung","tag-pressemitteilungen"],"share_on_mastodon":{"url":"https:\/\/pubeurope.com\/@de\/117196071075239608","error":""},"_links":{"self":[{"href":"https:\/\/www.europesays.com\/de\/wp-json\/wp\/v2\/posts\/1273837","targetHints":{"allow":["GET"]}}],"collection":[{"href":"https:\/\/www.europesays.com\/de\/wp-json\/wp\/v2\/posts"}],"about":[{"href":"https:\/\/www.europesays.com\/de\/wp-json\/wp\/v2\/types\/post"}],"author":[{"embeddable":true,"href":"https:\/\/www.europesays.com\/de\/wp-json\/wp\/v2\/users\/2"}],"replies":[{"embeddable":true,"href":"https:\/\/www.europesays.com\/de\/wp-json\/wp\/v2\/comments?post=1273837"}],"version-history":[{"count":0,"href":"https:\/\/www.europesays.com\/de\/wp-json\/wp\/v2\/posts\/1273837\/revisions"}],"wp:featuredmedia":[{"embeddable":true,"href":"https:\/\/www.europesays.com\/de\/wp-json\/wp\/v2\/media\/1266941"}],"wp:attachment":[{"href":"https:\/\/www.europesays.com\/de\/wp-json\/wp\/v2\/media?parent=1273837"}],"wp:term":[{"taxonomy":"category","embeddable":true,"href":"https:\/\/www.europesays.com\/de\/wp-json\/wp\/v2\/categories?post=1273837"},{"taxonomy":"post_tag","embeddable":true,"href":"https:\/\/www.europesays.com\/de\/wp-json\/wp\/v2\/tags?post=1273837"}],"curies":[{"name":"wp","href":"https:\/\/api.w.org\/{rel}","templated":true}]}}